{"id":1103,"date":"2011-07-21T10:27:42","date_gmt":"2011-07-21T08:27:42","guid":{"rendered":"http:\/\/rafaelramirez.co.cc\/?p=1103"},"modified":"2024-01-09T17:53:56","modified_gmt":"2024-01-09T16:53:56","slug":"el-descanso-de-sidhe-ilustracion-portada-libro-aguas-tranquilas","status":"publish","type":"post","link":"https:\/\/rafaramirez.org\/blog\/index.php\/2011\/07\/21\/el-descanso-de-sidhe-ilustracion-portada-libro-aguas-tranquilas\/","title":{"rendered":"El descanso de Sidhe. Ilustraci\u00f3n portada libro \u00abAguas tranquilas\u00bb."},"content":{"rendered":"<ul>\n<li style=\"list-style-type: none;\">\n<ul>\n<li><strong><em>\u00abEL DESCANSO DE SIDHE\u00bb ILUSTRACI\u00d3N PARA LA PORTADA DEL LIBRO \u00abAGUAS TRANQUILAS\u00bb DE LA POETISA MARI CARMEN COCA<\/em><\/strong><\/li>\n<\/ul>\n<\/li>\n<\/ul>\n<p><a href=\"https:\/\/rafaramirez.org\/blog\/wp-content\/uploads\/2011\/07\/Aguastranquilas.Ilustracionportada.RafaelRamirez.jpg\"><img loading=\"lazy\" decoding=\"async\" class=\"wp-image-2295 size-medium aligncenter\" src=\"https:\/\/rafaramirez.org\/blog\/wp-content\/uploads\/2011\/07\/Aguastranquilas.Ilustracionportada.RafaelRamirez-211x300.jpg\" alt=\"\" width=\"211\" height=\"300\" srcset=\"https:\/\/rafaramirez.org\/blog\/wp-content\/uploads\/2011\/07\/Aguastranquilas.Ilustracionportada.RafaelRamirez-211x300.jpg 211w, https:\/\/rafaramirez.org\/blog\/wp-content\/uploads\/2011\/07\/Aguastranquilas.Ilustracionportada.RafaelRamirez.jpg 421w\" sizes=\"auto, (max-width: 211px) 100vw, 211px\" \/><\/a><\/p>\n<p>&nbsp;<\/p>\n<p>Pintura a pastel realizada para el libro de poemas \u00abAguas tranquilas\u00bb.<\/p>\n<p>Datos t\u00e9cnicos de la obra:<\/p>\n<p>T\u00edtulo: El descanso de Sidhe<\/p>\n<p>T\u00e9cnica: Pastel sobre cartulina Canson<\/p>\n<p>&nbsp;<\/p>\n","protected":false},"excerpt":{"rendered":"<p>\u00abEL DESCANSO DE SIDHE\u00bb ILUSTRACI\u00d3N PARA LA PORTADA DEL LIBRO \u00abAGUAS TRANQUILAS\u00bb DE LA POETISA MARI CARMEN COCA &nbsp; Pintura a pastel realizada para el libro de poemas \u00abAguas tranquilas\u00bb. Datos t\u00e9cnicos de la obra: T\u00edtulo: El descanso de Sidhe T\u00e9cnica: Pastel sobre cartulina Canson &nbsp;<\/p>\n","protected":false},"author":1,"featured_media":2296,"comment_status":"open","ping_status":"closed","sticky":false,"template":"","format":"standard","meta":{"site-container-style":"default","site-container-layout":"default","site-sidebar-layout":"default","disable-article-header":"default","disable-site-header":"default","disable-site-footer":"default","disable-content-area-spacing":"default","_jetpack_newsletter_access":"","_jetpack_dont_email_post_to_subs":false,"_jetpack_newsletter_tier_id":0,"_jetpack_memberships_contains_paywalled_content":false,"_jetpack_feature_clip_id":0,"_jetpack_memberships_contains_paid_content":false,"footnotes":"","jetpack_publicize_message":"","jetpack_publicize_feature_enabled":true,"jetpack_social_post_already_shared":true,"jetpack_social_options":{"image_generator_settings":{"template":"highway","default_image_id":0,"font":"","enabled":false},"version":2},"jetpack_post_was_ever_published":false},"categories":[6,7],"tags":[],"class_list":["post-1103","post","type-post","status-publish","format-standard","has-post-thumbnail","hentry","category-mi-pintura","category-pintura-a-pastel"],"yoast_head":"<!-- This site is optimized with the Yoast SEO plugin v28.4 - https:\/\/yoast.com\/product\/yoast-seo-wordpress\/ -->\n<title>El descanso de Sidhe. Ilustraci\u00f3n portada libro &quot;Aguas tranquilas&quot;. - Blog de Rafael Ram\u00edrez<\/title>\n<meta name=\"robots\" content=\"index, follow, max-snippet:-1, max-image-preview:large, max-video-preview:-1\" \/>\n<link rel=\"canonical\" href=\"https:\/\/rafaramirez.org\/blog\/index.php\/2011\/07\/21\/el-descanso-de-sidhe-ilustracion-portada-libro-aguas-tranquilas\/\" \/>\n<meta property=\"og:locale\" content=\"es_ES\" \/>\n<meta property=\"og:type\" content=\"article\" \/>\n<meta property=\"og:title\" content=\"El descanso de Sidhe. Ilustraci\u00f3n portada libro &quot;Aguas tranquilas&quot;. - Blog de Rafael Ram\u00edrez\" \/>\n<meta property=\"og:description\" content=\"\u00abEL DESCANSO DE SIDHE\u00bb ILUSTRACI\u00d3N PARA LA PORTADA DEL LIBRO \u00abAGUAS TRANQUILAS\u00bb DE LA POETISA MARI CARMEN COCA &nbsp; Pintura a pastel realizada para el libro de poemas \u00abAguas tranquilas\u00bb. Datos t\u00e9cnicos de la obra: T\u00edtulo: El descanso de Sidhe T\u00e9cnica: Pastel sobre cartulina Canson &nbsp;\" \/>\n<meta property=\"og:url\" content=\"https:\/\/rafaramirez.org\/blog\/index.php\/2011\/07\/21\/el-descanso-de-sidhe-ilustracion-portada-libro-aguas-tranquilas\/\" \/>\n<meta property=\"og:site_name\" content=\"Blog de Rafael Ram\u00edrez\" \/>\n<meta property=\"article:published_time\" content=\"2011-07-21T08:27:42+00:00\" \/>\n<meta property=\"article:modified_time\" content=\"2024-01-09T16:53:56+00:00\" \/>\n<meta property=\"og:image\" content=\"https:\/\/rafaramirez.org\/blog\/wp-content\/uploads\/2011\/07\/aguastranquilas_reduc.jpg\" \/>\n\t<meta property=\"og:image:width\" content=\"600\" \/>\n\t<meta property=\"og:image:height\" content=\"275\" \/>\n\t<meta property=\"og:image:type\" content=\"image\/jpeg\" \/>\n<meta name=\"author\" content=\"Rafael Ram\u00edrez\" \/>\n<meta name=\"twitter:card\" content=\"summary_large_image\" \/>\n<meta name=\"twitter:creator\" content=\"@rafaramirez_ok\" \/>\n<meta name=\"twitter:site\" content=\"@rafaramirez_ok\" \/>\n<meta name=\"twitter:label1\" content=\"Escrito por\" \/>\n\t<meta name=\"twitter:data1\" content=\"Rafael Ram\u00edrez\" \/>\n<script type=\"application\/ld+json\" class=\"yoast-schema-graph\">{\"@context\":\"https:\\\/\\\/schema.org\",\"@graph\":[{\"@type\":\"Article\",\"@id\":\"https:\\\/\\\/rafaramirez.org\\\/blog\\\/index.php\\\/2011\\\/07\\\/21\\\/el-descanso-de-sidhe-ilustracion-portada-libro-aguas-tranquilas\\\/#article\",\"isPartOf\":{\"@id\":\"https:\\\/\\\/rafaramirez.org\\\/blog\\\/index.php\\\/2011\\\/07\\\/21\\\/el-descanso-de-sidhe-ilustracion-portada-libro-aguas-tranquilas\\\/\"},\"author\":{\"name\":\"Rafael Ram\u00edrez\",\"@id\":\"https:\\\/\\\/rafaramirez.org\\\/blog\\\/#\\\/schema\\\/person\\\/50f43b6d60c578760d4c17bda54ab6a5\"},\"headline\":\"El descanso de Sidhe. Ilustraci\u00f3n portada libro \u00abAguas tranquilas\u00bb.\",\"datePublished\":\"2011-07-21T08:27:42+00:00\",\"dateModified\":\"2024-01-09T16:53:56+00:00\",\"mainEntityOfPage\":{\"@id\":\"https:\\\/\\\/rafaramirez.org\\\/blog\\\/index.php\\\/2011\\\/07\\\/21\\\/el-descanso-de-sidhe-ilustracion-portada-libro-aguas-tranquilas\\\/\"},\"wordCount\":60,\"commentCount\":0,\"publisher\":{\"@id\":\"https:\\\/\\\/rafaramirez.org\\\/blog\\\/#\\\/schema\\\/person\\\/50f43b6d60c578760d4c17bda54ab6a5\"},\"image\":{\"@id\":\"https:\\\/\\\/rafaramirez.org\\\/blog\\\/index.php\\\/2011\\\/07\\\/21\\\/el-descanso-de-sidhe-ilustracion-portada-libro-aguas-tranquilas\\\/#primaryimage\"},\"thumbnailUrl\":\"https:\\\/\\\/rafaramirez.org\\\/blog\\\/wp-content\\\/uploads\\\/2011\\\/07\\\/aguastranquilas_reduc.jpg\",\"articleSection\":[\"Mi pintura\",\"Pintura a pastel\"],\"inLanguage\":\"es\",\"potentialAction\":[{\"@type\":\"CommentAction\",\"name\":\"Comment\",\"target\":[\"https:\\\/\\\/rafaramirez.org\\\/blog\\\/index.php\\\/2011\\\/07\\\/21\\\/el-descanso-de-sidhe-ilustracion-portada-libro-aguas-tranquilas\\\/#respond\"]}]},{\"@type\":\"WebPage\",\"@id\":\"https:\\\/\\\/rafaramirez.org\\\/blog\\\/index.php\\\/2011\\\/07\\\/21\\\/el-descanso-de-sidhe-ilustracion-portada-libro-aguas-tranquilas\\\/\",\"url\":\"https:\\\/\\\/rafaramirez.org\\\/blog\\\/index.php\\\/2011\\\/07\\\/21\\\/el-descanso-de-sidhe-ilustracion-portada-libro-aguas-tranquilas\\\/\",\"name\":\"El descanso de Sidhe. Ilustraci\u00f3n portada libro \\\"Aguas tranquilas\\\". - Blog de Rafael Ram\u00edrez\",\"isPartOf\":{\"@id\":\"https:\\\/\\\/rafaramirez.org\\\/blog\\\/#website\"},\"primaryImageOfPage\":{\"@id\":\"https:\\\/\\\/rafaramirez.org\\\/blog\\\/index.php\\\/2011\\\/07\\\/21\\\/el-descanso-de-sidhe-ilustracion-portada-libro-aguas-tranquilas\\\/#primaryimage\"},\"image\":{\"@id\":\"https:\\\/\\\/rafaramirez.org\\\/blog\\\/index.php\\\/2011\\\/07\\\/21\\\/el-descanso-de-sidhe-ilustracion-portada-libro-aguas-tranquilas\\\/#primaryimage\"},\"thumbnailUrl\":\"https:\\\/\\\/rafaramirez.org\\\/blog\\\/wp-content\\\/uploads\\\/2011\\\/07\\\/aguastranquilas_reduc.jpg\",\"datePublished\":\"2011-07-21T08:27:42+00:00\",\"dateModified\":\"2024-01-09T16:53:56+00:00\",\"breadcrumb\":{\"@id\":\"https:\\\/\\\/rafaramirez.org\\\/blog\\\/index.php\\\/2011\\\/07\\\/21\\\/el-descanso-de-sidhe-ilustracion-portada-libro-aguas-tranquilas\\\/#breadcrumb\"},\"inLanguage\":\"es\",\"potentialAction\":[{\"@type\":\"ReadAction\",\"target\":[\"https:\\\/\\\/rafaramirez.org\\\/blog\\\/index.php\\\/2011\\\/07\\\/21\\\/el-descanso-de-sidhe-ilustracion-portada-libro-aguas-tranquilas\\\/\"]}]},{\"@type\":\"ImageObject\",\"inLanguage\":\"es\",\"@id\":\"https:\\\/\\\/rafaramirez.org\\\/blog\\\/index.php\\\/2011\\\/07\\\/21\\\/el-descanso-de-sidhe-ilustracion-portada-libro-aguas-tranquilas\\\/#primaryimage\",\"url\":\"https:\\\/\\\/rafaramirez.org\\\/blog\\\/wp-content\\\/uploads\\\/2011\\\/07\\\/aguastranquilas_reduc.jpg\",\"contentUrl\":\"https:\\\/\\\/rafaramirez.org\\\/blog\\\/wp-content\\\/uploads\\\/2011\\\/07\\\/aguastranquilas_reduc.jpg\",\"width\":600,\"height\":275},{\"@type\":\"BreadcrumbList\",\"@id\":\"https:\\\/\\\/rafaramirez.org\\\/blog\\\/index.php\\\/2011\\\/07\\\/21\\\/el-descanso-de-sidhe-ilustracion-portada-libro-aguas-tranquilas\\\/#breadcrumb\",\"itemListElement\":[{\"@type\":\"ListItem\",\"position\":1,\"name\":\"Portada\",\"item\":\"https:\\\/\\\/rafaramirez.org\\\/blog\\\/\"},{\"@type\":\"ListItem\",\"position\":2,\"name\":\"El descanso de Sidhe. Ilustraci\u00f3n portada libro \u00abAguas tranquilas\u00bb.\"}]},{\"@type\":\"WebSite\",\"@id\":\"https:\\\/\\\/rafaramirez.org\\\/blog\\\/#website\",\"url\":\"https:\\\/\\\/rafaramirez.org\\\/blog\\\/\",\"name\":\"Blog de Rafael Ram\u00edrez\",\"description\":\"Un sitio social, de arte y cultura\",\"publisher\":{\"@id\":\"https:\\\/\\\/rafaramirez.org\\\/blog\\\/#\\\/schema\\\/person\\\/50f43b6d60c578760d4c17bda54ab6a5\"},\"potentialAction\":[{\"@type\":\"SearchAction\",\"target\":{\"@type\":\"EntryPoint\",\"urlTemplate\":\"https:\\\/\\\/rafaramirez.org\\\/blog\\\/?s={search_term_string}\"},\"query-input\":{\"@type\":\"PropertyValueSpecification\",\"valueRequired\":true,\"valueName\":\"search_term_string\"}}],\"inLanguage\":\"es\"},{\"@type\":[\"Person\",\"Organization\"],\"@id\":\"https:\\\/\\\/rafaramirez.org\\\/blog\\\/#\\\/schema\\\/person\\\/50f43b6d60c578760d4c17bda54ab6a5\",\"name\":\"Rafael Ram\u00edrez\",\"image\":{\"@type\":\"ImageObject\",\"inLanguage\":\"es\",\"@id\":\"https:\\\/\\\/rafaramirez.org\\\/blog\\\/wp-content\\\/uploads\\\/2024\\\/09\\\/RR_socialnetwork.jpg\",\"url\":\"https:\\\/\\\/rafaramirez.org\\\/blog\\\/wp-content\\\/uploads\\\/2024\\\/09\\\/RR_socialnetwork.jpg\",\"contentUrl\":\"https:\\\/\\\/rafaramirez.org\\\/blog\\\/wp-content\\\/uploads\\\/2024\\\/09\\\/RR_socialnetwork.jpg\",\"width\":600,\"height\":606,\"caption\":\"Rafael Ram\u00edrez\"},\"logo\":{\"@id\":\"https:\\\/\\\/rafaramirez.org\\\/blog\\\/wp-content\\\/uploads\\\/2024\\\/09\\\/RR_socialnetwork.jpg\"},\"sameAs\":[\"https:\\\/\\\/www.rafaramirez.org\\\/blog\",\"https:\\\/\\\/www.instagram.com\\\/rafaramirez_ok\\\/\",\"https:\\\/\\\/es.pinterest.com\\\/Ramirez_Rafa\\\/\",\"https:\\\/\\\/x.com\\\/rafaramirez_ok\"],\"url\":\"https:\\\/\\\/rafaramirez.org\\\/blog\\\/index.php\\\/author\\\/rafaell_qm6j97da\\\/\"}]}<\/script>\n<!-- \/ Yoast SEO plugin. -->","yoast_head_json":{"title":"El descanso de Sidhe. Ilustraci\u00f3n portada libro \"Aguas tranquilas\". - Blog de Rafael Ram\u00edrez","robots":{"index":"index","follow":"follow","max-snippet":"max-snippet:-1","max-image-preview":"max-image-preview:large","max-video-preview":"max-video-preview:-1"},"canonical":"https:\/\/rafaramirez.org\/blog\/index.php\/2011\/07\/21\/el-descanso-de-sidhe-ilustracion-portada-libro-aguas-tranquilas\/","og_locale":"es_ES","og_type":"article","og_title":"El descanso de Sidhe. Ilustraci\u00f3n portada libro \"Aguas tranquilas\". - Blog de Rafael Ram\u00edrez","og_description":"\u00abEL DESCANSO DE SIDHE\u00bb ILUSTRACI\u00d3N PARA LA PORTADA DEL LIBRO \u00abAGUAS TRANQUILAS\u00bb DE LA POETISA MARI CARMEN COCA &nbsp; Pintura a pastel realizada para el libro de poemas \u00abAguas tranquilas\u00bb. Datos t\u00e9cnicos de la obra: T\u00edtulo: El descanso de Sidhe T\u00e9cnica: Pastel sobre cartulina Canson &nbsp;","og_url":"https:\/\/rafaramirez.org\/blog\/index.php\/2011\/07\/21\/el-descanso-de-sidhe-ilustracion-portada-libro-aguas-tranquilas\/","og_site_name":"Blog de Rafael Ram\u00edrez","article_published_time":"2011-07-21T08:27:42+00:00","article_modified_time":"2024-01-09T16:53:56+00:00","og_image":[{"width":600,"height":275,"url":"https:\/\/rafaramirez.org\/blog\/wp-content\/uploads\/2011\/07\/aguastranquilas_reduc.jpg","type":"image\/jpeg"}],"author":"Rafael Ram\u00edrez","twitter_card":"summary_large_image","twitter_creator":"@rafaramirez_ok","twitter_site":"@rafaramirez_ok","twitter_misc":{"Escrito por":"Rafael Ram\u00edrez"},"schema":{"@context":"https:\/\/schema.org","@graph":[{"@type":"Article","@id":"https:\/\/rafaramirez.org\/blog\/index.php\/2011\/07\/21\/el-descanso-de-sidhe-ilustracion-portada-libro-aguas-tranquilas\/#article","isPartOf":{"@id":"https:\/\/rafaramirez.org\/blog\/index.php\/2011\/07\/21\/el-descanso-de-sidhe-ilustracion-portada-libro-aguas-tranquilas\/"},"author":{"name":"Rafael Ram\u00edrez","@id":"https:\/\/rafaramirez.org\/blog\/#\/schema\/person\/50f43b6d60c578760d4c17bda54ab6a5"},"headline":"El descanso de Sidhe. Ilustraci\u00f3n portada libro \u00abAguas tranquilas\u00bb.","datePublished":"2011-07-21T08:27:42+00:00","dateModified":"2024-01-09T16:53:56+00:00","mainEntityOfPage":{"@id":"https:\/\/rafaramirez.org\/blog\/index.php\/2011\/07\/21\/el-descanso-de-sidhe-ilustracion-portada-libro-aguas-tranquilas\/"},"wordCount":60,"commentCount":0,"publisher":{"@id":"https:\/\/rafaramirez.org\/blog\/#\/schema\/person\/50f43b6d60c578760d4c17bda54ab6a5"},"image":{"@id":"https:\/\/rafaramirez.org\/blog\/index.php\/2011\/07\/21\/el-descanso-de-sidhe-ilustracion-portada-libro-aguas-tranquilas\/#primaryimage"},"thumbnailUrl":"https:\/\/rafaramirez.org\/blog\/wp-content\/uploads\/2011\/07\/aguastranquilas_reduc.jpg","articleSection":["Mi pintura","Pintura a pastel"],"inLanguage":"es","potentialAction":[{"@type":"CommentAction","name":"Comment","target":["https:\/\/rafaramirez.org\/blog\/index.php\/2011\/07\/21\/el-descanso-de-sidhe-ilustracion-portada-libro-aguas-tranquilas\/#respond"]}]},{"@type":"WebPage","@id":"https:\/\/rafaramirez.org\/blog\/index.php\/2011\/07\/21\/el-descanso-de-sidhe-ilustracion-portada-libro-aguas-tranquilas\/","url":"https:\/\/rafaramirez.org\/blog\/index.php\/2011\/07\/21\/el-descanso-de-sidhe-ilustracion-portada-libro-aguas-tranquilas\/","name":"El descanso de Sidhe. Ilustraci\u00f3n portada libro \"Aguas tranquilas\". - Blog de Rafael Ram\u00edrez","isPartOf":{"@id":"https:\/\/rafaramirez.org\/blog\/#website"},"primaryImageOfPage":{"@id":"https:\/\/rafaramirez.org\/blog\/index.php\/2011\/07\/21\/el-descanso-de-sidhe-ilustracion-portada-libro-aguas-tranquilas\/#primaryimage"},"image":{"@id":"https:\/\/rafaramirez.org\/blog\/index.php\/2011\/07\/21\/el-descanso-de-sidhe-ilustracion-portada-libro-aguas-tranquilas\/#primaryimage"},"thumbnailUrl":"https:\/\/rafaramirez.org\/blog\/wp-content\/uploads\/2011\/07\/aguastranquilas_reduc.jpg","datePublished":"2011-07-21T08:27:42+00:00","dateModified":"2024-01-09T16:53:56+00:00","breadcrumb":{"@id":"https:\/\/rafaramirez.org\/blog\/index.php\/2011\/07\/21\/el-descanso-de-sidhe-ilustracion-portada-libro-aguas-tranquilas\/#breadcrumb"},"inLanguage":"es","potentialAction":[{"@type":"ReadAction","target":["https:\/\/rafaramirez.org\/blog\/index.php\/2011\/07\/21\/el-descanso-de-sidhe-ilustracion-portada-libro-aguas-tranquilas\/"]}]},{"@type":"ImageObject","inLanguage":"es","@id":"https:\/\/rafaramirez.org\/blog\/index.php\/2011\/07\/21\/el-descanso-de-sidhe-ilustracion-portada-libro-aguas-tranquilas\/#primaryimage","url":"https:\/\/rafaramirez.org\/blog\/wp-content\/uploads\/2011\/07\/aguastranquilas_reduc.jpg","contentUrl":"https:\/\/rafaramirez.org\/blog\/wp-content\/uploads\/2011\/07\/aguastranquilas_reduc.jpg","width":600,"height":275},{"@type":"BreadcrumbList","@id":"https:\/\/rafaramirez.org\/blog\/index.php\/2011\/07\/21\/el-descanso-de-sidhe-ilustracion-portada-libro-aguas-tranquilas\/#breadcrumb","itemListElement":[{"@type":"ListItem","position":1,"name":"Portada","item":"https:\/\/rafaramirez.org\/blog\/"},{"@type":"ListItem","position":2,"name":"El descanso de Sidhe. Ilustraci\u00f3n portada libro \u00abAguas tranquilas\u00bb."}]},{"@type":"WebSite","@id":"https:\/\/rafaramirez.org\/blog\/#website","url":"https:\/\/rafaramirez.org\/blog\/","name":"Blog de Rafael Ram\u00edrez","description":"Un sitio social, de arte y cultura","publisher":{"@id":"https:\/\/rafaramirez.org\/blog\/#\/schema\/person\/50f43b6d60c578760d4c17bda54ab6a5"},"potentialAction":[{"@type":"SearchAction","target":{"@type":"EntryPoint","urlTemplate":"https:\/\/rafaramirez.org\/blog\/?s={search_term_string}"},"query-input":{"@type":"PropertyValueSpecification","valueRequired":true,"valueName":"search_term_string"}}],"inLanguage":"es"},{"@type":["Person","Organization"],"@id":"https:\/\/rafaramirez.org\/blog\/#\/schema\/person\/50f43b6d60c578760d4c17bda54ab6a5","name":"Rafael Ram\u00edrez","image":{"@type":"ImageObject","inLanguage":"es","@id":"https:\/\/rafaramirez.org\/blog\/wp-content\/uploads\/2024\/09\/RR_socialnetwork.jpg","url":"https:\/\/rafaramirez.org\/blog\/wp-content\/uploads\/2024\/09\/RR_socialnetwork.jpg","contentUrl":"https:\/\/rafaramirez.org\/blog\/wp-content\/uploads\/2024\/09\/RR_socialnetwork.jpg","width":600,"height":606,"caption":"Rafael Ram\u00edrez"},"logo":{"@id":"https:\/\/rafaramirez.org\/blog\/wp-content\/uploads\/2024\/09\/RR_socialnetwork.jpg"},"sameAs":["https:\/\/www.rafaramirez.org\/blog","https:\/\/www.instagram.com\/rafaramirez_ok\/","https:\/\/es.pinterest.com\/Ramirez_Rafa\/","https:\/\/x.com\/rafaramirez_ok"],"url":"https:\/\/rafaramirez.org\/blog\/index.php\/author\/rafaell_qm6j97da\/"}]}},"jetpack_publicize_connections":[],"jetpack_sharing_enabled":true,"jetpack_likes_enabled":true,"jetpack_featured_media_url":"https:\/\/rafaramirez.org\/blog\/wp-content\/uploads\/2011\/07\/aguastranquilas_reduc.jpg","_links":{"self":[{"href":"https:\/\/rafaramirez.org\/blog\/index.php\/wp-json\/wp\/v2\/posts\/1103","targetHints":{"allow":["GET"]}}],"collection":[{"href":"https:\/\/rafaramirez.org\/blog\/index.php\/wp-json\/wp\/v2\/posts"}],"about":[{"href":"https:\/\/rafaramirez.org\/blog\/index.php\/wp-json\/wp\/v2\/types\/post"}],"author":[{"embeddable":true,"href":"https:\/\/rafaramirez.org\/blog\/index.php\/wp-json\/wp\/v2\/users\/1"}],"replies":[{"embeddable":true,"href":"https:\/\/rafaramirez.org\/blog\/index.php\/wp-json\/wp\/v2\/comments?post=1103"}],"version-history":[{"count":4,"href":"https:\/\/rafaramirez.org\/blog\/index.php\/wp-json\/wp\/v2\/posts\/1103\/revisions"}],"predecessor-version":[{"id":2823,"href":"https:\/\/rafaramirez.org\/blog\/index.php\/wp-json\/wp\/v2\/posts\/1103\/revisions\/2823"}],"wp:featuredmedia":[{"embeddable":true,"href":"https:\/\/rafaramirez.org\/blog\/index.php\/wp-json\/wp\/v2\/media\/2296"}],"wp:attachment":[{"href":"https:\/\/rafaramirez.org\/blog\/index.php\/wp-json\/wp\/v2\/media?parent=1103"}],"wp:term":[{"taxonomy":"category","embeddable":true,"href":"https:\/\/rafaramirez.org\/blog\/index.php\/wp-json\/wp\/v2\/categories?post=1103"},{"taxonomy":"post_tag","embeddable":true,"href":"https:\/\/rafaramirez.org\/blog\/index.php\/wp-json\/wp\/v2\/tags?post=1103"}],"curies":[{"name":"wp","href":"https:\/\/api.w.org\/{rel}","templated":true}]}}