{"id":1101,"date":"2015-05-12T19:29:49","date_gmt":"2015-05-12T17:29:49","guid":{"rendered":"http:\/\/blog.rafaramirez.org\/?p=1101"},"modified":"2021-03-22T12:41:24","modified_gmt":"2021-03-22T11:41:24","slug":"mayo-the-shepheardes-calendar","status":"publish","type":"post","link":"https:\/\/rafaramirez.org\/blog\/index.php\/2015\/05\/12\/mayo-the-shepheardes-calendar\/","title":{"rendered":"Mayo, The Shepheardes Calendar"},"content":{"rendered":"<blockquote>\n<div><em><strong><span id=\"ouHighlight__0_4TO0_4\">Mayo<\/span><\/strong><\/em><span id=\"noHighlight_0.8245164376640552\">\u00a0<\/span><span id=\"ouHighlight__6_9TO6_7\">de<\/span><span id=\"ouHighlight__11_13TO9_10\">l <\/span><a href=\"http:\/\/en.wikipedia.org\/wiki\/The_Shepheardes_Calender\" target=\"_blank\" rel=\"noopener noreferrer\"><strong><span id=\"ouHighlight__15_25TO12_22\">Shepheardes<\/span><\/strong><\/a><span id=\"noHighlight_0.9350413718971118\"> <\/span><strong><span id=\"ouHighlight__27_34TO24_31\">Calendar<\/span><span id=\"noHighlight_0.32934728811327607\">,<\/span><\/strong><span id=\"noHighlight_0.08133522668849408\"> <\/span><span id=\"ouHighlight__37_38TO34_34\">o<\/span><span id=\"noHighlight_0.16422420221500783\"> <\/span><span id=\"ouHighlight__41_42TO36_39\">como<\/span><span id=\"noHighlight_0.9376182704022804\"> <\/span><a href=\"http:\/\/es.wikipedia.org\/wiki\/Edmund_Spenser\" target=\"_blank\" rel=\"noopener noreferrer\"><span id=\"ouHighlight__44_50TO41_47\">Spenser<\/span><\/a><span id=\"noHighlight_0.7340784868367391\"> <\/span><span id=\"ouHighlight__52_56TO49_56\">escribi\u00f3 <\/span><em><span id=\"noHighlight_0.8543415130759138\">Maye<\/span><\/em><span id=\"noHighlight_0.31594482483817793\">.<\/span><span id=\"noHighlight_0.47058953758152916\"> <\/span><\/div>\n<div>\n<div><span id=\"ouHighlight__0_2TO0_3\">Esta representaci\u00f3n de Mayo<\/span><span id=\"noHighlight_0.18574527097586163\">\u00a0en<\/span><span id=\"noHighlight_0.2249179887435626\"> <\/span><span id=\"ouHighlight__9_11TO8_10\">The<\/span><span id=\"noHighlight_0.6418136712696227\"> <\/span><span id=\"ouHighlight__13_23TO12_22\">Shepheardes<\/span><span id=\"noHighlight_0.4122246827705021\"> <\/span><span id=\"ouHighlight__25_32TO24_31\">Calendar<\/span><span id=\"noHighlight_0.18667260848104605\">,<\/span><span id=\"noHighlight_0.30055772083061466\"> <\/span><span id=\"ouHighlight__35_41TO34_44\">muestra a<\/span><span id=\"noHighlight_0.7838612098515809\"> <\/span><span id=\"ouHighlight__43_45TO46_48\">dos<\/span><span id=\"noHighlight_0.2546526598587301\"> <\/span><span id=\"ouHighlight__47_55TO50_57\">pastores<\/span><span id=\"noHighlight_0.8503240638573989\">,<\/span><span id=\"noHighlight_0.611660026170842\">\u00a0<\/span><a href=\"https:\/\/books.google.es\/books?id=8Y6R6umnkJAC&amp;pg=PA208&amp;lpg=PA208&amp;dq=Piers+y+Palinodie&amp;source=bl&amp;ots=HyCdM6AjXa&amp;sig=8khjKnBJlx10763ON9Wy05MfuPE&amp;hl=es&amp;sa=X&amp;ei=XTdSVbWbJofXUarkgegL&amp;ved=0CFEQ6AEwCA#v=onepage&amp;q=Piers%20y%20Palinodie&amp;f=false\" target=\"_blank\" rel=\"noopener noreferrer\"><span id=\"ouHighlight__58_62TO60_66\">Piers<\/span><\/a><span id=\"noHighlight_0.1456973947673072\"> <\/span><span id=\"ouHighlight__64_66TO68_68\">y<\/span><span id=\"noHighlight_0.3847042286065056\"> <\/span><span id=\"ouHighlight__68_76TO70_78\">Palinodie<\/span><span id=\"noHighlight_0.12209247631866876\">,<\/span><span id=\"noHighlight_0.78511267685672\"> <\/span><span id=\"ouHighlight__79_89TO81_92\">representados<\/span><span id=\"noHighlight_0.3736279750229211\"> <\/span><span id=\"ouHighlight__91_95TO94_97\">como<\/span><span id=\"noHighlight_0.669754859095062\"> <\/span><span id=\"ouHighlight__114_114TO99_100\">un<\/span><span id=\"noHighlight_0.34785555918059446\"> <\/span><span id=\"ouHighlight__125_132TO102_109\">ministro<\/span><span id=\"noHighlight_0.5271067333526067\"> <\/span><span id=\"ouHighlight__116_123TO111_118\">cat\u00f3lico<\/span><span id=\"noHighlight_0.10378472340870776\"> <\/span><span id=\"ouHighlight__110_112TO120_120\">y<\/span><span id=\"noHighlight_0.7444741490986311\"> <\/span><span id=\"ouHighlight__97_97TO122_123\">un<\/span><span id=\"noHighlight_0.2025478779257761\"> <\/span><span id=\"ouHighlight__99_108TO125_135\">protestante<\/span><span id=\"noHighlight_0.9549347218892954\">.<\/span><span id=\"noHighlight_0.3915791377588857\"> <\/span><span id=\"ouHighlight__135_136TO138_139\">En<\/span><span id=\"noHighlight_0.192279545572635\"> <\/span><span id=\"ouHighlight__138_140TO141_142\">el<\/span><span id=\"noHighlight_0.4518636446754035\"> <\/span><span id=\"ouHighlight__142_144TO144_148\">cielo<\/span><span id=\"noHighlight_0.22246790464229432\"> <\/span><span id=\"ouHighlight__146_147TO150_156\">podemos<\/span><span id=\"noHighlight_0.7963236133099478\"> <\/span><span id=\"ouHighlight__149_151TO158_160\">ver<\/span><span id=\"noHighlight_0.7483898647825511\"> <\/span><span id=\"ouHighlight__153_155TO162_163\">el<\/span><span id=\"noHighlight_0.27734549342052567\"> <\/span><span id=\"ouHighlight__164_167TO165_169\">signo<\/span><span id=\"noHighlight_0.5692262294998007\"> <\/span><span id=\"ouHighlight__157_162TO171_178\">zodiacal<\/span><span id=\"noHighlight_0.3400449384152632\"> <\/span><span id=\"ouHighlight__169_171TO180_181\">de<\/span><span id=\"noHighlight_0.22519265106012637\"> <\/span><span id=\"ouHighlight__173_178TO183_189\">G\u00e9minis<\/span><span id=\"noHighlight_0.5679658871737587\">,<\/span><span id=\"noHighlight_0.07236821225213558\"> <\/span><span id=\"ouHighlight__181_193TO192_200\">junto con<\/span><span id=\"noHighlight_0.747991185974341\"> <\/span><span id=\"ouHighlight__195_197TO202_204\">los<\/span><span id=\"noHighlight_0.15067861908593966\"> <\/span><span id=\"ouHighlight__199_203TO206_212\">gemelos<\/span><span id=\"noHighlight_0.5354094861645008\">.<\/span><\/div>\n<\/div>\n<\/blockquote>\n<p>Puede encontrar esta imagen libre, para uso no comercial en diferentes tama\u00f1os en:<\/p>\n<p><strong><a href=\"http:\/\/www.fromoldbooks.org\/Renwick-Spenser\/pages\/Calendar-05-May\/\" target=\"_blank\" rel=\"noopener noreferrer\">From Old Books<\/a><\/strong><\/p>\n<p>Del Libro <a href=\"http:\/\/www.fromoldbooks.org\/Renwick-Spenser\/\" target=\"_blank\" rel=\"noopener noreferrer\"><span style=\"text-decoration: underline;\"><span style=\"color: #0066cc;\"><span class=\"title\">\u201cThe Works of Edmund Spenser, Volume I\u201d<\/span> (1930)<\/span><\/span><\/a><\/p>\n","protected":false},"excerpt":{"rendered":"<p>Mayo\u00a0del Shepheardes Calendar, o como Spenser escribi\u00f3 Maye. Esta representaci\u00f3n de Mayo\u00a0en The Shepheardes Calendar, muestra a dos pastores,\u00a0Piers y Palinodie, representados como un ministro cat\u00f3lico y un protestante. En el cielo podemos ver el signo zodiacal de G\u00e9minis, junto con los gemelos. Puede encontrar esta imagen libre, para uso no comercial en diferentes tama\u00f1os [&hellip;]<\/p>\n","protected":false},"author":1,"featured_media":2326,"comment_status":"open","ping_status":"closed","sticky":false,"template":"","format":"standard","meta":{"site-container-style":"default","site-container-layout":"default","site-sidebar-layout":"default","disable-article-header":"default","disable-site-header":"default","disable-site-footer":"default","disable-content-area-spacing":"default","_jetpack_newsletter_access":"","_jetpack_dont_email_post_to_subs":false,"_jetpack_newsletter_tier_id":0,"_jetpack_memberships_contains_paywalled_content":false,"_jetpack_feature_clip_id":0,"_jetpack_memberships_contains_paid_content":false,"footnotes":"","jetpack_publicize_message":"","jetpack_publicize_feature_enabled":true,"jetpack_social_post_already_shared":true,"jetpack_social_options":{"image_generator_settings":{"template":"highway","default_image_id":0,"font":"","enabled":false},"version":2},"jetpack_post_was_ever_published":false},"categories":[12],"tags":[139,471,509],"class_list":["post-1101","post","type-post","status-publish","format-standard","has-post-thumbnail","hentry","category-vintage","tag-destacado","tag-the-shepheardes-calendar","tag-vintage"],"yoast_head":"<!-- This site is optimized with the Yoast SEO plugin v28.4 - https:\/\/yoast.com\/product\/yoast-seo-wordpress\/ -->\n<title>Mayo, The Shepheardes Calendar - Blog de Rafael Ram\u00edrez<\/title>\n<meta name=\"robots\" content=\"index, follow, max-snippet:-1, max-image-preview:large, max-video-preview:-1\" \/>\n<link rel=\"canonical\" href=\"https:\/\/rafaramirez.org\/blog\/index.php\/2015\/05\/12\/mayo-the-shepheardes-calendar\/\" \/>\n<meta property=\"og:locale\" content=\"es_ES\" \/>\n<meta property=\"og:type\" content=\"article\" \/>\n<meta property=\"og:title\" content=\"Mayo, The Shepheardes Calendar - Blog de Rafael Ram\u00edrez\" \/>\n<meta property=\"og:description\" content=\"Mayo\u00a0del Shepheardes Calendar, o como Spenser escribi\u00f3 Maye. Esta representaci\u00f3n de Mayo\u00a0en The Shepheardes Calendar, muestra a dos pastores,\u00a0Piers y Palinodie, representados como un ministro cat\u00f3lico y un protestante. En el cielo podemos ver el signo zodiacal de G\u00e9minis, junto con los gemelos. Puede encontrar esta imagen libre, para uso no comercial en diferentes tama\u00f1os [&hellip;]\" \/>\n<meta property=\"og:url\" content=\"https:\/\/rafaramirez.org\/blog\/index.php\/2015\/05\/12\/mayo-the-shepheardes-calendar\/\" \/>\n<meta property=\"og:site_name\" content=\"Blog de Rafael Ram\u00edrez\" \/>\n<meta property=\"article:published_time\" content=\"2015-05-12T17:29:49+00:00\" \/>\n<meta property=\"article:modified_time\" content=\"2021-03-22T11:41:24+00:00\" \/>\n<meta property=\"og:image\" content=\"https:\/\/rafaramirez.org\/blog\/wp-content\/uploads\/2015\/05\/Calendar-05-May-q75-500x412-2.jpg\" \/>\n\t<meta property=\"og:image:width\" content=\"500\" \/>\n\t<meta property=\"og:image:height\" content=\"412\" \/>\n\t<meta property=\"og:image:type\" content=\"image\/jpeg\" \/>\n<meta name=\"author\" content=\"Rafael Ram\u00edrez\" \/>\n<meta name=\"twitter:card\" content=\"summary_large_image\" \/>\n<meta name=\"twitter:creator\" content=\"@rafaramirez_ok\" \/>\n<meta name=\"twitter:site\" content=\"@rafaramirez_ok\" \/>\n<meta name=\"twitter:label1\" content=\"Escrito por\" \/>\n\t<meta name=\"twitter:data1\" content=\"Rafael Ram\u00edrez\" \/>\n<script type=\"application\/ld+json\" class=\"yoast-schema-graph\">{\"@context\":\"https:\\\/\\\/schema.org\",\"@graph\":[{\"@type\":\"Article\",\"@id\":\"https:\\\/\\\/rafaramirez.org\\\/blog\\\/index.php\\\/2015\\\/05\\\/12\\\/mayo-the-shepheardes-calendar\\\/#article\",\"isPartOf\":{\"@id\":\"https:\\\/\\\/rafaramirez.org\\\/blog\\\/index.php\\\/2015\\\/05\\\/12\\\/mayo-the-shepheardes-calendar\\\/\"},\"author\":{\"name\":\"Rafael Ram\u00edrez\",\"@id\":\"https:\\\/\\\/rafaramirez.org\\\/blog\\\/#\\\/schema\\\/person\\\/50f43b6d60c578760d4c17bda54ab6a5\"},\"headline\":\"Mayo, The Shepheardes Calendar\",\"datePublished\":\"2015-05-12T17:29:49+00:00\",\"dateModified\":\"2021-03-22T11:41:24+00:00\",\"mainEntityOfPage\":{\"@id\":\"https:\\\/\\\/rafaramirez.org\\\/blog\\\/index.php\\\/2015\\\/05\\\/12\\\/mayo-the-shepheardes-calendar\\\/\"},\"wordCount\":80,\"commentCount\":0,\"publisher\":{\"@id\":\"https:\\\/\\\/rafaramirez.org\\\/blog\\\/#\\\/schema\\\/person\\\/50f43b6d60c578760d4c17bda54ab6a5\"},\"image\":{\"@id\":\"https:\\\/\\\/rafaramirez.org\\\/blog\\\/index.php\\\/2015\\\/05\\\/12\\\/mayo-the-shepheardes-calendar\\\/#primaryimage\"},\"thumbnailUrl\":\"https:\\\/\\\/rafaramirez.org\\\/blog\\\/wp-content\\\/uploads\\\/2015\\\/05\\\/Calendar-05-May-q75-500x412-2.jpg\",\"keywords\":[\"destacado\",\"The Shepheardes Calendar\",\"vintage\"],\"articleSection\":[\"Vintage\"],\"inLanguage\":\"es\",\"potentialAction\":[{\"@type\":\"CommentAction\",\"name\":\"Comment\",\"target\":[\"https:\\\/\\\/rafaramirez.org\\\/blog\\\/index.php\\\/2015\\\/05\\\/12\\\/mayo-the-shepheardes-calendar\\\/#respond\"]}]},{\"@type\":\"WebPage\",\"@id\":\"https:\\\/\\\/rafaramirez.org\\\/blog\\\/index.php\\\/2015\\\/05\\\/12\\\/mayo-the-shepheardes-calendar\\\/\",\"url\":\"https:\\\/\\\/rafaramirez.org\\\/blog\\\/index.php\\\/2015\\\/05\\\/12\\\/mayo-the-shepheardes-calendar\\\/\",\"name\":\"Mayo, The Shepheardes Calendar - Blog de Rafael Ram\u00edrez\",\"isPartOf\":{\"@id\":\"https:\\\/\\\/rafaramirez.org\\\/blog\\\/#website\"},\"primaryImageOfPage\":{\"@id\":\"https:\\\/\\\/rafaramirez.org\\\/blog\\\/index.php\\\/2015\\\/05\\\/12\\\/mayo-the-shepheardes-calendar\\\/#primaryimage\"},\"image\":{\"@id\":\"https:\\\/\\\/rafaramirez.org\\\/blog\\\/index.php\\\/2015\\\/05\\\/12\\\/mayo-the-shepheardes-calendar\\\/#primaryimage\"},\"thumbnailUrl\":\"https:\\\/\\\/rafaramirez.org\\\/blog\\\/wp-content\\\/uploads\\\/2015\\\/05\\\/Calendar-05-May-q75-500x412-2.jpg\",\"datePublished\":\"2015-05-12T17:29:49+00:00\",\"dateModified\":\"2021-03-22T11:41:24+00:00\",\"breadcrumb\":{\"@id\":\"https:\\\/\\\/rafaramirez.org\\\/blog\\\/index.php\\\/2015\\\/05\\\/12\\\/mayo-the-shepheardes-calendar\\\/#breadcrumb\"},\"inLanguage\":\"es\",\"potentialAction\":[{\"@type\":\"ReadAction\",\"target\":[\"https:\\\/\\\/rafaramirez.org\\\/blog\\\/index.php\\\/2015\\\/05\\\/12\\\/mayo-the-shepheardes-calendar\\\/\"]}]},{\"@type\":\"ImageObject\",\"inLanguage\":\"es\",\"@id\":\"https:\\\/\\\/rafaramirez.org\\\/blog\\\/index.php\\\/2015\\\/05\\\/12\\\/mayo-the-shepheardes-calendar\\\/#primaryimage\",\"url\":\"https:\\\/\\\/rafaramirez.org\\\/blog\\\/wp-content\\\/uploads\\\/2015\\\/05\\\/Calendar-05-May-q75-500x412-2.jpg\",\"contentUrl\":\"https:\\\/\\\/rafaramirez.org\\\/blog\\\/wp-content\\\/uploads\\\/2015\\\/05\\\/Calendar-05-May-q75-500x412-2.jpg\",\"width\":500,\"height\":412},{\"@type\":\"BreadcrumbList\",\"@id\":\"https:\\\/\\\/rafaramirez.org\\\/blog\\\/index.php\\\/2015\\\/05\\\/12\\\/mayo-the-shepheardes-calendar\\\/#breadcrumb\",\"itemListElement\":[{\"@type\":\"ListItem\",\"position\":1,\"name\":\"Portada\",\"item\":\"https:\\\/\\\/rafaramirez.org\\\/blog\\\/\"},{\"@type\":\"ListItem\",\"position\":2,\"name\":\"Mayo, The Shepheardes Calendar\"}]},{\"@type\":\"WebSite\",\"@id\":\"https:\\\/\\\/rafaramirez.org\\\/blog\\\/#website\",\"url\":\"https:\\\/\\\/rafaramirez.org\\\/blog\\\/\",\"name\":\"Blog de Rafael Ram\u00edrez\",\"description\":\"Un sitio social, de arte y cultura\",\"publisher\":{\"@id\":\"https:\\\/\\\/rafaramirez.org\\\/blog\\\/#\\\/schema\\\/person\\\/50f43b6d60c578760d4c17bda54ab6a5\"},\"potentialAction\":[{\"@type\":\"SearchAction\",\"target\":{\"@type\":\"EntryPoint\",\"urlTemplate\":\"https:\\\/\\\/rafaramirez.org\\\/blog\\\/?s={search_term_string}\"},\"query-input\":{\"@type\":\"PropertyValueSpecification\",\"valueRequired\":true,\"valueName\":\"search_term_string\"}}],\"inLanguage\":\"es\"},{\"@type\":[\"Person\",\"Organization\"],\"@id\":\"https:\\\/\\\/rafaramirez.org\\\/blog\\\/#\\\/schema\\\/person\\\/50f43b6d60c578760d4c17bda54ab6a5\",\"name\":\"Rafael Ram\u00edrez\",\"image\":{\"@type\":\"ImageObject\",\"inLanguage\":\"es\",\"@id\":\"https:\\\/\\\/rafaramirez.org\\\/blog\\\/wp-content\\\/uploads\\\/2024\\\/09\\\/RR_socialnetwork.jpg\",\"url\":\"https:\\\/\\\/rafaramirez.org\\\/blog\\\/wp-content\\\/uploads\\\/2024\\\/09\\\/RR_socialnetwork.jpg\",\"contentUrl\":\"https:\\\/\\\/rafaramirez.org\\\/blog\\\/wp-content\\\/uploads\\\/2024\\\/09\\\/RR_socialnetwork.jpg\",\"width\":600,\"height\":606,\"caption\":\"Rafael Ram\u00edrez\"},\"logo\":{\"@id\":\"https:\\\/\\\/rafaramirez.org\\\/blog\\\/wp-content\\\/uploads\\\/2024\\\/09\\\/RR_socialnetwork.jpg\"},\"sameAs\":[\"https:\\\/\\\/www.rafaramirez.org\\\/blog\",\"https:\\\/\\\/www.instagram.com\\\/rafaramirez_ok\\\/\",\"https:\\\/\\\/es.pinterest.com\\\/Ramirez_Rafa\\\/\",\"https:\\\/\\\/x.com\\\/rafaramirez_ok\"],\"url\":\"https:\\\/\\\/rafaramirez.org\\\/blog\\\/index.php\\\/author\\\/rafaell_qm6j97da\\\/\"}]}<\/script>\n<!-- \/ Yoast SEO plugin. -->","yoast_head_json":{"title":"Mayo, The Shepheardes Calendar - Blog de Rafael Ram\u00edrez","robots":{"index":"index","follow":"follow","max-snippet":"max-snippet:-1","max-image-preview":"max-image-preview:large","max-video-preview":"max-video-preview:-1"},"canonical":"https:\/\/rafaramirez.org\/blog\/index.php\/2015\/05\/12\/mayo-the-shepheardes-calendar\/","og_locale":"es_ES","og_type":"article","og_title":"Mayo, The Shepheardes Calendar - Blog de Rafael Ram\u00edrez","og_description":"Mayo\u00a0del Shepheardes Calendar, o como Spenser escribi\u00f3 Maye. Esta representaci\u00f3n de Mayo\u00a0en The Shepheardes Calendar, muestra a dos pastores,\u00a0Piers y Palinodie, representados como un ministro cat\u00f3lico y un protestante. En el cielo podemos ver el signo zodiacal de G\u00e9minis, junto con los gemelos. Puede encontrar esta imagen libre, para uso no comercial en diferentes tama\u00f1os [&hellip;]","og_url":"https:\/\/rafaramirez.org\/blog\/index.php\/2015\/05\/12\/mayo-the-shepheardes-calendar\/","og_site_name":"Blog de Rafael Ram\u00edrez","article_published_time":"2015-05-12T17:29:49+00:00","article_modified_time":"2021-03-22T11:41:24+00:00","og_image":[{"width":500,"height":412,"url":"https:\/\/rafaramirez.org\/blog\/wp-content\/uploads\/2015\/05\/Calendar-05-May-q75-500x412-2.jpg","type":"image\/jpeg"}],"author":"Rafael Ram\u00edrez","twitter_card":"summary_large_image","twitter_creator":"@rafaramirez_ok","twitter_site":"@rafaramirez_ok","twitter_misc":{"Escrito por":"Rafael Ram\u00edrez"},"schema":{"@context":"https:\/\/schema.org","@graph":[{"@type":"Article","@id":"https:\/\/rafaramirez.org\/blog\/index.php\/2015\/05\/12\/mayo-the-shepheardes-calendar\/#article","isPartOf":{"@id":"https:\/\/rafaramirez.org\/blog\/index.php\/2015\/05\/12\/mayo-the-shepheardes-calendar\/"},"author":{"name":"Rafael Ram\u00edrez","@id":"https:\/\/rafaramirez.org\/blog\/#\/schema\/person\/50f43b6d60c578760d4c17bda54ab6a5"},"headline":"Mayo, The Shepheardes Calendar","datePublished":"2015-05-12T17:29:49+00:00","dateModified":"2021-03-22T11:41:24+00:00","mainEntityOfPage":{"@id":"https:\/\/rafaramirez.org\/blog\/index.php\/2015\/05\/12\/mayo-the-shepheardes-calendar\/"},"wordCount":80,"commentCount":0,"publisher":{"@id":"https:\/\/rafaramirez.org\/blog\/#\/schema\/person\/50f43b6d60c578760d4c17bda54ab6a5"},"image":{"@id":"https:\/\/rafaramirez.org\/blog\/index.php\/2015\/05\/12\/mayo-the-shepheardes-calendar\/#primaryimage"},"thumbnailUrl":"https:\/\/rafaramirez.org\/blog\/wp-content\/uploads\/2015\/05\/Calendar-05-May-q75-500x412-2.jpg","keywords":["destacado","The Shepheardes Calendar","vintage"],"articleSection":["Vintage"],"inLanguage":"es","potentialAction":[{"@type":"CommentAction","name":"Comment","target":["https:\/\/rafaramirez.org\/blog\/index.php\/2015\/05\/12\/mayo-the-shepheardes-calendar\/#respond"]}]},{"@type":"WebPage","@id":"https:\/\/rafaramirez.org\/blog\/index.php\/2015\/05\/12\/mayo-the-shepheardes-calendar\/","url":"https:\/\/rafaramirez.org\/blog\/index.php\/2015\/05\/12\/mayo-the-shepheardes-calendar\/","name":"Mayo, The Shepheardes Calendar - Blog de Rafael Ram\u00edrez","isPartOf":{"@id":"https:\/\/rafaramirez.org\/blog\/#website"},"primaryImageOfPage":{"@id":"https:\/\/rafaramirez.org\/blog\/index.php\/2015\/05\/12\/mayo-the-shepheardes-calendar\/#primaryimage"},"image":{"@id":"https:\/\/rafaramirez.org\/blog\/index.php\/2015\/05\/12\/mayo-the-shepheardes-calendar\/#primaryimage"},"thumbnailUrl":"https:\/\/rafaramirez.org\/blog\/wp-content\/uploads\/2015\/05\/Calendar-05-May-q75-500x412-2.jpg","datePublished":"2015-05-12T17:29:49+00:00","dateModified":"2021-03-22T11:41:24+00:00","breadcrumb":{"@id":"https:\/\/rafaramirez.org\/blog\/index.php\/2015\/05\/12\/mayo-the-shepheardes-calendar\/#breadcrumb"},"inLanguage":"es","potentialAction":[{"@type":"ReadAction","target":["https:\/\/rafaramirez.org\/blog\/index.php\/2015\/05\/12\/mayo-the-shepheardes-calendar\/"]}]},{"@type":"ImageObject","inLanguage":"es","@id":"https:\/\/rafaramirez.org\/blog\/index.php\/2015\/05\/12\/mayo-the-shepheardes-calendar\/#primaryimage","url":"https:\/\/rafaramirez.org\/blog\/wp-content\/uploads\/2015\/05\/Calendar-05-May-q75-500x412-2.jpg","contentUrl":"https:\/\/rafaramirez.org\/blog\/wp-content\/uploads\/2015\/05\/Calendar-05-May-q75-500x412-2.jpg","width":500,"height":412},{"@type":"BreadcrumbList","@id":"https:\/\/rafaramirez.org\/blog\/index.php\/2015\/05\/12\/mayo-the-shepheardes-calendar\/#breadcrumb","itemListElement":[{"@type":"ListItem","position":1,"name":"Portada","item":"https:\/\/rafaramirez.org\/blog\/"},{"@type":"ListItem","position":2,"name":"Mayo, The Shepheardes Calendar"}]},{"@type":"WebSite","@id":"https:\/\/rafaramirez.org\/blog\/#website","url":"https:\/\/rafaramirez.org\/blog\/","name":"Blog de Rafael Ram\u00edrez","description":"Un sitio social, de arte y cultura","publisher":{"@id":"https:\/\/rafaramirez.org\/blog\/#\/schema\/person\/50f43b6d60c578760d4c17bda54ab6a5"},"potentialAction":[{"@type":"SearchAction","target":{"@type":"EntryPoint","urlTemplate":"https:\/\/rafaramirez.org\/blog\/?s={search_term_string}"},"query-input":{"@type":"PropertyValueSpecification","valueRequired":true,"valueName":"search_term_string"}}],"inLanguage":"es"},{"@type":["Person","Organization"],"@id":"https:\/\/rafaramirez.org\/blog\/#\/schema\/person\/50f43b6d60c578760d4c17bda54ab6a5","name":"Rafael Ram\u00edrez","image":{"@type":"ImageObject","inLanguage":"es","@id":"https:\/\/rafaramirez.org\/blog\/wp-content\/uploads\/2024\/09\/RR_socialnetwork.jpg","url":"https:\/\/rafaramirez.org\/blog\/wp-content\/uploads\/2024\/09\/RR_socialnetwork.jpg","contentUrl":"https:\/\/rafaramirez.org\/blog\/wp-content\/uploads\/2024\/09\/RR_socialnetwork.jpg","width":600,"height":606,"caption":"Rafael Ram\u00edrez"},"logo":{"@id":"https:\/\/rafaramirez.org\/blog\/wp-content\/uploads\/2024\/09\/RR_socialnetwork.jpg"},"sameAs":["https:\/\/www.rafaramirez.org\/blog","https:\/\/www.instagram.com\/rafaramirez_ok\/","https:\/\/es.pinterest.com\/Ramirez_Rafa\/","https:\/\/x.com\/rafaramirez_ok"],"url":"https:\/\/rafaramirez.org\/blog\/index.php\/author\/rafaell_qm6j97da\/"}]}},"jetpack_publicize_connections":[],"jetpack_sharing_enabled":true,"jetpack_likes_enabled":true,"jetpack_featured_media_url":"https:\/\/rafaramirez.org\/blog\/wp-content\/uploads\/2015\/05\/Calendar-05-May-q75-500x412-2.jpg","_links":{"self":[{"href":"https:\/\/rafaramirez.org\/blog\/index.php\/wp-json\/wp\/v2\/posts\/1101","targetHints":{"allow":["GET"]}}],"collection":[{"href":"https:\/\/rafaramirez.org\/blog\/index.php\/wp-json\/wp\/v2\/posts"}],"about":[{"href":"https:\/\/rafaramirez.org\/blog\/index.php\/wp-json\/wp\/v2\/types\/post"}],"author":[{"embeddable":true,"href":"https:\/\/rafaramirez.org\/blog\/index.php\/wp-json\/wp\/v2\/users\/1"}],"replies":[{"embeddable":true,"href":"https:\/\/rafaramirez.org\/blog\/index.php\/wp-json\/wp\/v2\/comments?post=1101"}],"version-history":[{"count":2,"href":"https:\/\/rafaramirez.org\/blog\/index.php\/wp-json\/wp\/v2\/posts\/1101\/revisions"}],"predecessor-version":[{"id":2328,"href":"https:\/\/rafaramirez.org\/blog\/index.php\/wp-json\/wp\/v2\/posts\/1101\/revisions\/2328"}],"wp:featuredmedia":[{"embeddable":true,"href":"https:\/\/rafaramirez.org\/blog\/index.php\/wp-json\/wp\/v2\/media\/2326"}],"wp:attachment":[{"href":"https:\/\/rafaramirez.org\/blog\/index.php\/wp-json\/wp\/v2\/media?parent=1101"}],"wp:term":[{"taxonomy":"category","embeddable":true,"href":"https:\/\/rafaramirez.org\/blog\/index.php\/wp-json\/wp\/v2\/categories?post=1101"},{"taxonomy":"post_tag","embeddable":true,"href":"https:\/\/rafaramirez.org\/blog\/index.php\/wp-json\/wp\/v2\/tags?post=1101"}],"curies":[{"name":"wp","href":"https:\/\/api.w.org\/{rel}","templated":true}]}}