{"id":10715,"date":"2025-10-23T08:00:58","date_gmt":"2025-10-23T06:00:58","guid":{"rendered":"https:\/\/rafaramirez.org\/blog\/?p=10715"},"modified":"2026-07-14T11:41:59","modified_gmt":"2026-07-14T09:41:59","slug":"realismo-del-mito-a-la-realidad-el-arte-que-retrato-la-vida-comun","status":"publish","type":"post","link":"https:\/\/rafaramirez.org\/blog\/index.php\/2025\/10\/23\/realismo-del-mito-a-la-realidad-el-arte-que-retrato-la-vida-comun\/","title":{"rendered":"Realismo: del mito a la realidad, el arte que retrat\u00f3 la vida com\u00fan."},"content":{"rendered":"<p>El Realismo en la pintura fue un movimiento art\u00edstico surgido en Francia a mediados del siglo XIX, como reacci\u00f3n contra el idealismo del Romanticismo y el academicismo cl\u00e1sico. Su principal impulsor fue <a href=\"https:\/\/rafaramirez.org\/blog\/index.php\/2025\/01\/08\/gustave-courbet\/\" target=\"_blank\" rel=\"noopener\">Gustave Courbet<\/a>, quien defend\u00eda que el arte deb\u00eda representar la realidad tal y como es, sin embellecerla ni disfrazarla.<\/p>\n<h3>Contexto hist\u00f3rico.<\/h3>\n<p>El Realismo en la pintura naci\u00f3 en el convulso siglo XIX. Francia, cuna de este movimiento, hab\u00eda vivido la Revoluci\u00f3n de 1848, con sus promesas de igualdad y justicia social, que pronto se vieron frustradas bajo el Segundo Imperio de Napole\u00f3n III. A este desencanto pol\u00edtico se sumaba la transformaci\u00f3n radical que tra\u00eda la industrializaci\u00f3n: f\u00e1bricas, migraciones masivas del campo a la ciudad, nuevas formas de pobreza urbana y tensiones de clase que ya no se pod\u00edan ignorar.<\/p>\n<p>En paralelo, la ciencia y la filosof\u00eda estaban cambiando la forma de ver el mundo. El positivismo de Auguste Comte defend\u00eda que el conocimiento deb\u00eda basarse en hechos observables y la teor\u00eda de la evoluci\u00f3n de Darwin reforzaba la idea de que la vida pod\u00eda estudiarse con objetividad. Esta mentalidad tambi\u00e9n impregn\u00f3 el arte: los pintores comenzaron a pensar que su tarea no era inventar mundos idealizados, sino observar y mostrar lo que ten\u00edan delante con la misma crudeza con la que un cient\u00edfico describe un fen\u00f3meno natural.<\/p>\n<p>El Romanticismo, con su exaltaci\u00f3n de lo subjetivo, lo heroico y lo ex\u00f3tico, empez\u00f3 a parecer un refugio evasivo. Frente a \u00e9l, el Realismo se propuso dignificar lo cotidiano: campesinos, obreros, mujeres comunes, escenas de trabajo o de duelo. <a href=\"https:\/\/rafaramirez.org\/blog\/index.php\/2025\/01\/08\/gustave-courbet\/\" target=\"_blank\" rel=\"noopener\">Courbet<\/a>, <a href=\"https:\/\/rafaramirez.org\/blog\/index.php\/2024\/11\/19\/jean-francois-millet\/\" target=\"_blank\" rel=\"noopener\">Millet<\/a> o Daumier no buscaban embellecer, sino dar testimonio. En cierto modo, el Realismo fue tanto un movimiento art\u00edstico como una postura \u00e9tica, una forma de afirmar que la vida real, con toda su crudeza y su dignidad, merec\u00eda ocupar el centro del lienzo.<\/p>\n<p>Lo interesante es que, al plasmar en el lienzo lo inmediato \u2014un entierro en un pueblo, mujeres recogiendo espigas, un vag\u00f3n de tercera clase\u2014, esos artistas estaban creando memoria colectiva. Lo ef\u00edmero se volv\u00eda s\u00edmbolo y lo humilde adquir\u00eda la fuerza de lo universal.<\/p>\n<h3>Caracter\u00edsticas principales del realismo.<\/h3>\n<p>El Realismo pict\u00f3rico se distingue por una serie de rasgos que supusieron una ruptura radical con la tradici\u00f3n acad\u00e9mica y rom\u00e1ntica de su \u00e9poca. No se trataba solo de un estilo, sino de una postura ante el mundo.<\/p>\n<p>En primer lugar, los realistas eligieron como protagonistas a personas comunes: campesinos, obreros, mujeres del pueblo, escenas de trabajo o de duelo. Lo que antes se consideraba indigno de un gran lienzo se elev\u00f3 a la categor\u00eda de tema central. <a href=\"https:\/\/rafaramirez.org\/blog\/index.php\/2025\/01\/08\/gustave-courbet\/\" target=\"_blank\" rel=\"noopener\">Courbet<\/a>, por ejemplo, pintaba a picapedreros o entierros rurales en formatos monumentales, otorg\u00e1ndoles la misma dignidad que antes se reservaba a reyes o h\u00e9roes.<\/p>\n<p>La tem\u00e1tica cotidiana iba acompa\u00f1ada de un rechazo al idealismo. No hab\u00eda lugar para embellecer ni suavizar: se mostraba la crudeza de la vida tal cual era, con sus durezas y su verdad. Esto tambi\u00e9n se reflejaba en la paleta crom\u00e1tica, m\u00e1s sobria y terrosa, con predominio de ocres, marrones y grises, que transmit\u00edan gravedad y realismo.<\/p>\n<p>Otro rasgo esencial fue la dimensi\u00f3n social y cr\u00edtica. Muchas obras no solo documentaban la vida popular, sino que tambi\u00e9n denunciaban las desigualdades y las condiciones de los m\u00e1s desfavorecidos. En este sentido, el Realismo fue un arte comprometido, casi pol\u00edtico, que buscaba abrir los ojos del espectador a la realidad de su tiempo.<\/p>\n<p>Finalmente, cabe destacar la objetividad en la representaci\u00f3n. Los realistas aspiraban a observar con la misma precisi\u00f3n que un cient\u00edfico, sin recurrir a alegor\u00edas ni a lo sublime. El arte deb\u00eda ser un reflejo de la realidad inmediata, no una evasi\u00f3n.<\/p>\n<p>En conjunto, el Realismo fue un movimiento que dignific\u00f3 lo com\u00fan, transformando lo ef\u00edmero en memoria y lo humilde en s\u00edmbolo. Lo fascinante es c\u00f3mo este movimiento, aun en su crudeza, consigui\u00f3 que lo cotidiano se volviera universal.<\/p>\n<h3>Pintores destacados de este movimiento.<\/h3>\n<p>El Realismo pict\u00f3rico tuvo una constelaci\u00f3n de artistas que marcaron un antes y un despu\u00e9s en la historia del arte, cada uno aportando su mirada particular sobre lo cotidiano y lo social.<\/p>\n<ul>\n<li><a href=\"https:\/\/rafaramirez.org\/blog\/index.php\/2025\/01\/08\/gustave-courbet\/\" target=\"_blank\" rel=\"noopener\">Gustave Courbet<\/a>: considerado el gran fundador del movimiento. Obras como Entierro en Ornans (1849) o Los picapedreros (1849) escandalizaron a la cr\u00edtica porque mostraban campesinos y obreros en formatos monumentales, con la misma dignidad que antes se reservaba a h\u00e9roes o reyes. Courbet defend\u00eda que el arte deb\u00eda ser \u201cun espejo de la realidad\u201d.\n<p><figure id=\"attachment_7633\" aria-describedby=\"caption-attachment-7633\" style=\"width: 234px\" class=\"wp-caption aligncenter\"><a href=\"https:\/\/rafaramirez.org\/blog\/wp-content\/uploads\/2025\/01\/Gustave_Courbet_portrait.jpg\" target=\"_blank\" rel=\"noopener\"><img loading=\"lazy\" decoding=\"async\" class=\"wp-image-7633 size-medium\" src=\"https:\/\/rafaramirez.org\/blog\/wp-content\/uploads\/2025\/01\/Gustave_Courbet_portrait-234x300.jpg\" alt=\"Retrato del pintor Gustave Courbet. Blog de Rafael Ram\u00edrez.\" width=\"234\" height=\"300\" srcset=\"https:\/\/rafaramirez.org\/blog\/wp-content\/uploads\/2025\/01\/Gustave_Courbet_portrait-234x300.jpg 234w, https:\/\/rafaramirez.org\/blog\/wp-content\/uploads\/2025\/01\/Gustave_Courbet_portrait-768x985.jpg 768w, https:\/\/rafaramirez.org\/blog\/wp-content\/uploads\/2025\/01\/Gustave_Courbet_portrait.jpg 780w\" sizes=\"auto, (max-width: 234px) 100vw, 234px\" \/><\/a><figcaption id=\"caption-attachment-7633\" class=\"wp-caption-text\">Retrato del pintor Gustave Courbet. Blog de Rafael Ram\u00edrez.<\/figcaption><\/figure><\/li>\n<li><a href=\"https:\/\/rafaramirez.org\/blog\/index.php\/2024\/11\/19\/jean-francois-millet\/\" target=\"_blank\" rel=\"noopener\">Jean-Fran\u00e7ois Millet<\/a>: proveniente de una familia campesina, retrat\u00f3 con enorme sensibilidad la vida rural. En Las espigadoras (1857) o El \u00e1ngelus (1859) dignific\u00f3 el trabajo agr\u00edcola, carg\u00e1ndolo de una espiritualidad silenciosa y conmovedora.\n<p><figure id=\"attachment_6881\" aria-describedby=\"caption-attachment-6881\" style=\"width: 236px\" class=\"wp-caption aligncenter\"><a href=\"https:\/\/rafaramirez.org\/blog\/wp-content\/uploads\/2024\/11\/Jean-Francois-Millet_portrait_color.jpg\" target=\"_blank\" rel=\"noopener\"><img loading=\"lazy\" decoding=\"async\" class=\"wp-image-6881 size-medium\" src=\"https:\/\/rafaramirez.org\/blog\/wp-content\/uploads\/2024\/11\/Jean-Francois-Millet_portrait_color-236x300.jpg\" alt=\"Retrato de. Jean Fran\u00e7ois Millet. Blog de Rafael Ram\u00edrez.\" width=\"236\" height=\"300\" srcset=\"https:\/\/rafaramirez.org\/blog\/wp-content\/uploads\/2024\/11\/Jean-Francois-Millet_portrait_color-236x300.jpg 236w, https:\/\/rafaramirez.org\/blog\/wp-content\/uploads\/2024\/11\/Jean-Francois-Millet_portrait_color-807x1024.jpg 807w, https:\/\/rafaramirez.org\/blog\/wp-content\/uploads\/2024\/11\/Jean-Francois-Millet_portrait_color-768x974.jpg 768w, https:\/\/rafaramirez.org\/blog\/wp-content\/uploads\/2024\/11\/Jean-Francois-Millet_portrait_color-1211x1536.jpg 1211w, https:\/\/rafaramirez.org\/blog\/wp-content\/uploads\/2024\/11\/Jean-Francois-Millet_portrait_color.jpg 1354w\" sizes=\"auto, (max-width: 236px) 100vw, 236px\" \/><\/a><figcaption id=\"caption-attachment-6881\" class=\"wp-caption-text\">Retrato de. Jean Fran\u00e7ois Millet. Blog de Rafael Ram\u00edrez.<\/figcaption><\/figure><\/li>\n<li>Honor\u00e9 Daumier: adem\u00e1s de pintor, fue un gran caricaturista y cr\u00edtico social. Obras como El vag\u00f3n de tercera clase (1862) muestran la dureza de la vida urbana y la desigualdad social. Su trazo en\u00e9rgico y expresivo lo convierte en un puente hacia el arte moderno.<\/li>\n<li><a href=\"https:\/\/rafaramirez.org\/blog\/index.php\/2024\/09\/19\/edouard-manet\/\" target=\"_blank\" rel=\"noopener\">\u00c9douard Manet<\/a>: aunque suele asociarse m\u00e1s al Impresionismo, sus obras iniciales como Olympia (1863) o Almuerzo sobre la hierba (1863) tienen una ra\u00edz realista: la frontalidad, la crudeza y la ruptura con la idealizaci\u00f3n acad\u00e9mica.\n<p><figure id=\"attachment_5821\" aria-describedby=\"caption-attachment-5821\" style=\"width: 226px\" class=\"wp-caption aligncenter\"><a href=\"https:\/\/rafaramirez.org\/blog\/wp-content\/uploads\/2024\/09\/Edouard_Manet_Retrato_coloreado_rz.jpg\" target=\"_blank\" rel=\"noopener\"><img loading=\"lazy\" decoding=\"async\" class=\"wp-image-5821 size-medium\" src=\"https:\/\/rafaramirez.org\/blog\/wp-content\/uploads\/2024\/09\/Edouard_Manet_Retrato_coloreado_rz-226x300.jpg\" alt=\"Retrato de \u00c9douard Manet. Blog de Rafael Ram\u00edrez.\" width=\"226\" height=\"300\" srcset=\"https:\/\/rafaramirez.org\/blog\/wp-content\/uploads\/2024\/09\/Edouard_Manet_Retrato_coloreado_rz-226x300.jpg 226w, https:\/\/rafaramirez.org\/blog\/wp-content\/uploads\/2024\/09\/Edouard_Manet_Retrato_coloreado_rz.jpg 752w\" sizes=\"auto, (max-width: 226px) 100vw, 226px\" \/><\/a><figcaption id=\"caption-attachment-5821\" class=\"wp-caption-text\">Retrato de \u00c9douard Manet. Blog de Rafael Ram\u00edrez.<\/figcaption><\/figure><\/li>\n<li>Jules Bastien-Lepage: un pintor franc\u00e9s que llev\u00f3 el realismo hacia un lirismo m\u00e1s po\u00e9tico, con escenas rurales impregnadas de melancol\u00eda, como en Juana de Arco (1879).<\/li>\n<li><a href=\"https:\/\/rafaramirez.org\/blog\/index.php\/2024\/07\/08\/gustave-caillebotte-el-impresionista-multifacetico-olvidado\/\" target=\"_blank\" rel=\"noopener\">Gustave Caillebotte<\/a>: a menudo vinculado al Impresionismo, pero con un ojo realista en su precisi\u00f3n casi fotogr\u00e1fica. Calle de Par\u00eds, d\u00eda lluvioso (1877) es un ejemplo de c\u00f3mo lo cotidiano urbano se convierte en gran tema pict\u00f3rico.\n<p><figure id=\"attachment_4964\" aria-describedby=\"caption-attachment-4964\" style=\"width: 236px\" class=\"wp-caption aligncenter\"><a href=\"https:\/\/rafaramirez.org\/blog\/wp-content\/uploads\/2024\/07\/Gustave_Caillebotte_-_Autorretrato.jpg\" target=\"_blank\" rel=\"noopener\"><img loading=\"lazy\" decoding=\"async\" class=\"wp-image-4964 size-medium\" src=\"https:\/\/rafaramirez.org\/blog\/wp-content\/uploads\/2024\/07\/Gustave_Caillebotte_-_Autorretrato-236x300.jpg\" alt=\"Autorretrato (1892). Gustave Caillebotte. Blog de Rafael Ram\u00edrez.\" width=\"236\" height=\"300\" srcset=\"https:\/\/rafaramirez.org\/blog\/wp-content\/uploads\/2024\/07\/Gustave_Caillebotte_-_Autorretrato-236x300.jpg 236w, https:\/\/rafaramirez.org\/blog\/wp-content\/uploads\/2024\/07\/Gustave_Caillebotte_-_Autorretrato.jpg 653w\" sizes=\"auto, (max-width: 236px) 100vw, 236px\" \/><\/a><figcaption id=\"caption-attachment-4964\" class=\"wp-caption-text\">Autorretrato (1892). Gustave Caillebotte. Blog de Rafael Ram\u00edrez.<\/figcaption><\/figure><\/li>\n<\/ul>\n<p>Fuera de Francia, tambi\u00e9n hubo ecos importantes:<\/p>\n<ul>\n<li>Ili\u00e1 Repin en Rusia, con obras como Los sirgadores del Volga (1873), que muestran la dureza del trabajo colectivo.<\/li>\n<li>Winslow Homer en Estados Unidos, que retrat\u00f3 escenas de la vida cotidiana y la naturaleza con un realismo directo y vigoroso.<\/li>\n<\/ul>\n<p>Lo interesante es c\u00f3mo cada uno de estos pintores, desde <a href=\"https:\/\/rafaramirez.org\/blog\/index.php\/2025\/01\/08\/gustave-courbet\/\" target=\"_blank\" rel=\"noopener\">Courbet<\/a> hasta Repin, tom\u00f3 lo inmediato \u2014el trabajo, la ciudad, la vida com\u00fan\u2014 y lo transform\u00f3 en s\u00edmbolo universal. En cierto modo, el Realismo fue un laboratorio donde lo cotidiano se volvi\u00f3 trascendente.<\/p>\n<h3>Principales obras del realismo.<\/h3>\n<p>El <strong>Realismo pict\u00f3rico<\/strong> nos dej\u00f3 un conjunto de obras que marcaron un antes y un despu\u00e9s en la historia del arte, porque rompieron con la tradici\u00f3n acad\u00e9mica y pusieron en el centro lo cotidiano y lo social. Entre las m\u00e1s representativas se encuentran:<\/p>\n<ul>\n<li><strong>Gustave Courbet<\/strong>\n<ul>\n<li><em>Entierro en Ornans<\/em> (1849): monumentaliza un funeral campesino, otorgando dignidad a lo com\u00fan.\n<p><figure id=\"attachment_7634\" aria-describedby=\"caption-attachment-7634\" style=\"width: 300px\" class=\"wp-caption aligncenter\"><a href=\"https:\/\/rafaramirez.org\/blog\/wp-content\/uploads\/2025\/01\/El_entierro_en_Ornans_Gustave-Courbet_1849-1850.jpg\" target=\"_blank\" rel=\"noopener\"><img loading=\"lazy\" decoding=\"async\" class=\"wp-image-7634 size-medium\" src=\"https:\/\/rafaramirez.org\/blog\/wp-content\/uploads\/2025\/01\/El_entierro_en_Ornans_Gustave-Courbet_1849-1850-300x138.jpg\" alt=\"El entierro en Ornans (1849-1850). Gustave Courbet. blog de Rafael Ram\u00edrez.\" width=\"300\" height=\"138\" srcset=\"https:\/\/rafaramirez.org\/blog\/wp-content\/uploads\/2025\/01\/El_entierro_en_Ornans_Gustave-Courbet_1849-1850-300x138.jpg 300w, https:\/\/rafaramirez.org\/blog\/wp-content\/uploads\/2025\/01\/El_entierro_en_Ornans_Gustave-Courbet_1849-1850-768x353.jpg 768w, https:\/\/rafaramirez.org\/blog\/wp-content\/uploads\/2025\/01\/El_entierro_en_Ornans_Gustave-Courbet_1849-1850.jpg 978w\" sizes=\"auto, (max-width: 300px) 100vw, 300px\" \/><\/a><figcaption id=\"caption-attachment-7634\" class=\"wp-caption-text\">El entierro en Ornans (1849-1850). Gustave Courbet. Blog de Rafael Ram\u00edrez.<\/figcaption><\/figure><\/li>\n<li><em>Los picapedreros<\/em> (1849): muestra con crudeza el trabajo f\u00edsico, casi como una denuncia social.\n<p><figure id=\"attachment_7635\" aria-describedby=\"caption-attachment-7635\" style=\"width: 300px\" class=\"wp-caption aligncenter\"><a href=\"https:\/\/rafaramirez.org\/blog\/wp-content\/uploads\/2025\/01\/Los_picapedreros_Gustave-Courbet_1849.jpg\" target=\"_blank\" rel=\"noopener\"><img loading=\"lazy\" decoding=\"async\" class=\"wp-image-7635 size-medium\" src=\"https:\/\/rafaramirez.org\/blog\/wp-content\/uploads\/2025\/01\/Los_picapedreros_Gustave-Courbet_1849-300x187.jpg\" alt=\"Los picapedreros (1849). Gustave Courbet. Blog de Rafael Ram\u00edrez.\" width=\"300\" height=\"187\" srcset=\"https:\/\/rafaramirez.org\/blog\/wp-content\/uploads\/2025\/01\/Los_picapedreros_Gustave-Courbet_1849-300x187.jpg 300w, https:\/\/rafaramirez.org\/blog\/wp-content\/uploads\/2025\/01\/Los_picapedreros_Gustave-Courbet_1849-1024x638.jpg 1024w, https:\/\/rafaramirez.org\/blog\/wp-content\/uploads\/2025\/01\/Los_picapedreros_Gustave-Courbet_1849-768x478.jpg 768w, https:\/\/rafaramirez.org\/blog\/wp-content\/uploads\/2025\/01\/Los_picapedreros_Gustave-Courbet_1849.jpg 1323w\" sizes=\"auto, (max-width: 300px) 100vw, 300px\" \/><\/a><figcaption id=\"caption-attachment-7635\" class=\"wp-caption-text\">Los picapedreros (1849). Gustave Courbet. Blog de Rafael Ram\u00edrez.<\/figcaption><\/figure><\/li>\n<li><em>El taller del pintor<\/em> (1855): considerado un manifiesto del Realismo, donde el artista se sit\u00faa en el centro de la vida contempor\u00e1nea.\n<p><figure id=\"attachment_7637\" aria-describedby=\"caption-attachment-7637\" style=\"width: 300px\" class=\"wp-caption aligncenter\"><a href=\"https:\/\/rafaramirez.org\/blog\/wp-content\/uploads\/2025\/01\/El_taller_del_pintor_Gustave-Courbet_1855_rz.jpg\" target=\"_blank\" rel=\"noopener\"><img loading=\"lazy\" decoding=\"async\" class=\"wp-image-7637 size-medium\" src=\"https:\/\/rafaramirez.org\/blog\/wp-content\/uploads\/2025\/01\/El_taller_del_pintor_Gustave-Courbet_1855_rz-300x177.jpg\" alt=\"El taller del pintor (1855). Gustave Courbet. Blog de Rafael Ram\u00edrez.\" width=\"300\" height=\"177\" srcset=\"https:\/\/rafaramirez.org\/blog\/wp-content\/uploads\/2025\/01\/El_taller_del_pintor_Gustave-Courbet_1855_rz-300x177.jpg 300w, https:\/\/rafaramirez.org\/blog\/wp-content\/uploads\/2025\/01\/El_taller_del_pintor_Gustave-Courbet_1855_rz-1024x603.jpg 1024w, https:\/\/rafaramirez.org\/blog\/wp-content\/uploads\/2025\/01\/El_taller_del_pintor_Gustave-Courbet_1855_rz-768x452.jpg 768w, https:\/\/rafaramirez.org\/blog\/wp-content\/uploads\/2025\/01\/El_taller_del_pintor_Gustave-Courbet_1855_rz.jpg 1200w\" sizes=\"auto, (max-width: 300px) 100vw, 300px\" \/><\/a><figcaption id=\"caption-attachment-7637\" class=\"wp-caption-text\">El taller del pintor (1855). Gustave Courbet. Blog de Rafael Ram\u00edrez.<\/figcaption><\/figure><\/li>\n<\/ul>\n<\/li>\n<li class=\"ps-2\"><strong>Jean-Fran\u00e7ois Millet<\/strong>\n<ul>\n<li><em>Las espigadoras<\/em> (1857): tres mujeres recogiendo restos de trigo, s\u00edmbolo de la dureza y dignidad del trabajo rural.\n<p><figure id=\"attachment_6874\" aria-describedby=\"caption-attachment-6874\" style=\"width: 300px\" class=\"wp-caption aligncenter\"><a href=\"https:\/\/rafaramirez.org\/blog\/wp-content\/uploads\/2024\/11\/Jean-Francois_Millet_-_Las-espigadoras-1857-scaled.jpg\" target=\"_blank\" rel=\"noopener\"><img loading=\"lazy\" decoding=\"async\" class=\"wp-image-6874 size-medium\" src=\"https:\/\/rafaramirez.org\/blog\/wp-content\/uploads\/2024\/11\/Jean-Francois_Millet_-_Las-espigadoras-1857-300x224.jpg\" alt=\"Las espigadoras (1857). Jean Fran\u00e7ois Millet. Blog de Rafael Ram\u00edrez.\" width=\"300\" height=\"224\" srcset=\"https:\/\/rafaramirez.org\/blog\/wp-content\/uploads\/2024\/11\/Jean-Francois_Millet_-_Las-espigadoras-1857-300x224.jpg 300w, https:\/\/rafaramirez.org\/blog\/wp-content\/uploads\/2024\/11\/Jean-Francois_Millet_-_Las-espigadoras-1857-1024x766.jpg 1024w, https:\/\/rafaramirez.org\/blog\/wp-content\/uploads\/2024\/11\/Jean-Francois_Millet_-_Las-espigadoras-1857-768x575.jpg 768w, https:\/\/rafaramirez.org\/blog\/wp-content\/uploads\/2024\/11\/Jean-Francois_Millet_-_Las-espigadoras-1857-1536x1149.jpg 1536w, https:\/\/rafaramirez.org\/blog\/wp-content\/uploads\/2024\/11\/Jean-Francois_Millet_-_Las-espigadoras-1857-2048x1532.jpg 2048w\" sizes=\"auto, (max-width: 300px) 100vw, 300px\" \/><\/a><figcaption id=\"caption-attachment-6874\" class=\"wp-caption-text\">Las espigadoras (1857). Jean Fran\u00e7ois Millet. Blog de Rafael Ram\u00edrez.<\/figcaption><\/figure><\/li>\n<li><em>El \u00e1ngelus<\/em> (1859): una escena campesina cargada de espiritualidad silenciosa.\n<p><figure id=\"attachment_6875\" aria-describedby=\"caption-attachment-6875\" style=\"width: 300px\" class=\"wp-caption aligncenter\"><a href=\"https:\/\/rafaramirez.org\/blog\/wp-content\/uploads\/2024\/11\/Jean-Francois_Millet_-_El-Angelus-1859-scaled.jpg\" target=\"_blank\" rel=\"noopener\"><img loading=\"lazy\" decoding=\"async\" class=\"wp-image-6875 size-medium\" src=\"https:\/\/rafaramirez.org\/blog\/wp-content\/uploads\/2024\/11\/Jean-Francois_Millet_-_El-Angelus-1859-300x249.jpg\" alt=\"El \u00c1ngelus (1859). Jean Fran\u00e7ois Millet. Blog de Rafael Ram\u00edrez.\" width=\"300\" height=\"249\" srcset=\"https:\/\/rafaramirez.org\/blog\/wp-content\/uploads\/2024\/11\/Jean-Francois_Millet_-_El-Angelus-1859-300x249.jpg 300w, https:\/\/rafaramirez.org\/blog\/wp-content\/uploads\/2024\/11\/Jean-Francois_Millet_-_El-Angelus-1859-1024x851.jpg 1024w, https:\/\/rafaramirez.org\/blog\/wp-content\/uploads\/2024\/11\/Jean-Francois_Millet_-_El-Angelus-1859-768x639.jpg 768w, https:\/\/rafaramirez.org\/blog\/wp-content\/uploads\/2024\/11\/Jean-Francois_Millet_-_El-Angelus-1859-1536x1277.jpg 1536w, https:\/\/rafaramirez.org\/blog\/wp-content\/uploads\/2024\/11\/Jean-Francois_Millet_-_El-Angelus-1859-2048x1703.jpg 2048w\" sizes=\"auto, (max-width: 300px) 100vw, 300px\" \/><\/a><figcaption id=\"caption-attachment-6875\" class=\"wp-caption-text\">El \u00c1ngelus (1859). Jean Fran\u00e7ois Millet. Blog de Rafael Ram\u00edrez.<\/figcaption><\/figure><\/li>\n<\/ul>\n<\/li>\n<li><strong>Honor\u00e9 Daumier<\/strong>\n<ul>\n<li><em>El vag\u00f3n de tercera clase<\/em> (1862): retrato de la vida urbana y de las desigualdades sociales.\n<p><figure id=\"attachment_10721\" aria-describedby=\"caption-attachment-10721\" style=\"width: 300px\" class=\"wp-caption aligncenter\"><a href=\"https:\/\/rafaramirez.org\/blog\/wp-content\/uploads\/2025\/10\/Honore_Daumier_-_The_Third-Class_Carriage.jpg\" target=\"_blank\" rel=\"noopener\"><img loading=\"lazy\" decoding=\"async\" class=\"wp-image-10721 size-medium\" src=\"https:\/\/rafaramirez.org\/blog\/wp-content\/uploads\/2025\/10\/Honore_Daumier_-_The_Third-Class_Carriage-300x217.jpg\" alt=\"El vag\u00f3n de tercera clase (1862). Honor\u00e9 Daumier. Blog de Rafael Ram\u00edrez.\" width=\"300\" height=\"217\" srcset=\"https:\/\/rafaramirez.org\/blog\/wp-content\/uploads\/2025\/10\/Honore_Daumier_-_The_Third-Class_Carriage-300x217.jpg 300w, https:\/\/rafaramirez.org\/blog\/wp-content\/uploads\/2025\/10\/Honore_Daumier_-_The_Third-Class_Carriage-1024x741.jpg 1024w, https:\/\/rafaramirez.org\/blog\/wp-content\/uploads\/2025\/10\/Honore_Daumier_-_The_Third-Class_Carriage-768x556.jpg 768w, https:\/\/rafaramirez.org\/blog\/wp-content\/uploads\/2025\/10\/Honore_Daumier_-_The_Third-Class_Carriage.jpg 1493w\" sizes=\"auto, (max-width: 300px) 100vw, 300px\" \/><\/a><figcaption id=\"caption-attachment-10721\" class=\"wp-caption-text\">El vag\u00f3n de tercera clase (1862). Honor\u00e9 Daumier. Blog de Rafael Ram\u00edrez.<\/figcaption><\/figure><\/li>\n<\/ul>\n<\/li>\n<li><strong>\u00c9douard Manet<\/strong> (en transici\u00f3n hacia el Impresionismo, pero con ra\u00edz realista)\n<ul>\n<li><em>Olympia<\/em> (1863): un desnudo frontal y sin idealizaci\u00f3n que escandaliz\u00f3 a la sociedad parisina.\n<p><figure id=\"attachment_5811\" aria-describedby=\"caption-attachment-5811\" style=\"width: 300px\" class=\"wp-caption aligncenter\"><a href=\"https:\/\/rafaramirez.org\/blog\/wp-content\/uploads\/2024\/09\/Edouard_Manet_-_Olympia_1863-scaled.jpg\" target=\"_blank\" rel=\"noopener\"><img loading=\"lazy\" decoding=\"async\" class=\"wp-image-5811 size-medium\" src=\"https:\/\/rafaramirez.org\/blog\/wp-content\/uploads\/2024\/09\/Edouard_Manet_-_Olympia_1863-300x204.jpg\" alt=\"Olympia (1863) de \u00c9douard Manet. Blog de Rafael Ram\u00edrez.\" width=\"300\" height=\"204\" srcset=\"https:\/\/rafaramirez.org\/blog\/wp-content\/uploads\/2024\/09\/Edouard_Manet_-_Olympia_1863-300x204.jpg 300w, https:\/\/rafaramirez.org\/blog\/wp-content\/uploads\/2024\/09\/Edouard_Manet_-_Olympia_1863-1024x698.jpg 1024w, https:\/\/rafaramirez.org\/blog\/wp-content\/uploads\/2024\/09\/Edouard_Manet_-_Olympia_1863-768x523.jpg 768w, https:\/\/rafaramirez.org\/blog\/wp-content\/uploads\/2024\/09\/Edouard_Manet_-_Olympia_1863-1536x1046.jpg 1536w, https:\/\/rafaramirez.org\/blog\/wp-content\/uploads\/2024\/09\/Edouard_Manet_-_Olympia_1863-2048x1395.jpg 2048w\" sizes=\"auto, (max-width: 300px) 100vw, 300px\" \/><\/a><figcaption id=\"caption-attachment-5811\" class=\"wp-caption-text\">Olympia (1863) de \u00c9douard Manet. Blog de Rafael Ram\u00edrez.<\/figcaption><\/figure><\/li>\n<li><em>Almuerzo sobre la hierba<\/em> (1863): rompe con la tradici\u00f3n acad\u00e9mica al situar figuras contempor\u00e1neas en un contexto cl\u00e1sico.\n<p><figure id=\"attachment_5810\" aria-describedby=\"caption-attachment-5810\" style=\"width: 300px\" class=\"wp-caption aligncenter\"><a href=\"https:\/\/rafaramirez.org\/blog\/wp-content\/uploads\/2024\/09\/Edouard_Manet_-_Almuerzo-sobre-la-hierba_1863-scaled.jpg\" target=\"_blank\" rel=\"noopener\"><img loading=\"lazy\" decoding=\"async\" class=\"wp-image-5810 size-medium\" src=\"https:\/\/rafaramirez.org\/blog\/wp-content\/uploads\/2024\/09\/Edouard_Manet_-_Almuerzo-sobre-la-hierba_1863-300x233.jpg\" alt=\"El almuerzo sobre la hierba (1863) de \u00c9douard Manet. Blog de Rafael Ram\u00edrez.\" width=\"300\" height=\"233\" srcset=\"https:\/\/rafaramirez.org\/blog\/wp-content\/uploads\/2024\/09\/Edouard_Manet_-_Almuerzo-sobre-la-hierba_1863-300x233.jpg 300w, https:\/\/rafaramirez.org\/blog\/wp-content\/uploads\/2024\/09\/Edouard_Manet_-_Almuerzo-sobre-la-hierba_1863-1024x796.jpg 1024w, https:\/\/rafaramirez.org\/blog\/wp-content\/uploads\/2024\/09\/Edouard_Manet_-_Almuerzo-sobre-la-hierba_1863-768x597.jpg 768w, https:\/\/rafaramirez.org\/blog\/wp-content\/uploads\/2024\/09\/Edouard_Manet_-_Almuerzo-sobre-la-hierba_1863-1536x1193.jpg 1536w, https:\/\/rafaramirez.org\/blog\/wp-content\/uploads\/2024\/09\/Edouard_Manet_-_Almuerzo-sobre-la-hierba_1863-2048x1591.jpg 2048w\" sizes=\"auto, (max-width: 300px) 100vw, 300px\" \/><\/a><figcaption id=\"caption-attachment-5810\" class=\"wp-caption-text\">El almuerzo sobre la hierba (1863) de \u00c9douard Manet. Blog de Rafael Ram\u00edrez.<\/figcaption><\/figure><\/li>\n<\/ul>\n<\/li>\n<li><strong>Jules Bastien-Lepage<\/strong>\n<ul>\n<li><em>Octubre<\/em> (1878): escena rural impregnada de melancol\u00eda y lirismo.\n<p><figure id=\"attachment_10720\" aria-describedby=\"caption-attachment-10720\" style=\"width: 300px\" class=\"wp-caption aligncenter\"><a href=\"https:\/\/rafaramirez.org\/blog\/wp-content\/uploads\/2025\/10\/Jules_Bastien-Lepage_-_October_-_.jpg\" target=\"_blank\" rel=\"noopener\"><img loading=\"lazy\" decoding=\"async\" class=\"wp-image-10720 size-medium\" src=\"https:\/\/rafaramirez.org\/blog\/wp-content\/uploads\/2025\/10\/Jules_Bastien-Lepage_-_October_-_-300x277.jpg\" alt=\"Octubre (1878). Jules Bastien-Lepage. Blog de Rafael Ram\u00edrez.\" width=\"300\" height=\"277\" srcset=\"https:\/\/rafaramirez.org\/blog\/wp-content\/uploads\/2025\/10\/Jules_Bastien-Lepage_-_October_-_-300x277.jpg 300w, https:\/\/rafaramirez.org\/blog\/wp-content\/uploads\/2025\/10\/Jules_Bastien-Lepage_-_October_-_-1024x946.jpg 1024w, https:\/\/rafaramirez.org\/blog\/wp-content\/uploads\/2025\/10\/Jules_Bastien-Lepage_-_October_-_-768x710.jpg 768w, https:\/\/rafaramirez.org\/blog\/wp-content\/uploads\/2025\/10\/Jules_Bastien-Lepage_-_October_-_.jpg 1169w\" sizes=\"auto, (max-width: 300px) 100vw, 300px\" \/><\/a><figcaption id=\"caption-attachment-10720\" class=\"wp-caption-text\">Octubre (1878). Jules Bastien-Lepage. Blog de Rafael Ram\u00edrez.<\/figcaption><\/figure><\/li>\n<\/ul>\n<\/li>\n<li><strong>Gustave Caillebotte<\/strong>\n<ul>\n<li><em>Calle de Par\u00eds, d\u00eda lluvioso<\/em> (1877): una mirada realista y casi fotogr\u00e1fica a la vida urbana moderna.\n<p><figure id=\"attachment_4959\" aria-describedby=\"caption-attachment-4959\" style=\"width: 300px\" class=\"wp-caption aligncenter\"><a href=\"https:\/\/rafaramirez.org\/blog\/wp-content\/uploads\/2024\/06\/Gustave_Caillebotte_-_Calle-de-Paris-tiempo-de-lluvia-1877-scaled.jpg\" target=\"_blank\" rel=\"noopener\"><img loading=\"lazy\" decoding=\"async\" class=\"wp-image-4959 size-medium\" src=\"https:\/\/rafaramirez.org\/blog\/wp-content\/uploads\/2024\/06\/Gustave_Caillebotte_-_Calle-de-Paris-tiempo-de-lluvia-1877-300x227.jpg\" alt=\"Calle de Par\u00eds, tiempo lluvioso (1877). Gustave Caillebotte. Blog de Rafael Ram\u00edrez.\" width=\"300\" height=\"227\" srcset=\"https:\/\/rafaramirez.org\/blog\/wp-content\/uploads\/2024\/06\/Gustave_Caillebotte_-_Calle-de-Paris-tiempo-de-lluvia-1877-300x227.jpg 300w, https:\/\/rafaramirez.org\/blog\/wp-content\/uploads\/2024\/06\/Gustave_Caillebotte_-_Calle-de-Paris-tiempo-de-lluvia-1877-1024x776.jpg 1024w, https:\/\/rafaramirez.org\/blog\/wp-content\/uploads\/2024\/06\/Gustave_Caillebotte_-_Calle-de-Paris-tiempo-de-lluvia-1877-768x582.jpg 768w, https:\/\/rafaramirez.org\/blog\/wp-content\/uploads\/2024\/06\/Gustave_Caillebotte_-_Calle-de-Paris-tiempo-de-lluvia-1877-1536x1163.jpg 1536w, https:\/\/rafaramirez.org\/blog\/wp-content\/uploads\/2024\/06\/Gustave_Caillebotte_-_Calle-de-Paris-tiempo-de-lluvia-1877-2048x1551.jpg 2048w\" sizes=\"auto, (max-width: 300px) 100vw, 300px\" \/><\/a><figcaption id=\"caption-attachment-4959\" class=\"wp-caption-text\">Calle de Par\u00eds, tiempo lluvioso (1877). Gustave Caillebotte. Blog de Rafael Ram\u00edrez.<\/figcaption><\/figure><\/li>\n<\/ul>\n<\/li>\n<li class=\"ps-2\"><strong>Ili\u00e1 Repin<\/strong> (Rusia)\n<ul>\n<li><em>Los sirgadores del Volga<\/em> (1873): poderosa representaci\u00f3n del esfuerzo colectivo y la dureza del trabajo.\n<p><figure id=\"attachment_10718\" aria-describedby=\"caption-attachment-10718\" style=\"width: 300px\" class=\"wp-caption aligncenter\"><a href=\"https:\/\/rafaramirez.org\/blog\/wp-content\/uploads\/2025\/10\/Ilia_Efimovich_Repin_-_Volga_Boatmen_1870-1873.jpg\" target=\"_blank\" rel=\"noopener\"><img loading=\"lazy\" decoding=\"async\" class=\"wp-image-10718 size-medium\" src=\"https:\/\/rafaramirez.org\/blog\/wp-content\/uploads\/2025\/10\/Ilia_Efimovich_Repin_-_Volga_Boatmen_1870-1873-300x139.jpg\" alt=\"Los sirgadores del Volga (1873). Ili\u00e1 Repin. Blog de Rafael Ram\u00edrez.\" width=\"300\" height=\"139\" srcset=\"https:\/\/rafaramirez.org\/blog\/wp-content\/uploads\/2025\/10\/Ilia_Efimovich_Repin_-_Volga_Boatmen_1870-1873-300x139.jpg 300w, https:\/\/rafaramirez.org\/blog\/wp-content\/uploads\/2025\/10\/Ilia_Efimovich_Repin_-_Volga_Boatmen_1870-1873-1024x474.jpg 1024w, https:\/\/rafaramirez.org\/blog\/wp-content\/uploads\/2025\/10\/Ilia_Efimovich_Repin_-_Volga_Boatmen_1870-1873-768x355.jpg 768w, https:\/\/rafaramirez.org\/blog\/wp-content\/uploads\/2025\/10\/Ilia_Efimovich_Repin_-_Volga_Boatmen_1870-1873-1536x710.jpg 1536w, https:\/\/rafaramirez.org\/blog\/wp-content\/uploads\/2025\/10\/Ilia_Efimovich_Repin_-_Volga_Boatmen_1870-1873.jpg 1920w\" sizes=\"auto, (max-width: 300px) 100vw, 300px\" \/><\/a><figcaption id=\"caption-attachment-10718\" class=\"wp-caption-text\">Los sirgadores del Volga (1873). Ili\u00e1 Repin. Blog de Rafael Ram\u00edrez.<\/figcaption><\/figure><\/li>\n<\/ul>\n<\/li>\n<li><strong>Antonio Gisbert<\/strong> (Espa\u00f1a)\n<ul>\n<li><em>Fusilamiento de Torrijos y sus compa\u00f1eros en las playas de M\u00e1laga<\/em> (1888): ejemplo de c\u00f3mo el Realismo tambi\u00e9n se us\u00f3 para narrar episodios hist\u00f3ricos con crudeza.\n<p><figure id=\"attachment_10719\" aria-describedby=\"caption-attachment-10719\" style=\"width: 300px\" class=\"wp-caption aligncenter\"><a href=\"https:\/\/rafaramirez.org\/blog\/wp-content\/uploads\/2025\/10\/Fusilamiento_de_Torrijos_Gisbert.jpg\" target=\"_blank\" rel=\"noopener\"><img loading=\"lazy\" decoding=\"async\" class=\"wp-image-10719 size-medium\" src=\"https:\/\/rafaramirez.org\/blog\/wp-content\/uploads\/2025\/10\/Fusilamiento_de_Torrijos_Gisbert-300x196.jpg\" alt=\"Fusilamiento de Torrijos y sus compa\u00f1eros en las playas de M\u00e1laga (1888). Antonio Gisbert. Blog de Rafael Ram\u00edrez.\" width=\"300\" height=\"196\" srcset=\"https:\/\/rafaramirez.org\/blog\/wp-content\/uploads\/2025\/10\/Fusilamiento_de_Torrijos_Gisbert-300x196.jpg 300w, https:\/\/rafaramirez.org\/blog\/wp-content\/uploads\/2025\/10\/Fusilamiento_de_Torrijos_Gisbert-1024x667.jpg 1024w, https:\/\/rafaramirez.org\/blog\/wp-content\/uploads\/2025\/10\/Fusilamiento_de_Torrijos_Gisbert-768x501.jpg 768w, https:\/\/rafaramirez.org\/blog\/wp-content\/uploads\/2025\/10\/Fusilamiento_de_Torrijos_Gisbert-1536x1001.jpg 1536w, https:\/\/rafaramirez.org\/blog\/wp-content\/uploads\/2025\/10\/Fusilamiento_de_Torrijos_Gisbert.jpg 1657w\" sizes=\"auto, (max-width: 300px) 100vw, 300px\" \/><\/a><figcaption id=\"caption-attachment-10719\" class=\"wp-caption-text\">Fusilamiento de Torrijos y sus compa\u00f1eros en las playas de M\u00e1laga (1888). Antonio Gisbert. Blog de Rafael Ram\u00edrez.<\/figcaption><\/figure><\/li>\n<\/ul>\n<\/li>\n<\/ul>\n<p>Estas obras no solo documentan la vida de su tiempo, sino que la transforman en memoria colectiva y convierten lo ef\u00edmero en s\u00edmbolo universal.<\/p>\n<p>El Realismo fue el primer movimiento moderno en pintura porque rompi\u00f3 con la tradici\u00f3n acad\u00e9mica y allan\u00f3 el camino a corrientes posteriores como el impresionismo. Su fuerza radica en haber dignificado lo cotidiano y en haber mostrado que la vida com\u00fan tambi\u00e9n merece ser arte. Adem\u00e1s, tiene un matiz fascinante: convierte lo humilde y lo inmediato en un testimonio universal, como si cada gesto ordinario se volviera eterno en el lienzo.<\/p>\n<p>M\u00e1s informaci\u00f3n:<\/p>\n<ul>\n<li><a href=\"https:\/\/es.wikipedia.org\/wiki\/Pintura_del_Realismo\" target=\"_blank\" rel=\"noopener\">Pintura del Realismo &#8211; Wikipedia, la enciclopedia libre<\/a>.<\/li>\n<li><a href=\"https:\/\/concepto.de\/realismo\/\" target=\"_blank\" rel=\"noopener\">Realismo &#8211; Concepto, contexto hist\u00f3rico y caracter\u00edsticas<\/a>.<\/li>\n<li><a href=\"https:\/\/humanidades.com\/realismo\/\" target=\"_blank\" rel=\"noopener\">Realismo: caracter\u00edsticas, representantes y subg\u00e9neros<\/a>.<\/li>\n<li><a href=\"https:\/\/rafaramirez.org\/blog\/index.php\/category\/arte\/historia-del-arte\/\" target=\"_blank\" rel=\"noopener\">M\u00e1s historia del arte y biograf\u00eda de los m\u00e1s destacados pintores<\/a>.<\/li>\n<\/ul>\n","protected":false},"excerpt":{"rendered":"<p>El Realismo en la pintura fue un movimiento art\u00edstico surgido en Francia a mediados del siglo XIX, como reacci\u00f3n contra el idealismo del Romanticismo y el academicismo cl\u00e1sico. Su principal impulsor fue Gustave Courbet, quien defend\u00eda que el arte deb\u00eda representar la realidad tal y como es, sin embellecerla ni disfrazarla. Contexto hist\u00f3rico. El Realismo [&hellip;]<\/p>\n","protected":false},"author":3,"featured_media":10724,"comment_status":"open","ping_status":"closed","sticky":false,"template":"","format":"standard","meta":{"site-container-style":"default","site-container-layout":"default","site-sidebar-layout":"default","disable-article-header":"default","disable-site-header":"default","disable-site-footer":"default","disable-content-area-spacing":"default","_jetpack_newsletter_access":"","_jetpack_dont_email_post_to_subs":false,"_jetpack_newsletter_tier_id":0,"_jetpack_memberships_contains_paywalled_content":false,"_jetpack_feature_clip_id":0,"_jetpack_memberships_contains_paid_content":false,"footnotes":"","jetpack_publicize_message":"","jetpack_publicize_feature_enabled":true,"jetpack_social_post_already_shared":true,"jetpack_social_options":{"image_generator_settings":{"template":"highway","default_image_id":0,"font":"","enabled":false},"version":2},"jetpack_post_was_ever_published":false},"categories":[1290],"tags":[4556,4557,3748,1383,3952,1150,4497],"class_list":["post-10715","post","type-post","status-publish","format-standard","has-post-thumbnail","hentry","category-historia-del-arte","tag-el-realismo-descifrado","tag-el-realismo-en-la-pintura","tag-historia-de-la-pintura","tag-historia-del-arte","tag-historia-del-realismo","tag-realismo","tag-significado"],"yoast_head":"<!-- This site is optimized with the Yoast SEO plugin v28.3 - https:\/\/yoast.com\/product\/yoast-seo-wordpress\/ -->\n<title>Realismo: del mito a la realidad, el arte que retrat\u00f3 la vida com\u00fan. - Blog de Rafael Ram\u00edrez<\/title>\n<meta name=\"description\" content=\"El Realismo en la pintura fue un movimiento art\u00edstico surgido en Francia a mediados del siglo XIX, como reacci\u00f3n contra el idealismo del...\" \/>\n<meta name=\"robots\" content=\"index, follow, max-snippet:-1, max-image-preview:large, max-video-preview:-1\" \/>\n<link rel=\"canonical\" href=\"https:\/\/rafaramirez.org\/blog\/index.php\/2025\/10\/23\/realismo-del-mito-a-la-realidad-el-arte-que-retrato-la-vida-comun\/\" \/>\n<meta property=\"og:locale\" content=\"es_ES\" \/>\n<meta property=\"og:type\" content=\"article\" \/>\n<meta property=\"og:title\" content=\"Realismo: del mito a la realidad, el arte que retrat\u00f3 la vida com\u00fan. - Blog de Rafael Ram\u00edrez\" \/>\n<meta property=\"og:description\" content=\"El Realismo en la pintura fue un movimiento art\u00edstico surgido en Francia a mediados del siglo XIX, como reacci\u00f3n contra el idealismo del...\" \/>\n<meta property=\"og:url\" content=\"https:\/\/rafaramirez.org\/blog\/index.php\/2025\/10\/23\/realismo-del-mito-a-la-realidad-el-arte-que-retrato-la-vida-comun\/\" \/>\n<meta property=\"og:site_name\" content=\"Blog de Rafael Ram\u00edrez\" \/>\n<meta property=\"article:published_time\" content=\"2025-10-23T06:00:58+00:00\" \/>\n<meta property=\"article:modified_time\" content=\"2026-07-14T09:41:59+00:00\" \/>\n<meta property=\"og:image\" content=\"https:\/\/rafaramirez.org\/blog\/wp-content\/uploads\/2025\/10\/El-realismo-en-la-pintura_bannerlog.jpg\" \/>\n\t<meta property=\"og:image:width\" content=\"720\" \/>\n\t<meta property=\"og:image:height\" content=\"440\" \/>\n\t<meta property=\"og:image:type\" content=\"image\/jpeg\" \/>\n<meta name=\"author\" content=\"Documentaci\u00f3n e investigaci\u00f3n\" \/>\n<meta name=\"twitter:card\" content=\"summary_large_image\" \/>\n<meta name=\"twitter:site\" content=\"@rafaramirez_ok\" \/>\n<meta name=\"twitter:label1\" content=\"Escrito por\" \/>\n\t<meta name=\"twitter:data1\" content=\"Documentaci\u00f3n e investigaci\u00f3n\" \/>\n\t<meta name=\"twitter:label2\" content=\"Tiempo de lectura\" \/>\n\t<meta name=\"twitter:data2\" content=\"11 minutos\" \/>\n<script type=\"application\/ld+json\" class=\"yoast-schema-graph\">{\"@context\":\"https:\\\/\\\/schema.org\",\"@graph\":[{\"@type\":\"Article\",\"@id\":\"https:\\\/\\\/rafaramirez.org\\\/blog\\\/index.php\\\/2025\\\/10\\\/23\\\/realismo-del-mito-a-la-realidad-el-arte-que-retrato-la-vida-comun\\\/#article\",\"isPartOf\":{\"@id\":\"https:\\\/\\\/rafaramirez.org\\\/blog\\\/index.php\\\/2025\\\/10\\\/23\\\/realismo-del-mito-a-la-realidad-el-arte-que-retrato-la-vida-comun\\\/\"},\"author\":{\"name\":\"Documentaci\u00f3n e investigaci\u00f3n\",\"@id\":\"https:\\\/\\\/rafaramirez.org\\\/blog\\\/#\\\/schema\\\/person\\\/8debd05b3d9a1d16fb21af726811617d\"},\"headline\":\"Realismo: del mito a la realidad, el arte que retrat\u00f3 la vida com\u00fan.\",\"datePublished\":\"2025-10-23T06:00:58+00:00\",\"dateModified\":\"2026-07-14T09:41:59+00:00\",\"mainEntityOfPage\":{\"@id\":\"https:\\\/\\\/rafaramirez.org\\\/blog\\\/index.php\\\/2025\\\/10\\\/23\\\/realismo-del-mito-a-la-realidad-el-arte-que-retrato-la-vida-comun\\\/\"},\"wordCount\":1818,\"commentCount\":0,\"publisher\":{\"@id\":\"https:\\\/\\\/rafaramirez.org\\\/blog\\\/#\\\/schema\\\/person\\\/50f43b6d60c578760d4c17bda54ab6a5\"},\"image\":{\"@id\":\"https:\\\/\\\/rafaramirez.org\\\/blog\\\/index.php\\\/2025\\\/10\\\/23\\\/realismo-del-mito-a-la-realidad-el-arte-que-retrato-la-vida-comun\\\/#primaryimage\"},\"thumbnailUrl\":\"https:\\\/\\\/rafaramirez.org\\\/blog\\\/wp-content\\\/uploads\\\/2025\\\/10\\\/El-realismo-en-la-pintura_bannerlog.jpg\",\"keywords\":[\"el realismo descifrado\",\"el realismo en la pintura\",\"historia de la pintura\",\"historia del arte\",\"historia del realismo\",\"realismo\",\"significado\"],\"articleSection\":[\"Historia del arte\"],\"inLanguage\":\"es\",\"potentialAction\":[{\"@type\":\"CommentAction\",\"name\":\"Comment\",\"target\":[\"https:\\\/\\\/rafaramirez.org\\\/blog\\\/index.php\\\/2025\\\/10\\\/23\\\/realismo-del-mito-a-la-realidad-el-arte-que-retrato-la-vida-comun\\\/#respond\"]}]},{\"@type\":\"WebPage\",\"@id\":\"https:\\\/\\\/rafaramirez.org\\\/blog\\\/index.php\\\/2025\\\/10\\\/23\\\/realismo-del-mito-a-la-realidad-el-arte-que-retrato-la-vida-comun\\\/\",\"url\":\"https:\\\/\\\/rafaramirez.org\\\/blog\\\/index.php\\\/2025\\\/10\\\/23\\\/realismo-del-mito-a-la-realidad-el-arte-que-retrato-la-vida-comun\\\/\",\"name\":\"Realismo: del mito a la realidad, el arte que retrat\u00f3 la vida com\u00fan. - Blog de Rafael Ram\u00edrez\",\"isPartOf\":{\"@id\":\"https:\\\/\\\/rafaramirez.org\\\/blog\\\/#website\"},\"primaryImageOfPage\":{\"@id\":\"https:\\\/\\\/rafaramirez.org\\\/blog\\\/index.php\\\/2025\\\/10\\\/23\\\/realismo-del-mito-a-la-realidad-el-arte-que-retrato-la-vida-comun\\\/#primaryimage\"},\"image\":{\"@id\":\"https:\\\/\\\/rafaramirez.org\\\/blog\\\/index.php\\\/2025\\\/10\\\/23\\\/realismo-del-mito-a-la-realidad-el-arte-que-retrato-la-vida-comun\\\/#primaryimage\"},\"thumbnailUrl\":\"https:\\\/\\\/rafaramirez.org\\\/blog\\\/wp-content\\\/uploads\\\/2025\\\/10\\\/El-realismo-en-la-pintura_bannerlog.jpg\",\"datePublished\":\"2025-10-23T06:00:58+00:00\",\"dateModified\":\"2026-07-14T09:41:59+00:00\",\"description\":\"El Realismo en la pintura fue un movimiento art\u00edstico surgido en Francia a mediados del siglo XIX, como reacci\u00f3n contra el idealismo del...\",\"breadcrumb\":{\"@id\":\"https:\\\/\\\/rafaramirez.org\\\/blog\\\/index.php\\\/2025\\\/10\\\/23\\\/realismo-del-mito-a-la-realidad-el-arte-que-retrato-la-vida-comun\\\/#breadcrumb\"},\"inLanguage\":\"es\",\"potentialAction\":[{\"@type\":\"ReadAction\",\"target\":[\"https:\\\/\\\/rafaramirez.org\\\/blog\\\/index.php\\\/2025\\\/10\\\/23\\\/realismo-del-mito-a-la-realidad-el-arte-que-retrato-la-vida-comun\\\/\"]}]},{\"@type\":\"ImageObject\",\"inLanguage\":\"es\",\"@id\":\"https:\\\/\\\/rafaramirez.org\\\/blog\\\/index.php\\\/2025\\\/10\\\/23\\\/realismo-del-mito-a-la-realidad-el-arte-que-retrato-la-vida-comun\\\/#primaryimage\",\"url\":\"https:\\\/\\\/rafaramirez.org\\\/blog\\\/wp-content\\\/uploads\\\/2025\\\/10\\\/El-realismo-en-la-pintura_bannerlog.jpg\",\"contentUrl\":\"https:\\\/\\\/rafaramirez.org\\\/blog\\\/wp-content\\\/uploads\\\/2025\\\/10\\\/El-realismo-en-la-pintura_bannerlog.jpg\",\"width\":720,\"height\":440,\"caption\":\"Realismo: del mito a la realidad, el arte que retrat\u00f3 la vida com\u00fan. Blog de Rafael Ram\u00edrez.\"},{\"@type\":\"BreadcrumbList\",\"@id\":\"https:\\\/\\\/rafaramirez.org\\\/blog\\\/index.php\\\/2025\\\/10\\\/23\\\/realismo-del-mito-a-la-realidad-el-arte-que-retrato-la-vida-comun\\\/#breadcrumb\",\"itemListElement\":[{\"@type\":\"ListItem\",\"position\":1,\"name\":\"Portada\",\"item\":\"https:\\\/\\\/rafaramirez.org\\\/blog\\\/\"},{\"@type\":\"ListItem\",\"position\":2,\"name\":\"Realismo: del mito a la realidad, el arte que retrat\u00f3 la vida com\u00fan.\"}]},{\"@type\":\"WebSite\",\"@id\":\"https:\\\/\\\/rafaramirez.org\\\/blog\\\/#website\",\"url\":\"https:\\\/\\\/rafaramirez.org\\\/blog\\\/\",\"name\":\"Blog de Rafael Ram\u00edrez\",\"description\":\"Un sitio social, de arte y cultura\",\"publisher\":{\"@id\":\"https:\\\/\\\/rafaramirez.org\\\/blog\\\/#\\\/schema\\\/person\\\/50f43b6d60c578760d4c17bda54ab6a5\"},\"potentialAction\":[{\"@type\":\"SearchAction\",\"target\":{\"@type\":\"EntryPoint\",\"urlTemplate\":\"https:\\\/\\\/rafaramirez.org\\\/blog\\\/?s={search_term_string}\"},\"query-input\":{\"@type\":\"PropertyValueSpecification\",\"valueRequired\":true,\"valueName\":\"search_term_string\"}}],\"inLanguage\":\"es\"},{\"@type\":[\"Person\",\"Organization\"],\"@id\":\"https:\\\/\\\/rafaramirez.org\\\/blog\\\/#\\\/schema\\\/person\\\/50f43b6d60c578760d4c17bda54ab6a5\",\"name\":\"Rafael Ram\u00edrez\",\"image\":{\"@type\":\"ImageObject\",\"inLanguage\":\"es\",\"@id\":\"https:\\\/\\\/rafaramirez.org\\\/blog\\\/wp-content\\\/uploads\\\/2024\\\/09\\\/RR_socialnetwork.jpg\",\"url\":\"https:\\\/\\\/rafaramirez.org\\\/blog\\\/wp-content\\\/uploads\\\/2024\\\/09\\\/RR_socialnetwork.jpg\",\"contentUrl\":\"https:\\\/\\\/rafaramirez.org\\\/blog\\\/wp-content\\\/uploads\\\/2024\\\/09\\\/RR_socialnetwork.jpg\",\"width\":600,\"height\":606,\"caption\":\"Rafael Ram\u00edrez\"},\"logo\":{\"@id\":\"https:\\\/\\\/rafaramirez.org\\\/blog\\\/wp-content\\\/uploads\\\/2024\\\/09\\\/RR_socialnetwork.jpg\"},\"sameAs\":[\"https:\\\/\\\/www.rafaramirez.org\\\/blog\",\"https:\\\/\\\/www.instagram.com\\\/rafaramirez_ok\\\/\",\"https:\\\/\\\/es.pinterest.com\\\/Ramirez_Rafa\\\/\",\"https:\\\/\\\/x.com\\\/rafaramirez_ok\"]},{\"@type\":\"Person\",\"@id\":\"https:\\\/\\\/rafaramirez.org\\\/blog\\\/#\\\/schema\\\/person\\\/8debd05b3d9a1d16fb21af726811617d\",\"name\":\"Documentaci\u00f3n e investigaci\u00f3n\",\"image\":{\"@type\":\"ImageObject\",\"inLanguage\":\"es\",\"@id\":\"https:\\\/\\\/secure.gravatar.com\\\/avatar\\\/fe70e496579a39c7a8fc4982b89275403b1092eb200623138a32daada9416911?s=96&d=mm&r=g\",\"url\":\"https:\\\/\\\/secure.gravatar.com\\\/avatar\\\/fe70e496579a39c7a8fc4982b89275403b1092eb200623138a32daada9416911?s=96&d=mm&r=g\",\"contentUrl\":\"https:\\\/\\\/secure.gravatar.com\\\/avatar\\\/fe70e496579a39c7a8fc4982b89275403b1092eb200623138a32daada9416911?s=96&d=mm&r=g\",\"caption\":\"Documentaci\u00f3n e investigaci\u00f3n\"},\"url\":\"https:\\\/\\\/rafaramirez.org\\\/blog\\\/index.php\\\/author\\\/admin\\\/\"}]}<\/script>\n<!-- \/ Yoast SEO plugin. -->","yoast_head_json":{"title":"Realismo: del mito a la realidad, el arte que retrat\u00f3 la vida com\u00fan. - Blog de Rafael Ram\u00edrez","description":"El Realismo en la pintura fue un movimiento art\u00edstico surgido en Francia a mediados del siglo XIX, como reacci\u00f3n contra el idealismo del...","robots":{"index":"index","follow":"follow","max-snippet":"max-snippet:-1","max-image-preview":"max-image-preview:large","max-video-preview":"max-video-preview:-1"},"canonical":"https:\/\/rafaramirez.org\/blog\/index.php\/2025\/10\/23\/realismo-del-mito-a-la-realidad-el-arte-que-retrato-la-vida-comun\/","og_locale":"es_ES","og_type":"article","og_title":"Realismo: del mito a la realidad, el arte que retrat\u00f3 la vida com\u00fan. - Blog de Rafael Ram\u00edrez","og_description":"El Realismo en la pintura fue un movimiento art\u00edstico surgido en Francia a mediados del siglo XIX, como reacci\u00f3n contra el idealismo del...","og_url":"https:\/\/rafaramirez.org\/blog\/index.php\/2025\/10\/23\/realismo-del-mito-a-la-realidad-el-arte-que-retrato-la-vida-comun\/","og_site_name":"Blog de Rafael Ram\u00edrez","article_published_time":"2025-10-23T06:00:58+00:00","article_modified_time":"2026-07-14T09:41:59+00:00","og_image":[{"width":720,"height":440,"url":"https:\/\/rafaramirez.org\/blog\/wp-content\/uploads\/2025\/10\/El-realismo-en-la-pintura_bannerlog.jpg","type":"image\/jpeg"}],"author":"Documentaci\u00f3n e investigaci\u00f3n","twitter_card":"summary_large_image","twitter_site":"@rafaramirez_ok","twitter_misc":{"Escrito por":"Documentaci\u00f3n e investigaci\u00f3n","Tiempo de lectura":"11 minutos"},"schema":{"@context":"https:\/\/schema.org","@graph":[{"@type":"Article","@id":"https:\/\/rafaramirez.org\/blog\/index.php\/2025\/10\/23\/realismo-del-mito-a-la-realidad-el-arte-que-retrato-la-vida-comun\/#article","isPartOf":{"@id":"https:\/\/rafaramirez.org\/blog\/index.php\/2025\/10\/23\/realismo-del-mito-a-la-realidad-el-arte-que-retrato-la-vida-comun\/"},"author":{"name":"Documentaci\u00f3n e investigaci\u00f3n","@id":"https:\/\/rafaramirez.org\/blog\/#\/schema\/person\/8debd05b3d9a1d16fb21af726811617d"},"headline":"Realismo: del mito a la realidad, el arte que retrat\u00f3 la vida com\u00fan.","datePublished":"2025-10-23T06:00:58+00:00","dateModified":"2026-07-14T09:41:59+00:00","mainEntityOfPage":{"@id":"https:\/\/rafaramirez.org\/blog\/index.php\/2025\/10\/23\/realismo-del-mito-a-la-realidad-el-arte-que-retrato-la-vida-comun\/"},"wordCount":1818,"commentCount":0,"publisher":{"@id":"https:\/\/rafaramirez.org\/blog\/#\/schema\/person\/50f43b6d60c578760d4c17bda54ab6a5"},"image":{"@id":"https:\/\/rafaramirez.org\/blog\/index.php\/2025\/10\/23\/realismo-del-mito-a-la-realidad-el-arte-que-retrato-la-vida-comun\/#primaryimage"},"thumbnailUrl":"https:\/\/rafaramirez.org\/blog\/wp-content\/uploads\/2025\/10\/El-realismo-en-la-pintura_bannerlog.jpg","keywords":["el realismo descifrado","el realismo en la pintura","historia de la pintura","historia del arte","historia del realismo","realismo","significado"],"articleSection":["Historia del arte"],"inLanguage":"es","potentialAction":[{"@type":"CommentAction","name":"Comment","target":["https:\/\/rafaramirez.org\/blog\/index.php\/2025\/10\/23\/realismo-del-mito-a-la-realidad-el-arte-que-retrato-la-vida-comun\/#respond"]}]},{"@type":"WebPage","@id":"https:\/\/rafaramirez.org\/blog\/index.php\/2025\/10\/23\/realismo-del-mito-a-la-realidad-el-arte-que-retrato-la-vida-comun\/","url":"https:\/\/rafaramirez.org\/blog\/index.php\/2025\/10\/23\/realismo-del-mito-a-la-realidad-el-arte-que-retrato-la-vida-comun\/","name":"Realismo: del mito a la realidad, el arte que retrat\u00f3 la vida com\u00fan. - Blog de Rafael Ram\u00edrez","isPartOf":{"@id":"https:\/\/rafaramirez.org\/blog\/#website"},"primaryImageOfPage":{"@id":"https:\/\/rafaramirez.org\/blog\/index.php\/2025\/10\/23\/realismo-del-mito-a-la-realidad-el-arte-que-retrato-la-vida-comun\/#primaryimage"},"image":{"@id":"https:\/\/rafaramirez.org\/blog\/index.php\/2025\/10\/23\/realismo-del-mito-a-la-realidad-el-arte-que-retrato-la-vida-comun\/#primaryimage"},"thumbnailUrl":"https:\/\/rafaramirez.org\/blog\/wp-content\/uploads\/2025\/10\/El-realismo-en-la-pintura_bannerlog.jpg","datePublished":"2025-10-23T06:00:58+00:00","dateModified":"2026-07-14T09:41:59+00:00","description":"El Realismo en la pintura fue un movimiento art\u00edstico surgido en Francia a mediados del siglo XIX, como reacci\u00f3n contra el idealismo del...","breadcrumb":{"@id":"https:\/\/rafaramirez.org\/blog\/index.php\/2025\/10\/23\/realismo-del-mito-a-la-realidad-el-arte-que-retrato-la-vida-comun\/#breadcrumb"},"inLanguage":"es","potentialAction":[{"@type":"ReadAction","target":["https:\/\/rafaramirez.org\/blog\/index.php\/2025\/10\/23\/realismo-del-mito-a-la-realidad-el-arte-que-retrato-la-vida-comun\/"]}]},{"@type":"ImageObject","inLanguage":"es","@id":"https:\/\/rafaramirez.org\/blog\/index.php\/2025\/10\/23\/realismo-del-mito-a-la-realidad-el-arte-que-retrato-la-vida-comun\/#primaryimage","url":"https:\/\/rafaramirez.org\/blog\/wp-content\/uploads\/2025\/10\/El-realismo-en-la-pintura_bannerlog.jpg","contentUrl":"https:\/\/rafaramirez.org\/blog\/wp-content\/uploads\/2025\/10\/El-realismo-en-la-pintura_bannerlog.jpg","width":720,"height":440,"caption":"Realismo: del mito a la realidad, el arte que retrat\u00f3 la vida com\u00fan. Blog de Rafael Ram\u00edrez."},{"@type":"BreadcrumbList","@id":"https:\/\/rafaramirez.org\/blog\/index.php\/2025\/10\/23\/realismo-del-mito-a-la-realidad-el-arte-que-retrato-la-vida-comun\/#breadcrumb","itemListElement":[{"@type":"ListItem","position":1,"name":"Portada","item":"https:\/\/rafaramirez.org\/blog\/"},{"@type":"ListItem","position":2,"name":"Realismo: del mito a la realidad, el arte que retrat\u00f3 la vida com\u00fan."}]},{"@type":"WebSite","@id":"https:\/\/rafaramirez.org\/blog\/#website","url":"https:\/\/rafaramirez.org\/blog\/","name":"Blog de Rafael Ram\u00edrez","description":"Un sitio social, de arte y cultura","publisher":{"@id":"https:\/\/rafaramirez.org\/blog\/#\/schema\/person\/50f43b6d60c578760d4c17bda54ab6a5"},"potentialAction":[{"@type":"SearchAction","target":{"@type":"EntryPoint","urlTemplate":"https:\/\/rafaramirez.org\/blog\/?s={search_term_string}"},"query-input":{"@type":"PropertyValueSpecification","valueRequired":true,"valueName":"search_term_string"}}],"inLanguage":"es"},{"@type":["Person","Organization"],"@id":"https:\/\/rafaramirez.org\/blog\/#\/schema\/person\/50f43b6d60c578760d4c17bda54ab6a5","name":"Rafael Ram\u00edrez","image":{"@type":"ImageObject","inLanguage":"es","@id":"https:\/\/rafaramirez.org\/blog\/wp-content\/uploads\/2024\/09\/RR_socialnetwork.jpg","url":"https:\/\/rafaramirez.org\/blog\/wp-content\/uploads\/2024\/09\/RR_socialnetwork.jpg","contentUrl":"https:\/\/rafaramirez.org\/blog\/wp-content\/uploads\/2024\/09\/RR_socialnetwork.jpg","width":600,"height":606,"caption":"Rafael Ram\u00edrez"},"logo":{"@id":"https:\/\/rafaramirez.org\/blog\/wp-content\/uploads\/2024\/09\/RR_socialnetwork.jpg"},"sameAs":["https:\/\/www.rafaramirez.org\/blog","https:\/\/www.instagram.com\/rafaramirez_ok\/","https:\/\/es.pinterest.com\/Ramirez_Rafa\/","https:\/\/x.com\/rafaramirez_ok"]},{"@type":"Person","@id":"https:\/\/rafaramirez.org\/blog\/#\/schema\/person\/8debd05b3d9a1d16fb21af726811617d","name":"Documentaci\u00f3n e investigaci\u00f3n","image":{"@type":"ImageObject","inLanguage":"es","@id":"https:\/\/secure.gravatar.com\/avatar\/fe70e496579a39c7a8fc4982b89275403b1092eb200623138a32daada9416911?s=96&d=mm&r=g","url":"https:\/\/secure.gravatar.com\/avatar\/fe70e496579a39c7a8fc4982b89275403b1092eb200623138a32daada9416911?s=96&d=mm&r=g","contentUrl":"https:\/\/secure.gravatar.com\/avatar\/fe70e496579a39c7a8fc4982b89275403b1092eb200623138a32daada9416911?s=96&d=mm&r=g","caption":"Documentaci\u00f3n e investigaci\u00f3n"},"url":"https:\/\/rafaramirez.org\/blog\/index.php\/author\/admin\/"}]}},"jetpack_publicize_connections":[],"jetpack_sharing_enabled":true,"jetpack_likes_enabled":true,"jetpack_featured_media_url":"https:\/\/rafaramirez.org\/blog\/wp-content\/uploads\/2025\/10\/El-realismo-en-la-pintura_bannerlog.jpg","_links":{"self":[{"href":"https:\/\/rafaramirez.org\/blog\/index.php\/wp-json\/wp\/v2\/posts\/10715","targetHints":{"allow":["GET"]}}],"collection":[{"href":"https:\/\/rafaramirez.org\/blog\/index.php\/wp-json\/wp\/v2\/posts"}],"about":[{"href":"https:\/\/rafaramirez.org\/blog\/index.php\/wp-json\/wp\/v2\/types\/post"}],"author":[{"embeddable":true,"href":"https:\/\/rafaramirez.org\/blog\/index.php\/wp-json\/wp\/v2\/users\/3"}],"replies":[{"embeddable":true,"href":"https:\/\/rafaramirez.org\/blog\/index.php\/wp-json\/wp\/v2\/comments?post=10715"}],"version-history":[{"count":8,"href":"https:\/\/rafaramirez.org\/blog\/index.php\/wp-json\/wp\/v2\/posts\/10715\/revisions"}],"predecessor-version":[{"id":11640,"href":"https:\/\/rafaramirez.org\/blog\/index.php\/wp-json\/wp\/v2\/posts\/10715\/revisions\/11640"}],"wp:featuredmedia":[{"embeddable":true,"href":"https:\/\/rafaramirez.org\/blog\/index.php\/wp-json\/wp\/v2\/media\/10724"}],"wp:attachment":[{"href":"https:\/\/rafaramirez.org\/blog\/index.php\/wp-json\/wp\/v2\/media?parent=10715"}],"wp:term":[{"taxonomy":"category","embeddable":true,"href":"https:\/\/rafaramirez.org\/blog\/index.php\/wp-json\/wp\/v2\/categories?post=10715"},{"taxonomy":"post_tag","embeddable":true,"href":"https:\/\/rafaramirez.org\/blog\/index.php\/wp-json\/wp\/v2\/tags?post=10715"}],"curies":[{"name":"wp","href":"https:\/\/api.w.org\/{rel}","templated":true}]}}