{"id":107,"date":"2014-06-23T12:23:45","date_gmt":"2014-06-23T10:23:45","guid":{"rendered":"http:\/\/blog.rafaramirez.org\/?p=107"},"modified":"2026-01-28T14:25:02","modified_gmt":"2026-01-28T13:25:02","slug":"sorolla-avanza-la-llegada-del-verano-cataluna-el-pais","status":"publish","type":"post","link":"https:\/\/rafaramirez.org\/blog\/index.php\/2014\/06\/23\/sorolla-avanza-la-llegada-del-verano-cataluna-el-pais\/","title":{"rendered":"Sorolla avanza la llegada del verano"},"content":{"rendered":"<p>Para no perderse la exposici\u00f3n Sorolla \u00a0\u00ab<em><strong>El color del mar\u00bb<\/strong><\/em>, que se inaugur\u00f3\u00a0el 12 de junio en Caixaforum.<br \/>\nMadrid, Tenerife y Las Palmas ya han visto ya la exposici\u00f3n, y tras Barcelona, donde se espera a 200.000 visitantes, viajar\u00e1 a Palma de Mallorca y Zaragoza.<\/p>\n<p style=\"text-align: center;\"><a href=\"http:\/\/ccaa.elpais.com\/ccaa\/2014\/06\/11\/catalunya\/1402520765_699904.html\" target=\"_blank\" rel=\"noopener noreferrer\"><img decoding=\"async\" src=\"https:\/\/rafaramirez.org\/blog\/wp-content\/uploads\/2014\/06\/1402520765_699904_1402520891_noticia_normal.jpg\" alt=\"\" \/><\/a><\/p>\n<p>Ver toda la informaci\u00f3n en \u00e9ste enlace: <a href=\"http:\/\/ccaa.elpais.com\/ccaa\/2014\/06\/11\/catalunya\/1402520765_699904.html\" target=\"_blank\" rel=\"noopener noreferrer\">Sorolla avanza la llegada del verano | Catalu\u00f1a | EL PA\u00cdS<\/a>.<\/p>\n","protected":false},"excerpt":{"rendered":"<p>Para no perderse la exposici\u00f3n Sorolla \u00a0\u00abEl color del mar\u00bb, que se inaugur\u00f3\u00a0el 12 de junio en Caixaforum. Madrid, Tenerife y Las Palmas ya han visto ya la exposici\u00f3n, y tras Barcelona, donde se espera a 200.000 visitantes, viajar\u00e1 a Palma de Mallorca y Zaragoza. Ver toda la informaci\u00f3n en \u00e9ste enlace: Sorolla avanza la [&hellip;]<\/p>\n","protected":false},"author":1,"featured_media":2549,"comment_status":"open","ping_status":"closed","sticky":false,"template":"","format":"standard","meta":{"site-container-style":"default","site-container-layout":"default","site-sidebar-layout":"default","disable-article-header":"default","disable-site-header":"default","disable-site-footer":"default","disable-content-area-spacing":"default","_jetpack_newsletter_access":"","_jetpack_dont_email_post_to_subs":false,"_jetpack_newsletter_tier_id":0,"_jetpack_memberships_contains_paywalled_content":false,"_jetpack_feature_clip_id":0,"_jetpack_memberships_contains_paid_content":false,"footnotes":"","jetpack_publicize_message":"","jetpack_publicize_feature_enabled":true,"jetpack_social_post_already_shared":true,"jetpack_social_options":{"image_generator_settings":{"template":"highway","default_image_id":0,"font":"","enabled":false},"version":2},"jetpack_post_was_ever_published":false},"categories":[5],"tags":[584,582,583,241,325],"class_list":["post-107","post","type-post","status-publish","format-standard","has-post-thumbnail","hentry","category-manualidades","tag-caixaforum","tag-el-color-del-mar","tag-exposicion-sorolla","tag-joaquin-sorolla","tag-noticias-culturales"],"yoast_head":"<!-- This site is optimized with the Yoast SEO plugin v28.4 - https:\/\/yoast.com\/product\/yoast-seo-wordpress\/ -->\n<title>Sorolla avanza la llegada del verano - Blog de Rafael Ram\u00edrez<\/title>\n<meta name=\"robots\" content=\"index, follow, max-snippet:-1, max-image-preview:large, max-video-preview:-1\" \/>\n<link rel=\"canonical\" href=\"https:\/\/rafaramirez.org\/blog\/index.php\/2014\/06\/23\/sorolla-avanza-la-llegada-del-verano-cataluna-el-pais\/\" \/>\n<meta property=\"og:locale\" content=\"es_ES\" \/>\n<meta property=\"og:type\" content=\"article\" \/>\n<meta property=\"og:title\" content=\"Sorolla avanza la llegada del verano - Blog de Rafael Ram\u00edrez\" \/>\n<meta property=\"og:description\" content=\"Para no perderse la exposici\u00f3n Sorolla \u00a0\u00abEl color del mar\u00bb, que se inaugur\u00f3\u00a0el 12 de junio en Caixaforum. Madrid, Tenerife y Las Palmas ya han visto ya la exposici\u00f3n, y tras Barcelona, donde se espera a 200.000 visitantes, viajar\u00e1 a Palma de Mallorca y Zaragoza. Ver toda la informaci\u00f3n en \u00e9ste enlace: Sorolla avanza la [&hellip;]\" \/>\n<meta property=\"og:url\" content=\"https:\/\/rafaramirez.org\/blog\/index.php\/2014\/06\/23\/sorolla-avanza-la-llegada-del-verano-cataluna-el-pais\/\" \/>\n<meta property=\"og:site_name\" content=\"Blog de Rafael Ram\u00edrez\" \/>\n<meta property=\"article:published_time\" content=\"2014-06-23T10:23:45+00:00\" \/>\n<meta property=\"article:modified_time\" content=\"2026-01-28T13:25:02+00:00\" \/>\n<meta property=\"og:image\" content=\"https:\/\/rafaramirez.org\/blog\/wp-content\/uploads\/2014\/06\/SOROLLA-AUTORRETRATO-REDUC.jpg\" \/>\n\t<meta property=\"og:image:width\" content=\"684\" \/>\n\t<meta property=\"og:image:height\" content=\"570\" \/>\n\t<meta property=\"og:image:type\" content=\"image\/jpeg\" \/>\n<meta name=\"author\" content=\"Rafael Ram\u00edrez\" \/>\n<meta name=\"twitter:card\" content=\"summary_large_image\" \/>\n<meta name=\"twitter:creator\" content=\"@rafaramirez_ok\" \/>\n<meta name=\"twitter:site\" content=\"@rafaramirez_ok\" \/>\n<meta name=\"twitter:label1\" content=\"Escrito por\" \/>\n\t<meta name=\"twitter:data1\" content=\"Rafael Ram\u00edrez\" \/>\n<script type=\"application\/ld+json\" class=\"yoast-schema-graph\">{\"@context\":\"https:\\\/\\\/schema.org\",\"@graph\":[{\"@type\":\"Article\",\"@id\":\"https:\\\/\\\/rafaramirez.org\\\/blog\\\/index.php\\\/2014\\\/06\\\/23\\\/sorolla-avanza-la-llegada-del-verano-cataluna-el-pais\\\/#article\",\"isPartOf\":{\"@id\":\"https:\\\/\\\/rafaramirez.org\\\/blog\\\/index.php\\\/2014\\\/06\\\/23\\\/sorolla-avanza-la-llegada-del-verano-cataluna-el-pais\\\/\"},\"author\":{\"name\":\"Rafael Ram\u00edrez\",\"@id\":\"https:\\\/\\\/rafaramirez.org\\\/blog\\\/#\\\/schema\\\/person\\\/50f43b6d60c578760d4c17bda54ab6a5\"},\"headline\":\"Sorolla avanza la llegada del verano\",\"datePublished\":\"2014-06-23T10:23:45+00:00\",\"dateModified\":\"2026-01-28T13:25:02+00:00\",\"mainEntityOfPage\":{\"@id\":\"https:\\\/\\\/rafaramirez.org\\\/blog\\\/index.php\\\/2014\\\/06\\\/23\\\/sorolla-avanza-la-llegada-del-verano-cataluna-el-pais\\\/\"},\"wordCount\":71,\"commentCount\":0,\"publisher\":{\"@id\":\"https:\\\/\\\/rafaramirez.org\\\/blog\\\/#\\\/schema\\\/person\\\/50f43b6d60c578760d4c17bda54ab6a5\"},\"image\":{\"@id\":\"https:\\\/\\\/rafaramirez.org\\\/blog\\\/index.php\\\/2014\\\/06\\\/23\\\/sorolla-avanza-la-llegada-del-verano-cataluna-el-pais\\\/#primaryimage\"},\"thumbnailUrl\":\"https:\\\/\\\/rafaramirez.org\\\/blog\\\/wp-content\\\/uploads\\\/2014\\\/06\\\/SOROLLA-AUTORRETRATO-REDUC.jpg\",\"keywords\":[\"Caixaforum\",\"El color del mar\",\"exposici\u00f3n Sorolla\",\"Joaqu\u00edn Sorolla\",\"noticias culturales\"],\"articleSection\":[\"Manualidades\"],\"inLanguage\":\"es\",\"potentialAction\":[{\"@type\":\"CommentAction\",\"name\":\"Comment\",\"target\":[\"https:\\\/\\\/rafaramirez.org\\\/blog\\\/index.php\\\/2014\\\/06\\\/23\\\/sorolla-avanza-la-llegada-del-verano-cataluna-el-pais\\\/#respond\"]}]},{\"@type\":\"WebPage\",\"@id\":\"https:\\\/\\\/rafaramirez.org\\\/blog\\\/index.php\\\/2014\\\/06\\\/23\\\/sorolla-avanza-la-llegada-del-verano-cataluna-el-pais\\\/\",\"url\":\"https:\\\/\\\/rafaramirez.org\\\/blog\\\/index.php\\\/2014\\\/06\\\/23\\\/sorolla-avanza-la-llegada-del-verano-cataluna-el-pais\\\/\",\"name\":\"Sorolla avanza la llegada del verano - Blog de Rafael Ram\u00edrez\",\"isPartOf\":{\"@id\":\"https:\\\/\\\/rafaramirez.org\\\/blog\\\/#website\"},\"primaryImageOfPage\":{\"@id\":\"https:\\\/\\\/rafaramirez.org\\\/blog\\\/index.php\\\/2014\\\/06\\\/23\\\/sorolla-avanza-la-llegada-del-verano-cataluna-el-pais\\\/#primaryimage\"},\"image\":{\"@id\":\"https:\\\/\\\/rafaramirez.org\\\/blog\\\/index.php\\\/2014\\\/06\\\/23\\\/sorolla-avanza-la-llegada-del-verano-cataluna-el-pais\\\/#primaryimage\"},\"thumbnailUrl\":\"https:\\\/\\\/rafaramirez.org\\\/blog\\\/wp-content\\\/uploads\\\/2014\\\/06\\\/SOROLLA-AUTORRETRATO-REDUC.jpg\",\"datePublished\":\"2014-06-23T10:23:45+00:00\",\"dateModified\":\"2026-01-28T13:25:02+00:00\",\"breadcrumb\":{\"@id\":\"https:\\\/\\\/rafaramirez.org\\\/blog\\\/index.php\\\/2014\\\/06\\\/23\\\/sorolla-avanza-la-llegada-del-verano-cataluna-el-pais\\\/#breadcrumb\"},\"inLanguage\":\"es\",\"potentialAction\":[{\"@type\":\"ReadAction\",\"target\":[\"https:\\\/\\\/rafaramirez.org\\\/blog\\\/index.php\\\/2014\\\/06\\\/23\\\/sorolla-avanza-la-llegada-del-verano-cataluna-el-pais\\\/\"]}]},{\"@type\":\"ImageObject\",\"inLanguage\":\"es\",\"@id\":\"https:\\\/\\\/rafaramirez.org\\\/blog\\\/index.php\\\/2014\\\/06\\\/23\\\/sorolla-avanza-la-llegada-del-verano-cataluna-el-pais\\\/#primaryimage\",\"url\":\"https:\\\/\\\/rafaramirez.org\\\/blog\\\/wp-content\\\/uploads\\\/2014\\\/06\\\/SOROLLA-AUTORRETRATO-REDUC.jpg\",\"contentUrl\":\"https:\\\/\\\/rafaramirez.org\\\/blog\\\/wp-content\\\/uploads\\\/2014\\\/06\\\/SOROLLA-AUTORRETRATO-REDUC.jpg\",\"width\":684,\"height\":570},{\"@type\":\"BreadcrumbList\",\"@id\":\"https:\\\/\\\/rafaramirez.org\\\/blog\\\/index.php\\\/2014\\\/06\\\/23\\\/sorolla-avanza-la-llegada-del-verano-cataluna-el-pais\\\/#breadcrumb\",\"itemListElement\":[{\"@type\":\"ListItem\",\"position\":1,\"name\":\"Portada\",\"item\":\"https:\\\/\\\/rafaramirez.org\\\/blog\\\/\"},{\"@type\":\"ListItem\",\"position\":2,\"name\":\"Sorolla avanza la llegada del verano\"}]},{\"@type\":\"WebSite\",\"@id\":\"https:\\\/\\\/rafaramirez.org\\\/blog\\\/#website\",\"url\":\"https:\\\/\\\/rafaramirez.org\\\/blog\\\/\",\"name\":\"Blog de Rafael Ram\u00edrez\",\"description\":\"Un sitio social, de arte y cultura\",\"publisher\":{\"@id\":\"https:\\\/\\\/rafaramirez.org\\\/blog\\\/#\\\/schema\\\/person\\\/50f43b6d60c578760d4c17bda54ab6a5\"},\"potentialAction\":[{\"@type\":\"SearchAction\",\"target\":{\"@type\":\"EntryPoint\",\"urlTemplate\":\"https:\\\/\\\/rafaramirez.org\\\/blog\\\/?s={search_term_string}\"},\"query-input\":{\"@type\":\"PropertyValueSpecification\",\"valueRequired\":true,\"valueName\":\"search_term_string\"}}],\"inLanguage\":\"es\"},{\"@type\":[\"Person\",\"Organization\"],\"@id\":\"https:\\\/\\\/rafaramirez.org\\\/blog\\\/#\\\/schema\\\/person\\\/50f43b6d60c578760d4c17bda54ab6a5\",\"name\":\"Rafael Ram\u00edrez\",\"image\":{\"@type\":\"ImageObject\",\"inLanguage\":\"es\",\"@id\":\"https:\\\/\\\/rafaramirez.org\\\/blog\\\/wp-content\\\/uploads\\\/2024\\\/09\\\/RR_socialnetwork.jpg\",\"url\":\"https:\\\/\\\/rafaramirez.org\\\/blog\\\/wp-content\\\/uploads\\\/2024\\\/09\\\/RR_socialnetwork.jpg\",\"contentUrl\":\"https:\\\/\\\/rafaramirez.org\\\/blog\\\/wp-content\\\/uploads\\\/2024\\\/09\\\/RR_socialnetwork.jpg\",\"width\":600,\"height\":606,\"caption\":\"Rafael Ram\u00edrez\"},\"logo\":{\"@id\":\"https:\\\/\\\/rafaramirez.org\\\/blog\\\/wp-content\\\/uploads\\\/2024\\\/09\\\/RR_socialnetwork.jpg\"},\"sameAs\":[\"https:\\\/\\\/www.rafaramirez.org\\\/blog\",\"https:\\\/\\\/www.instagram.com\\\/rafaramirez_ok\\\/\",\"https:\\\/\\\/es.pinterest.com\\\/Ramirez_Rafa\\\/\",\"https:\\\/\\\/x.com\\\/rafaramirez_ok\"],\"url\":\"https:\\\/\\\/rafaramirez.org\\\/blog\\\/index.php\\\/author\\\/rafaell_qm6j97da\\\/\"}]}<\/script>\n<!-- \/ Yoast SEO plugin. -->","yoast_head_json":{"title":"Sorolla avanza la llegada del verano - Blog de Rafael Ram\u00edrez","robots":{"index":"index","follow":"follow","max-snippet":"max-snippet:-1","max-image-preview":"max-image-preview:large","max-video-preview":"max-video-preview:-1"},"canonical":"https:\/\/rafaramirez.org\/blog\/index.php\/2014\/06\/23\/sorolla-avanza-la-llegada-del-verano-cataluna-el-pais\/","og_locale":"es_ES","og_type":"article","og_title":"Sorolla avanza la llegada del verano - Blog de Rafael Ram\u00edrez","og_description":"Para no perderse la exposici\u00f3n Sorolla \u00a0\u00abEl color del mar\u00bb, que se inaugur\u00f3\u00a0el 12 de junio en Caixaforum. Madrid, Tenerife y Las Palmas ya han visto ya la exposici\u00f3n, y tras Barcelona, donde se espera a 200.000 visitantes, viajar\u00e1 a Palma de Mallorca y Zaragoza. Ver toda la informaci\u00f3n en \u00e9ste enlace: Sorolla avanza la [&hellip;]","og_url":"https:\/\/rafaramirez.org\/blog\/index.php\/2014\/06\/23\/sorolla-avanza-la-llegada-del-verano-cataluna-el-pais\/","og_site_name":"Blog de Rafael Ram\u00edrez","article_published_time":"2014-06-23T10:23:45+00:00","article_modified_time":"2026-01-28T13:25:02+00:00","og_image":[{"width":684,"height":570,"url":"https:\/\/rafaramirez.org\/blog\/wp-content\/uploads\/2014\/06\/SOROLLA-AUTORRETRATO-REDUC.jpg","type":"image\/jpeg"}],"author":"Rafael Ram\u00edrez","twitter_card":"summary_large_image","twitter_creator":"@rafaramirez_ok","twitter_site":"@rafaramirez_ok","twitter_misc":{"Escrito por":"Rafael Ram\u00edrez"},"schema":{"@context":"https:\/\/schema.org","@graph":[{"@type":"Article","@id":"https:\/\/rafaramirez.org\/blog\/index.php\/2014\/06\/23\/sorolla-avanza-la-llegada-del-verano-cataluna-el-pais\/#article","isPartOf":{"@id":"https:\/\/rafaramirez.org\/blog\/index.php\/2014\/06\/23\/sorolla-avanza-la-llegada-del-verano-cataluna-el-pais\/"},"author":{"name":"Rafael Ram\u00edrez","@id":"https:\/\/rafaramirez.org\/blog\/#\/schema\/person\/50f43b6d60c578760d4c17bda54ab6a5"},"headline":"Sorolla avanza la llegada del verano","datePublished":"2014-06-23T10:23:45+00:00","dateModified":"2026-01-28T13:25:02+00:00","mainEntityOfPage":{"@id":"https:\/\/rafaramirez.org\/blog\/index.php\/2014\/06\/23\/sorolla-avanza-la-llegada-del-verano-cataluna-el-pais\/"},"wordCount":71,"commentCount":0,"publisher":{"@id":"https:\/\/rafaramirez.org\/blog\/#\/schema\/person\/50f43b6d60c578760d4c17bda54ab6a5"},"image":{"@id":"https:\/\/rafaramirez.org\/blog\/index.php\/2014\/06\/23\/sorolla-avanza-la-llegada-del-verano-cataluna-el-pais\/#primaryimage"},"thumbnailUrl":"https:\/\/rafaramirez.org\/blog\/wp-content\/uploads\/2014\/06\/SOROLLA-AUTORRETRATO-REDUC.jpg","keywords":["Caixaforum","El color del mar","exposici\u00f3n Sorolla","Joaqu\u00edn Sorolla","noticias culturales"],"articleSection":["Manualidades"],"inLanguage":"es","potentialAction":[{"@type":"CommentAction","name":"Comment","target":["https:\/\/rafaramirez.org\/blog\/index.php\/2014\/06\/23\/sorolla-avanza-la-llegada-del-verano-cataluna-el-pais\/#respond"]}]},{"@type":"WebPage","@id":"https:\/\/rafaramirez.org\/blog\/index.php\/2014\/06\/23\/sorolla-avanza-la-llegada-del-verano-cataluna-el-pais\/","url":"https:\/\/rafaramirez.org\/blog\/index.php\/2014\/06\/23\/sorolla-avanza-la-llegada-del-verano-cataluna-el-pais\/","name":"Sorolla avanza la llegada del verano - Blog de Rafael Ram\u00edrez","isPartOf":{"@id":"https:\/\/rafaramirez.org\/blog\/#website"},"primaryImageOfPage":{"@id":"https:\/\/rafaramirez.org\/blog\/index.php\/2014\/06\/23\/sorolla-avanza-la-llegada-del-verano-cataluna-el-pais\/#primaryimage"},"image":{"@id":"https:\/\/rafaramirez.org\/blog\/index.php\/2014\/06\/23\/sorolla-avanza-la-llegada-del-verano-cataluna-el-pais\/#primaryimage"},"thumbnailUrl":"https:\/\/rafaramirez.org\/blog\/wp-content\/uploads\/2014\/06\/SOROLLA-AUTORRETRATO-REDUC.jpg","datePublished":"2014-06-23T10:23:45+00:00","dateModified":"2026-01-28T13:25:02+00:00","breadcrumb":{"@id":"https:\/\/rafaramirez.org\/blog\/index.php\/2014\/06\/23\/sorolla-avanza-la-llegada-del-verano-cataluna-el-pais\/#breadcrumb"},"inLanguage":"es","potentialAction":[{"@type":"ReadAction","target":["https:\/\/rafaramirez.org\/blog\/index.php\/2014\/06\/23\/sorolla-avanza-la-llegada-del-verano-cataluna-el-pais\/"]}]},{"@type":"ImageObject","inLanguage":"es","@id":"https:\/\/rafaramirez.org\/blog\/index.php\/2014\/06\/23\/sorolla-avanza-la-llegada-del-verano-cataluna-el-pais\/#primaryimage","url":"https:\/\/rafaramirez.org\/blog\/wp-content\/uploads\/2014\/06\/SOROLLA-AUTORRETRATO-REDUC.jpg","contentUrl":"https:\/\/rafaramirez.org\/blog\/wp-content\/uploads\/2014\/06\/SOROLLA-AUTORRETRATO-REDUC.jpg","width":684,"height":570},{"@type":"BreadcrumbList","@id":"https:\/\/rafaramirez.org\/blog\/index.php\/2014\/06\/23\/sorolla-avanza-la-llegada-del-verano-cataluna-el-pais\/#breadcrumb","itemListElement":[{"@type":"ListItem","position":1,"name":"Portada","item":"https:\/\/rafaramirez.org\/blog\/"},{"@type":"ListItem","position":2,"name":"Sorolla avanza la llegada del verano"}]},{"@type":"WebSite","@id":"https:\/\/rafaramirez.org\/blog\/#website","url":"https:\/\/rafaramirez.org\/blog\/","name":"Blog de Rafael Ram\u00edrez","description":"Un sitio social, de arte y cultura","publisher":{"@id":"https:\/\/rafaramirez.org\/blog\/#\/schema\/person\/50f43b6d60c578760d4c17bda54ab6a5"},"potentialAction":[{"@type":"SearchAction","target":{"@type":"EntryPoint","urlTemplate":"https:\/\/rafaramirez.org\/blog\/?s={search_term_string}"},"query-input":{"@type":"PropertyValueSpecification","valueRequired":true,"valueName":"search_term_string"}}],"inLanguage":"es"},{"@type":["Person","Organization"],"@id":"https:\/\/rafaramirez.org\/blog\/#\/schema\/person\/50f43b6d60c578760d4c17bda54ab6a5","name":"Rafael Ram\u00edrez","image":{"@type":"ImageObject","inLanguage":"es","@id":"https:\/\/rafaramirez.org\/blog\/wp-content\/uploads\/2024\/09\/RR_socialnetwork.jpg","url":"https:\/\/rafaramirez.org\/blog\/wp-content\/uploads\/2024\/09\/RR_socialnetwork.jpg","contentUrl":"https:\/\/rafaramirez.org\/blog\/wp-content\/uploads\/2024\/09\/RR_socialnetwork.jpg","width":600,"height":606,"caption":"Rafael Ram\u00edrez"},"logo":{"@id":"https:\/\/rafaramirez.org\/blog\/wp-content\/uploads\/2024\/09\/RR_socialnetwork.jpg"},"sameAs":["https:\/\/www.rafaramirez.org\/blog","https:\/\/www.instagram.com\/rafaramirez_ok\/","https:\/\/es.pinterest.com\/Ramirez_Rafa\/","https:\/\/x.com\/rafaramirez_ok"],"url":"https:\/\/rafaramirez.org\/blog\/index.php\/author\/rafaell_qm6j97da\/"}]}},"jetpack_publicize_connections":[],"jetpack_sharing_enabled":true,"jetpack_likes_enabled":true,"jetpack_featured_media_url":"https:\/\/rafaramirez.org\/blog\/wp-content\/uploads\/2014\/06\/SOROLLA-AUTORRETRATO-REDUC.jpg","_links":{"self":[{"href":"https:\/\/rafaramirez.org\/blog\/index.php\/wp-json\/wp\/v2\/posts\/107","targetHints":{"allow":["GET"]}}],"collection":[{"href":"https:\/\/rafaramirez.org\/blog\/index.php\/wp-json\/wp\/v2\/posts"}],"about":[{"href":"https:\/\/rafaramirez.org\/blog\/index.php\/wp-json\/wp\/v2\/types\/post"}],"author":[{"embeddable":true,"href":"https:\/\/rafaramirez.org\/blog\/index.php\/wp-json\/wp\/v2\/users\/1"}],"replies":[{"embeddable":true,"href":"https:\/\/rafaramirez.org\/blog\/index.php\/wp-json\/wp\/v2\/comments?post=107"}],"version-history":[{"count":2,"href":"https:\/\/rafaramirez.org\/blog\/index.php\/wp-json\/wp\/v2\/posts\/107\/revisions"}],"predecessor-version":[{"id":2551,"href":"https:\/\/rafaramirez.org\/blog\/index.php\/wp-json\/wp\/v2\/posts\/107\/revisions\/2551"}],"wp:featuredmedia":[{"embeddable":true,"href":"https:\/\/rafaramirez.org\/blog\/index.php\/wp-json\/wp\/v2\/media\/2549"}],"wp:attachment":[{"href":"https:\/\/rafaramirez.org\/blog\/index.php\/wp-json\/wp\/v2\/media?parent=107"}],"wp:term":[{"taxonomy":"category","embeddable":true,"href":"https:\/\/rafaramirez.org\/blog\/index.php\/wp-json\/wp\/v2\/categories?post=107"},{"taxonomy":"post_tag","embeddable":true,"href":"https:\/\/rafaramirez.org\/blog\/index.php\/wp-json\/wp\/v2\/tags?post=107"}],"curies":[{"name":"wp","href":"https:\/\/api.w.org\/{rel}","templated":true}]}}