{"id":1065,"date":"2015-04-15T19:25:23","date_gmt":"2015-04-15T17:25:23","guid":{"rendered":"http:\/\/blog.rafaramirez.org\/?p=1065"},"modified":"2021-03-22T12:45:42","modified_gmt":"2021-03-22T11:45:42","slug":"abril-the-shepheardes-calendar","status":"publish","type":"post","link":"https:\/\/rafaramirez.org\/blog\/index.php\/2015\/04\/15\/abril-the-shepheardes-calendar\/","title":{"rendered":"Abril, The Shepheardes Calendar"},"content":{"rendered":"<blockquote>\n<div><em><strong><span id=\"ouHighlight__0_4TO0_4\">Abril<\/span><\/strong><\/em><span id=\"noHighlight_0.8245164376640552\"> <\/span><span id=\"ouHighlight__6_9TO6_7\">de<\/span><span id=\"ouHighlight__11_13TO9_10\">l\u00a0<\/span><a href=\"http:\/\/en.wikipedia.org\/wiki\/The_Shepheardes_Calender\" target=\"_blank\" rel=\"noopener noreferrer\"><strong><span id=\"ouHighlight__15_25TO12_22\">Shepheardes<\/span><\/strong><\/a><span id=\"noHighlight_0.9350413718971118\"> <\/span><strong><span id=\"ouHighlight__27_34TO24_31\">Calendar<\/span><span id=\"noHighlight_0.32934728811327607\">,<\/span><\/strong><span id=\"noHighlight_0.08133522668849408\"> <\/span><span id=\"ouHighlight__37_38TO34_34\">o<\/span><span id=\"noHighlight_0.16422420221500783\"> <\/span><span id=\"ouHighlight__41_42TO36_39\">como<\/span><span id=\"noHighlight_0.9376182704022804\"> <\/span><a href=\"http:\/\/es.wikipedia.org\/wiki\/Edmund_Spenser\" target=\"_blank\" rel=\"noopener noreferrer\"><span id=\"ouHighlight__44_50TO41_47\">Spenser<\/span><\/a><span id=\"noHighlight_0.7340784868367391\"> <\/span><span id=\"ouHighlight__52_56TO49_56\">escribi\u00f3 <\/span><em><span id=\"noHighlight_0.8543415130759138\">A<\/span><span id=\"ouHighlight__62_67TO59_63\">prill<\/span><\/em><span id=\"noHighlight_0.31594482483817793\">.<\/span><span id=\"noHighlight_0.47058953758152916\"> <\/span><\/div>\n<div><span id=\"ouHighlight__70_73TO66_69\">\u00c9ste<\/span><span id=\"noHighlight_0.16577980819106774\"> <\/span><strong><span id=\"ouHighlight__75_81TO71_77\">\u00c6glogue<\/span><\/strong><span id=\"noHighlight_0.24117260404190788\"> <\/span><span id=\"ouHighlight__83_85TO79_81\">fue<\/span><span id=\"noHighlight_0.8920312710579825\"> realizad<\/span><span id=\"ouHighlight__87_93TO83_89\">o<\/span><span id=\"noHighlight_0.1946068393389952\">\u00a0<\/span><span id=\"ouHighlight__95_96TO91_94\">en honor<\/span><span id=\"noHighlight_0.4646593603565366\">\u00a0la <\/span><span id=\"ouHighlight__105_109TO108_112\">reina<\/span><strong><span id=\"noHighlight_0.9966755887772301\">\u00a0<\/span><a href=\"http:\/\/es.wikipedia.org\/wiki\/Isabel_I_de_Inglaterra\" target=\"_blank\" rel=\"noopener noreferrer\"><em><span id=\"ouHighlight__111_119TO114_122\">Isabel<\/span><span id=\"noHighlight_0.32302301300466973\"> <\/span><span id=\"ouHighlight__121_122TO124_124\">I<\/span><\/em><\/a><\/strong><a href=\"http:\/\/es.wikipedia.org\/wiki\/Isabel_I_de_Inglaterra\" target=\"_blank\" rel=\"noopener noreferrer\"><span id=\"noHighlight_0.8001012184373397\">. <\/span><\/a><span id=\"ouHighlight__124_132TO127_129\">Hay<\/span><span id=\"noHighlight_0.09274849934607276\"> <\/span><span id=\"ouHighlight__134_136TO131_133\">dos<\/span><span id=\"noHighlight_0.7009650131220788\"> <\/span><span id=\"ouHighlight__138_146TO135_142\">pastores<\/span><span id=\"noHighlight_0.4228674331766611\">,<\/span><span id=\"noHighlight_0.6554490379444446\"> <\/span><a href=\"https:\/\/books.google.es\/books?id=l3udXb1TQs0C&amp;pg=PT128&amp;lpg=PT128&amp;dq=Hobbinoll+y+Thenott&amp;source=bl&amp;ots=AjxNivo-Qz&amp;sig=Z-cpsvYudZqyvQLMeM6gWqes5AI&amp;hl=es&amp;sa=X&amp;ei=BqAuVb_uMYPR7Qag5YBw&amp;ved=0CCwQ6AEwAQ#v=onepage&amp;q=Hobbinoll%20y%20Thenott&amp;f=false\" target=\"_blank\" rel=\"noopener noreferrer\"><span id=\"ouHighlight__149_157TO145_153\">Hobbinoll<\/span><\/a><span id=\"noHighlight_0.17672341078967835\"> <\/span><span id=\"ouHighlight__159_161TO155_155\">y<\/span><span id=\"noHighlight_0.21317228615451422\"> <\/span><span id=\"ouHighlight__163_169TO157_163\">Thenott<\/span><span id=\"ouHighlight__170_170TO164_164\">;<\/span><span id=\"noHighlight_0.37737350018562404\"> <\/span><span id=\"ouHighlight__172_173TO166_168\">a <\/span><span id=\"ouHighlight__179_187TO180_188\">Hobbinoll<\/span><span id=\"noHighlight_0.5254278230946849\"> le conocimos <\/span><span id=\"ouHighlight__189_195TO190_194\">antes<\/span><span id=\"noHighlight_0.20478352283229817\">,<\/span><span id=\"noHighlight_0.14033140589780757\"> <\/span><span id=\"ouHighlight__198_201TO197_202\">cuando<\/span><span id=\"noHighlight_0.8129234903004838\">\u00a0<\/span><span id=\"ouHighlight__203_210TO204_209\">amaba a <\/span><span id=\"noHighlight_0.7431816947861627\">\u00a0<\/span><span id=\"ouHighlight__212_216TO211_215\">Colin<\/span><span id=\"noHighlight_0.5119774328254835\">.<\/span><span id=\"noHighlight_0.08571338420496827\">\u00a0 La r<\/span><span id=\"ouHighlight__219_223TO218_222\">eina<\/span><span id=\"noHighlight_0.12285453630208942\"> <\/span><span id=\"ouHighlight__225_233TO224_232\">Isabel <\/span><span id=\"ouHighlight__235_236TO234_235\">se<\/span><span id=\"noHighlight_0.827706701497356\"> <\/span><span id=\"ouHighlight__238_242TO237_243\">muestra<\/span><span id=\"noHighlight_0.8128213688187214\"> <\/span><span id=\"ouHighlight__244_253TO245_253\">junto\u00a0a<\/span><span id=\"noHighlight_0.8902914157502306\"> <\/span><span id=\"ouHighlight__255_261TO255_260\">varios<\/span><span id=\"noHighlight_0.3041899459514928\"> <\/span><span id=\"ouHighlight__263_271TO262_271\">cortesanos<\/span><span id=\"noHighlight_0.47916051563169165\">,<\/span><span id=\"noHighlight_0.6225204955104859\"> as\u00ed como al\u00a0<\/span><span id=\"ouHighlight__291_294TO285_289\">signo<\/span><span id=\"noHighlight_0.35933346824037576\"> <\/span><span id=\"ouHighlight__284_289TO291_298\">zodiacal<\/span><span id=\"noHighlight_0.40966652021195765\"> <\/span><span id=\"ouHighlight__300_305TO303_307\">Tauro<\/span><span id=\"noHighlight_0.7957302232560398\"> <\/span><span id=\"ouHighlight__307_309TO309_309\">y<\/span><span id=\"noHighlight_0.8417426432457681\"> <\/span><span id=\"ouHighlight__311_313TO311_312\">su<\/span><span id=\"noHighlight_0.04837359546341313\"> <\/span><span id=\"ouHighlight__315_319TO314_317\">toro<\/span><span id=\"noHighlight_0.3722033842725288\">.<\/span><\/div>\n<\/blockquote>\n<p>Puede encontrar esta imagen libre, para uso no comercial en diferentes tama\u00f1os en:<\/p>\n<p><a href=\"http:\/\/www.fromoldbooks.org\/Renwick-Spenser\/pages\/Calendar-04-April\/\" target=\"_blank\" rel=\"noopener noreferrer\">http:\/\/www.fromoldbooks.org\/Renwick-Spenser\/pages\/Calendar-04-April\/<\/a><\/p>\n<p>Del Libro <a href=\"http:\/\/www.fromoldbooks.org\/Renwick-Spenser\/\" target=\"_blank\" rel=\"noopener noreferrer\"><span style=\"text-decoration: underline;\"><span style=\"color: #0066cc;\"><span class=\"title\">\u201cThe Works of Edmund Spenser, Volume I\u201d<\/span> (1930)<\/span><\/span><\/a><\/p>\n","protected":false},"excerpt":{"rendered":"<p>Abril del\u00a0Shepheardes Calendar, o como Spenser escribi\u00f3 Aprill. \u00c9ste \u00c6glogue fue realizado\u00a0en honor\u00a0la reina\u00a0Isabel I. Hay dos pastores, Hobbinoll y Thenott; a Hobbinoll le conocimos antes, cuando\u00a0amaba a \u00a0Colin.\u00a0 La reina Isabel se muestra junto\u00a0a varios cortesanos, as\u00ed como al\u00a0signo zodiacal Tauro y su toro. Puede encontrar esta imagen libre, para uso no comercial en [&hellip;]<\/p>\n","protected":false},"author":1,"featured_media":2332,"comment_status":"open","ping_status":"closed","sticky":false,"template":"","format":"standard","meta":{"site-container-style":"default","site-container-layout":"default","site-sidebar-layout":"default","disable-article-header":"default","disable-site-header":"default","disable-site-footer":"default","disable-content-area-spacing":"default","_jetpack_newsletter_access":"","_jetpack_dont_email_post_to_subs":false,"_jetpack_newsletter_tier_id":0,"_jetpack_memberships_contains_paywalled_content":false,"_jetpack_feature_clip_id":0,"_jetpack_memberships_contains_paid_content":false,"footnotes":"","jetpack_publicize_message":"","jetpack_publicize_feature_enabled":true,"jetpack_social_post_already_shared":true,"jetpack_social_options":{"image_generator_settings":{"template":"highway","default_image_id":0,"font":"","enabled":false},"version":2},"jetpack_post_was_ever_published":false},"categories":[12],"tags":[139,471,509],"class_list":["post-1065","post","type-post","status-publish","format-standard","has-post-thumbnail","hentry","category-vintage","tag-destacado","tag-the-shepheardes-calendar","tag-vintage"],"yoast_head":"<!-- This site is optimized with the Yoast SEO plugin v28.4 - https:\/\/yoast.com\/product\/yoast-seo-wordpress\/ -->\n<title>Abril, The Shepheardes Calendar - Blog de Rafael Ram\u00edrez<\/title>\n<meta name=\"robots\" content=\"index, follow, max-snippet:-1, max-image-preview:large, max-video-preview:-1\" \/>\n<link rel=\"canonical\" href=\"https:\/\/rafaramirez.org\/blog\/index.php\/2015\/04\/15\/abril-the-shepheardes-calendar\/\" \/>\n<meta property=\"og:locale\" content=\"es_ES\" \/>\n<meta property=\"og:type\" content=\"article\" \/>\n<meta property=\"og:title\" content=\"Abril, The Shepheardes Calendar - Blog de Rafael Ram\u00edrez\" \/>\n<meta property=\"og:description\" content=\"Abril del\u00a0Shepheardes Calendar, o como Spenser escribi\u00f3 Aprill. \u00c9ste \u00c6glogue fue realizado\u00a0en honor\u00a0la reina\u00a0Isabel I. Hay dos pastores, Hobbinoll y Thenott; a Hobbinoll le conocimos antes, cuando\u00a0amaba a \u00a0Colin.\u00a0 La reina Isabel se muestra junto\u00a0a varios cortesanos, as\u00ed como al\u00a0signo zodiacal Tauro y su toro. Puede encontrar esta imagen libre, para uso no comercial en [&hellip;]\" \/>\n<meta property=\"og:url\" content=\"https:\/\/rafaramirez.org\/blog\/index.php\/2015\/04\/15\/abril-the-shepheardes-calendar\/\" \/>\n<meta property=\"og:site_name\" content=\"Blog de Rafael Ram\u00edrez\" \/>\n<meta property=\"article:published_time\" content=\"2015-04-15T17:25:23+00:00\" \/>\n<meta property=\"article:modified_time\" content=\"2021-03-22T11:45:42+00:00\" \/>\n<meta property=\"og:image\" content=\"https:\/\/rafaramirez.org\/blog\/wp-content\/uploads\/2015\/04\/Calendar-04-April-q75-500x379-1.jpg\" \/>\n\t<meta property=\"og:image:width\" content=\"500\" \/>\n\t<meta property=\"og:image:height\" content=\"379\" \/>\n\t<meta property=\"og:image:type\" content=\"image\/jpeg\" \/>\n<meta name=\"author\" content=\"Rafael Ram\u00edrez\" \/>\n<meta name=\"twitter:card\" content=\"summary_large_image\" \/>\n<meta name=\"twitter:creator\" content=\"@rafaramirez_ok\" \/>\n<meta name=\"twitter:site\" content=\"@rafaramirez_ok\" \/>\n<meta name=\"twitter:label1\" content=\"Escrito por\" \/>\n\t<meta name=\"twitter:data1\" content=\"Rafael Ram\u00edrez\" \/>\n<script type=\"application\/ld+json\" class=\"yoast-schema-graph\">{\"@context\":\"https:\\\/\\\/schema.org\",\"@graph\":[{\"@type\":\"Article\",\"@id\":\"https:\\\/\\\/rafaramirez.org\\\/blog\\\/index.php\\\/2015\\\/04\\\/15\\\/abril-the-shepheardes-calendar\\\/#article\",\"isPartOf\":{\"@id\":\"https:\\\/\\\/rafaramirez.org\\\/blog\\\/index.php\\\/2015\\\/04\\\/15\\\/abril-the-shepheardes-calendar\\\/\"},\"author\":{\"name\":\"Rafael Ram\u00edrez\",\"@id\":\"https:\\\/\\\/rafaramirez.org\\\/blog\\\/#\\\/schema\\\/person\\\/50f43b6d60c578760d4c17bda54ab6a5\"},\"headline\":\"Abril, The Shepheardes Calendar\",\"datePublished\":\"2015-04-15T17:25:23+00:00\",\"dateModified\":\"2021-03-22T11:45:42+00:00\",\"mainEntityOfPage\":{\"@id\":\"https:\\\/\\\/rafaramirez.org\\\/blog\\\/index.php\\\/2015\\\/04\\\/15\\\/abril-the-shepheardes-calendar\\\/\"},\"wordCount\":91,\"commentCount\":0,\"publisher\":{\"@id\":\"https:\\\/\\\/rafaramirez.org\\\/blog\\\/#\\\/schema\\\/person\\\/50f43b6d60c578760d4c17bda54ab6a5\"},\"image\":{\"@id\":\"https:\\\/\\\/rafaramirez.org\\\/blog\\\/index.php\\\/2015\\\/04\\\/15\\\/abril-the-shepheardes-calendar\\\/#primaryimage\"},\"thumbnailUrl\":\"https:\\\/\\\/rafaramirez.org\\\/blog\\\/wp-content\\\/uploads\\\/2015\\\/04\\\/Calendar-04-April-q75-500x379-1.jpg\",\"keywords\":[\"destacado\",\"The Shepheardes Calendar\",\"vintage\"],\"articleSection\":[\"Vintage\"],\"inLanguage\":\"es\",\"potentialAction\":[{\"@type\":\"CommentAction\",\"name\":\"Comment\",\"target\":[\"https:\\\/\\\/rafaramirez.org\\\/blog\\\/index.php\\\/2015\\\/04\\\/15\\\/abril-the-shepheardes-calendar\\\/#respond\"]}]},{\"@type\":\"WebPage\",\"@id\":\"https:\\\/\\\/rafaramirez.org\\\/blog\\\/index.php\\\/2015\\\/04\\\/15\\\/abril-the-shepheardes-calendar\\\/\",\"url\":\"https:\\\/\\\/rafaramirez.org\\\/blog\\\/index.php\\\/2015\\\/04\\\/15\\\/abril-the-shepheardes-calendar\\\/\",\"name\":\"Abril, The Shepheardes Calendar - Blog de Rafael Ram\u00edrez\",\"isPartOf\":{\"@id\":\"https:\\\/\\\/rafaramirez.org\\\/blog\\\/#website\"},\"primaryImageOfPage\":{\"@id\":\"https:\\\/\\\/rafaramirez.org\\\/blog\\\/index.php\\\/2015\\\/04\\\/15\\\/abril-the-shepheardes-calendar\\\/#primaryimage\"},\"image\":{\"@id\":\"https:\\\/\\\/rafaramirez.org\\\/blog\\\/index.php\\\/2015\\\/04\\\/15\\\/abril-the-shepheardes-calendar\\\/#primaryimage\"},\"thumbnailUrl\":\"https:\\\/\\\/rafaramirez.org\\\/blog\\\/wp-content\\\/uploads\\\/2015\\\/04\\\/Calendar-04-April-q75-500x379-1.jpg\",\"datePublished\":\"2015-04-15T17:25:23+00:00\",\"dateModified\":\"2021-03-22T11:45:42+00:00\",\"breadcrumb\":{\"@id\":\"https:\\\/\\\/rafaramirez.org\\\/blog\\\/index.php\\\/2015\\\/04\\\/15\\\/abril-the-shepheardes-calendar\\\/#breadcrumb\"},\"inLanguage\":\"es\",\"potentialAction\":[{\"@type\":\"ReadAction\",\"target\":[\"https:\\\/\\\/rafaramirez.org\\\/blog\\\/index.php\\\/2015\\\/04\\\/15\\\/abril-the-shepheardes-calendar\\\/\"]}]},{\"@type\":\"ImageObject\",\"inLanguage\":\"es\",\"@id\":\"https:\\\/\\\/rafaramirez.org\\\/blog\\\/index.php\\\/2015\\\/04\\\/15\\\/abril-the-shepheardes-calendar\\\/#primaryimage\",\"url\":\"https:\\\/\\\/rafaramirez.org\\\/blog\\\/wp-content\\\/uploads\\\/2015\\\/04\\\/Calendar-04-April-q75-500x379-1.jpg\",\"contentUrl\":\"https:\\\/\\\/rafaramirez.org\\\/blog\\\/wp-content\\\/uploads\\\/2015\\\/04\\\/Calendar-04-April-q75-500x379-1.jpg\",\"width\":500,\"height\":379},{\"@type\":\"BreadcrumbList\",\"@id\":\"https:\\\/\\\/rafaramirez.org\\\/blog\\\/index.php\\\/2015\\\/04\\\/15\\\/abril-the-shepheardes-calendar\\\/#breadcrumb\",\"itemListElement\":[{\"@type\":\"ListItem\",\"position\":1,\"name\":\"Portada\",\"item\":\"https:\\\/\\\/rafaramirez.org\\\/blog\\\/\"},{\"@type\":\"ListItem\",\"position\":2,\"name\":\"Abril, The Shepheardes Calendar\"}]},{\"@type\":\"WebSite\",\"@id\":\"https:\\\/\\\/rafaramirez.org\\\/blog\\\/#website\",\"url\":\"https:\\\/\\\/rafaramirez.org\\\/blog\\\/\",\"name\":\"Blog de Rafael Ram\u00edrez\",\"description\":\"Un sitio social, de arte y cultura\",\"publisher\":{\"@id\":\"https:\\\/\\\/rafaramirez.org\\\/blog\\\/#\\\/schema\\\/person\\\/50f43b6d60c578760d4c17bda54ab6a5\"},\"potentialAction\":[{\"@type\":\"SearchAction\",\"target\":{\"@type\":\"EntryPoint\",\"urlTemplate\":\"https:\\\/\\\/rafaramirez.org\\\/blog\\\/?s={search_term_string}\"},\"query-input\":{\"@type\":\"PropertyValueSpecification\",\"valueRequired\":true,\"valueName\":\"search_term_string\"}}],\"inLanguage\":\"es\"},{\"@type\":[\"Person\",\"Organization\"],\"@id\":\"https:\\\/\\\/rafaramirez.org\\\/blog\\\/#\\\/schema\\\/person\\\/50f43b6d60c578760d4c17bda54ab6a5\",\"name\":\"Rafael Ram\u00edrez\",\"image\":{\"@type\":\"ImageObject\",\"inLanguage\":\"es\",\"@id\":\"https:\\\/\\\/rafaramirez.org\\\/blog\\\/wp-content\\\/uploads\\\/2024\\\/09\\\/RR_socialnetwork.jpg\",\"url\":\"https:\\\/\\\/rafaramirez.org\\\/blog\\\/wp-content\\\/uploads\\\/2024\\\/09\\\/RR_socialnetwork.jpg\",\"contentUrl\":\"https:\\\/\\\/rafaramirez.org\\\/blog\\\/wp-content\\\/uploads\\\/2024\\\/09\\\/RR_socialnetwork.jpg\",\"width\":600,\"height\":606,\"caption\":\"Rafael Ram\u00edrez\"},\"logo\":{\"@id\":\"https:\\\/\\\/rafaramirez.org\\\/blog\\\/wp-content\\\/uploads\\\/2024\\\/09\\\/RR_socialnetwork.jpg\"},\"sameAs\":[\"https:\\\/\\\/www.rafaramirez.org\\\/blog\",\"https:\\\/\\\/www.instagram.com\\\/rafaramirez_ok\\\/\",\"https:\\\/\\\/es.pinterest.com\\\/Ramirez_Rafa\\\/\",\"https:\\\/\\\/x.com\\\/rafaramirez_ok\"],\"url\":\"https:\\\/\\\/rafaramirez.org\\\/blog\\\/index.php\\\/author\\\/rafaell_qm6j97da\\\/\"}]}<\/script>\n<!-- \/ Yoast SEO plugin. -->","yoast_head_json":{"title":"Abril, The Shepheardes Calendar - Blog de Rafael Ram\u00edrez","robots":{"index":"index","follow":"follow","max-snippet":"max-snippet:-1","max-image-preview":"max-image-preview:large","max-video-preview":"max-video-preview:-1"},"canonical":"https:\/\/rafaramirez.org\/blog\/index.php\/2015\/04\/15\/abril-the-shepheardes-calendar\/","og_locale":"es_ES","og_type":"article","og_title":"Abril, The Shepheardes Calendar - Blog de Rafael Ram\u00edrez","og_description":"Abril del\u00a0Shepheardes Calendar, o como Spenser escribi\u00f3 Aprill. \u00c9ste \u00c6glogue fue realizado\u00a0en honor\u00a0la reina\u00a0Isabel I. Hay dos pastores, Hobbinoll y Thenott; a Hobbinoll le conocimos antes, cuando\u00a0amaba a \u00a0Colin.\u00a0 La reina Isabel se muestra junto\u00a0a varios cortesanos, as\u00ed como al\u00a0signo zodiacal Tauro y su toro. Puede encontrar esta imagen libre, para uso no comercial en [&hellip;]","og_url":"https:\/\/rafaramirez.org\/blog\/index.php\/2015\/04\/15\/abril-the-shepheardes-calendar\/","og_site_name":"Blog de Rafael Ram\u00edrez","article_published_time":"2015-04-15T17:25:23+00:00","article_modified_time":"2021-03-22T11:45:42+00:00","og_image":[{"width":500,"height":379,"url":"https:\/\/rafaramirez.org\/blog\/wp-content\/uploads\/2015\/04\/Calendar-04-April-q75-500x379-1.jpg","type":"image\/jpeg"}],"author":"Rafael Ram\u00edrez","twitter_card":"summary_large_image","twitter_creator":"@rafaramirez_ok","twitter_site":"@rafaramirez_ok","twitter_misc":{"Escrito por":"Rafael Ram\u00edrez"},"schema":{"@context":"https:\/\/schema.org","@graph":[{"@type":"Article","@id":"https:\/\/rafaramirez.org\/blog\/index.php\/2015\/04\/15\/abril-the-shepheardes-calendar\/#article","isPartOf":{"@id":"https:\/\/rafaramirez.org\/blog\/index.php\/2015\/04\/15\/abril-the-shepheardes-calendar\/"},"author":{"name":"Rafael Ram\u00edrez","@id":"https:\/\/rafaramirez.org\/blog\/#\/schema\/person\/50f43b6d60c578760d4c17bda54ab6a5"},"headline":"Abril, The Shepheardes Calendar","datePublished":"2015-04-15T17:25:23+00:00","dateModified":"2021-03-22T11:45:42+00:00","mainEntityOfPage":{"@id":"https:\/\/rafaramirez.org\/blog\/index.php\/2015\/04\/15\/abril-the-shepheardes-calendar\/"},"wordCount":91,"commentCount":0,"publisher":{"@id":"https:\/\/rafaramirez.org\/blog\/#\/schema\/person\/50f43b6d60c578760d4c17bda54ab6a5"},"image":{"@id":"https:\/\/rafaramirez.org\/blog\/index.php\/2015\/04\/15\/abril-the-shepheardes-calendar\/#primaryimage"},"thumbnailUrl":"https:\/\/rafaramirez.org\/blog\/wp-content\/uploads\/2015\/04\/Calendar-04-April-q75-500x379-1.jpg","keywords":["destacado","The Shepheardes Calendar","vintage"],"articleSection":["Vintage"],"inLanguage":"es","potentialAction":[{"@type":"CommentAction","name":"Comment","target":["https:\/\/rafaramirez.org\/blog\/index.php\/2015\/04\/15\/abril-the-shepheardes-calendar\/#respond"]}]},{"@type":"WebPage","@id":"https:\/\/rafaramirez.org\/blog\/index.php\/2015\/04\/15\/abril-the-shepheardes-calendar\/","url":"https:\/\/rafaramirez.org\/blog\/index.php\/2015\/04\/15\/abril-the-shepheardes-calendar\/","name":"Abril, The Shepheardes Calendar - Blog de Rafael Ram\u00edrez","isPartOf":{"@id":"https:\/\/rafaramirez.org\/blog\/#website"},"primaryImageOfPage":{"@id":"https:\/\/rafaramirez.org\/blog\/index.php\/2015\/04\/15\/abril-the-shepheardes-calendar\/#primaryimage"},"image":{"@id":"https:\/\/rafaramirez.org\/blog\/index.php\/2015\/04\/15\/abril-the-shepheardes-calendar\/#primaryimage"},"thumbnailUrl":"https:\/\/rafaramirez.org\/blog\/wp-content\/uploads\/2015\/04\/Calendar-04-April-q75-500x379-1.jpg","datePublished":"2015-04-15T17:25:23+00:00","dateModified":"2021-03-22T11:45:42+00:00","breadcrumb":{"@id":"https:\/\/rafaramirez.org\/blog\/index.php\/2015\/04\/15\/abril-the-shepheardes-calendar\/#breadcrumb"},"inLanguage":"es","potentialAction":[{"@type":"ReadAction","target":["https:\/\/rafaramirez.org\/blog\/index.php\/2015\/04\/15\/abril-the-shepheardes-calendar\/"]}]},{"@type":"ImageObject","inLanguage":"es","@id":"https:\/\/rafaramirez.org\/blog\/index.php\/2015\/04\/15\/abril-the-shepheardes-calendar\/#primaryimage","url":"https:\/\/rafaramirez.org\/blog\/wp-content\/uploads\/2015\/04\/Calendar-04-April-q75-500x379-1.jpg","contentUrl":"https:\/\/rafaramirez.org\/blog\/wp-content\/uploads\/2015\/04\/Calendar-04-April-q75-500x379-1.jpg","width":500,"height":379},{"@type":"BreadcrumbList","@id":"https:\/\/rafaramirez.org\/blog\/index.php\/2015\/04\/15\/abril-the-shepheardes-calendar\/#breadcrumb","itemListElement":[{"@type":"ListItem","position":1,"name":"Portada","item":"https:\/\/rafaramirez.org\/blog\/"},{"@type":"ListItem","position":2,"name":"Abril, The Shepheardes Calendar"}]},{"@type":"WebSite","@id":"https:\/\/rafaramirez.org\/blog\/#website","url":"https:\/\/rafaramirez.org\/blog\/","name":"Blog de Rafael Ram\u00edrez","description":"Un sitio social, de arte y cultura","publisher":{"@id":"https:\/\/rafaramirez.org\/blog\/#\/schema\/person\/50f43b6d60c578760d4c17bda54ab6a5"},"potentialAction":[{"@type":"SearchAction","target":{"@type":"EntryPoint","urlTemplate":"https:\/\/rafaramirez.org\/blog\/?s={search_term_string}"},"query-input":{"@type":"PropertyValueSpecification","valueRequired":true,"valueName":"search_term_string"}}],"inLanguage":"es"},{"@type":["Person","Organization"],"@id":"https:\/\/rafaramirez.org\/blog\/#\/schema\/person\/50f43b6d60c578760d4c17bda54ab6a5","name":"Rafael Ram\u00edrez","image":{"@type":"ImageObject","inLanguage":"es","@id":"https:\/\/rafaramirez.org\/blog\/wp-content\/uploads\/2024\/09\/RR_socialnetwork.jpg","url":"https:\/\/rafaramirez.org\/blog\/wp-content\/uploads\/2024\/09\/RR_socialnetwork.jpg","contentUrl":"https:\/\/rafaramirez.org\/blog\/wp-content\/uploads\/2024\/09\/RR_socialnetwork.jpg","width":600,"height":606,"caption":"Rafael Ram\u00edrez"},"logo":{"@id":"https:\/\/rafaramirez.org\/blog\/wp-content\/uploads\/2024\/09\/RR_socialnetwork.jpg"},"sameAs":["https:\/\/www.rafaramirez.org\/blog","https:\/\/www.instagram.com\/rafaramirez_ok\/","https:\/\/es.pinterest.com\/Ramirez_Rafa\/","https:\/\/x.com\/rafaramirez_ok"],"url":"https:\/\/rafaramirez.org\/blog\/index.php\/author\/rafaell_qm6j97da\/"}]}},"jetpack_publicize_connections":[],"jetpack_sharing_enabled":true,"jetpack_likes_enabled":true,"jetpack_featured_media_url":"https:\/\/rafaramirez.org\/blog\/wp-content\/uploads\/2015\/04\/Calendar-04-April-q75-500x379-1.jpg","_links":{"self":[{"href":"https:\/\/rafaramirez.org\/blog\/index.php\/wp-json\/wp\/v2\/posts\/1065","targetHints":{"allow":["GET"]}}],"collection":[{"href":"https:\/\/rafaramirez.org\/blog\/index.php\/wp-json\/wp\/v2\/posts"}],"about":[{"href":"https:\/\/rafaramirez.org\/blog\/index.php\/wp-json\/wp\/v2\/types\/post"}],"author":[{"embeddable":true,"href":"https:\/\/rafaramirez.org\/blog\/index.php\/wp-json\/wp\/v2\/users\/1"}],"replies":[{"embeddable":true,"href":"https:\/\/rafaramirez.org\/blog\/index.php\/wp-json\/wp\/v2\/comments?post=1065"}],"version-history":[{"count":2,"href":"https:\/\/rafaramirez.org\/blog\/index.php\/wp-json\/wp\/v2\/posts\/1065\/revisions"}],"predecessor-version":[{"id":2334,"href":"https:\/\/rafaramirez.org\/blog\/index.php\/wp-json\/wp\/v2\/posts\/1065\/revisions\/2334"}],"wp:featuredmedia":[{"embeddable":true,"href":"https:\/\/rafaramirez.org\/blog\/index.php\/wp-json\/wp\/v2\/media\/2332"}],"wp:attachment":[{"href":"https:\/\/rafaramirez.org\/blog\/index.php\/wp-json\/wp\/v2\/media?parent=1065"}],"wp:term":[{"taxonomy":"category","embeddable":true,"href":"https:\/\/rafaramirez.org\/blog\/index.php\/wp-json\/wp\/v2\/categories?post=1065"},{"taxonomy":"post_tag","embeddable":true,"href":"https:\/\/rafaramirez.org\/blog\/index.php\/wp-json\/wp\/v2\/tags?post=1065"}],"curies":[{"name":"wp","href":"https:\/\/api.w.org\/{rel}","templated":true}]}}