{"id":10519,"date":"2025-10-06T08:00:29","date_gmt":"2025-10-06T06:00:29","guid":{"rendered":"https:\/\/rafaramirez.org\/blog\/?p=10519"},"modified":"2026-07-14T11:42:08","modified_gmt":"2026-07-14T09:42:08","slug":"georges-seurat-biografia","status":"publish","type":"post","link":"https:\/\/rafaramirez.org\/blog\/index.php\/2025\/10\/06\/georges-seurat-biografia\/","title":{"rendered":"Georges Seurat: precisi\u00f3n, luz y armon\u00eda en la pintura moderna."},"content":{"rendered":"<p>Georges-Pierre Seurat naci\u00f3 en Par\u00eds el 2 de diciembre de 1859, en el seno de una familia acomodada, lo que le permiti\u00f3 dedicarse al arte sin las urgencias materiales que marcaron la vida de otros pintores de su tiempo. Desde joven mostr\u00f3 una clara inclinaci\u00f3n por el dibujo y, en 1875, comenz\u00f3 a formarse en la escuela municipal de dibujo con el escultor Justin Lequien. Poco despu\u00e9s, ingres\u00f3 en la \u00c9cole des Beaux-Arts, donde recibi\u00f3 una formaci\u00f3n acad\u00e9mica rigurosa, aunque pronto se sinti\u00f3 atra\u00eddo por nuevas corrientes que lo alejaban de la tradici\u00f3n cl\u00e1sica.<\/p>\n<p>Durante su servicio militar en Brest, en 1880, llen\u00f3 cuadernos de bocetos con escenas marinas que revelaban su inter\u00e9s por la luz y la atm\u00f3sfera. A su regreso a Par\u00eds, se instal\u00f3 en un taller propio y comenz\u00f3 a trabajar en obras de gran formato. En 1884 pint\u00f3 <em><strong>Un ba\u00f1o en Asni\u00e8res<\/strong><\/em>, cuadro en el que se ve a j\u00f3venes obreros descansando a orillas del Sena. Aunque no fue bien recibido por el jurado del Sal\u00f3n oficial, el cuadro llam\u00f3 la atenci\u00f3n de algunos artistas independientes. Ese mismo a\u00f1o, comenz\u00f3 a trabajar en lo que ser\u00eda su obra maestra: <strong><em>Tarde de domingo en la isla de la Grande Jatte<\/em><\/strong>, para la que dedic\u00f3 dos a\u00f1os de trabajo minucioso y que se convirti\u00f3 en un manifiesto de su estilo.<\/p>\n<p>Seurat fue el creador del puntillismo o divisionismo, una t\u00e9cnica que consist\u00eda en aplicar diminutos puntos de color puro sobre el lienzo, confiando en que la retina del espectador los fusionara \u00f3pticamente. Inspirado en teor\u00edas cient\u00edficas sobre la percepci\u00f3n del color y el contraste, buscaba dotar a la pintura de una base casi matem\u00e1tica, en contraposici\u00f3n con la espontaneidad impresionista. Su m\u00e9todo, que algunos consideraban fr\u00edo y calculado, fascin\u00f3 a otros artistas, como Paul Signac, con quien fund\u00f3 el grupo de los neoimpresionistas.<\/p>\n<p>En su vida personal, Seurat era reservado. Mantuvo en secreto su relaci\u00f3n con Madeleine Knobloch, una joven modelo con la que tuvo un hijo en 1890. Apenas dos d\u00edas antes de morir, se la present\u00f3 oficialmente a su familia, lo que muestra hasta qu\u00e9 punto hab\u00eda mantenido oculta esa parte de su vida.<\/p>\n<figure id=\"attachment_10524\" aria-describedby=\"caption-attachment-10524\" style=\"width: 202px\" class=\"wp-caption aligncenter\"><a href=\"https:\/\/rafaramirez.org\/blog\/wp-content\/uploads\/2025\/10\/Georges_Seurat_portrait_color_ok.jpg\" target=\"_blank\" rel=\"noopener\"><img loading=\"lazy\" decoding=\"async\" class=\"wp-image-10524 size-medium\" src=\"https:\/\/rafaramirez.org\/blog\/wp-content\/uploads\/2025\/10\/Georges_Seurat_portrait_color_ok-202x300.jpg\" alt=\"Retrato del pintor Georges Seurat. Blog de Rafael Ram\u00edrez.\" width=\"202\" height=\"300\" srcset=\"https:\/\/rafaramirez.org\/blog\/wp-content\/uploads\/2025\/10\/Georges_Seurat_portrait_color_ok-202x300.jpg 202w, https:\/\/rafaramirez.org\/blog\/wp-content\/uploads\/2025\/10\/Georges_Seurat_portrait_color_ok.jpg 571w\" sizes=\"auto, (max-width: 202px) 100vw, 202px\" \/><\/a><figcaption id=\"caption-attachment-10524\" class=\"wp-caption-text\">Retrato del pintor Georges Seurat. Blog de Rafael Ram\u00edrez.<\/figcaption><\/figure>\n<p>La carrera de Seurat fue breve, pero intensa. En apenas una d\u00e9cada, produjo obras que marcaron un antes y un despu\u00e9s en la historia del arte moderno, como <em><strong>El Chahut<\/strong><\/em> o <em><strong>El Circo<\/strong><\/em>, en las que llev\u00f3 al extremo su m\u00e9todo crom\u00e1tico y compositivo. Sin embargo, su vida se trunc\u00f3 de manera repentina: muri\u00f3 en Par\u00eds el 29 de marzo de 1891, a los 31 a\u00f1os, probablemente a causa de una meningitis o difteria. Su hijo falleci\u00f3 poco despu\u00e9s, lo que a\u00f1adi\u00f3 un aire tr\u00e1gico a su historia.<\/p>\n<p>A pesar de su corta vida, Seurat dej\u00f3 una profunda huella. Su b\u00fasqueda de una pintura cient\u00edfica y su obsesi\u00f3n por la luz y el color influyeron en movimientos posteriores como el <a href=\"https:\/\/rafaramirez.org\/blog\/index.php\/2025\/06\/18\/fauvismo\/\" target=\"_blank\" rel=\"noopener\">fauvismo<\/a> y el cubismo. Hoy en d\u00eda se le recuerda como un visionario que, con la paciencia de un relojero, transform\u00f3 la forma de mirar y representar el mundo en el lienzo.<\/p>\n<h3>T\u00e9cnica y estilo.<\/h3>\n<p>Georges Seurat fue un pintor que llev\u00f3 la pintura a un terreno casi cient\u00edfico. Mientras que los impresionistas utilizaban pinceladas sueltas y espont\u00e1neas, \u00e9l busc\u00f3 un m\u00e9todo riguroso que uniera arte y \u00f3ptica. Su gran aportaci\u00f3n fue el puntillismo \u2014tambi\u00e9n llamado divisionismo\u2014, una t\u00e9cnica que consist\u00eda en aplicar diminutos puntos de color puro sobre el lienzo sin mezclarlos en la paleta. La magia ocurr\u00eda en la retina del espectador: al mirar desde cierta distancia, esos puntos se fusionaban \u00f3pticamente y generaban formas, vol\u00famenes y una vibraci\u00f3n luminosa \u00fanica.<\/p>\n<p>Seurat se inspir\u00f3 en las teor\u00edas del qu\u00edmico Michel-Eug\u00e8ne Chevreul sobre el contraste simult\u00e1neo de los colores y en los estudios de Ogden Rood sobre la percepci\u00f3n crom\u00e1tica. Con ello, buscaba que cada cuadro no solo representara una escena, sino que tambi\u00e9n transmitiera una armon\u00eda calculada, casi matem\u00e1tica. Para \u00e9l, el arte deb\u00eda ser una construcci\u00f3n ordenada en la que el color, la l\u00ednea y la composici\u00f3n obedecieran a principios de equilibrio y contraste.<\/p>\n<p>Su estilo se caracteriza por la meticulosidad: trabajaba durante meses o incluso a\u00f1os en un solo lienzo, planificando cada detalle. Obras, como la mencionada, <em>Tarde de domingo en la isla de la Grande Jatte<\/em> son un ejemplo de esa paciencia obsesiva: cada figura parece est\u00e1tica y monumental, pero al mismo tiempo vibrante, gracias a la interacci\u00f3n de los puntos de color.<\/p>\n<p>En definitiva, la t\u00e9cnica y el estilo de Seurat transformaron la pintura en un laboratorio visual. Su m\u00e9todo influy\u00f3 en artistas como <a href=\"https:\/\/rafaramirez.org\/blog\/index.php\/2025\/12\/17\/paul-signac-biografia\/\" target=\"_blank\" rel=\"noopener\">Paul Signac<\/a> y sent\u00f3 las bases de movimientos posteriores, desde el <a href=\"https:\/\/rafaramirez.org\/blog\/index.php\/2025\/06\/18\/fauvismo\/\" target=\"_blank\" rel=\"noopener\">fauvismo<\/a> hasta el cubismo, que heredaron su inter\u00e9s por la estructura y la experimentaci\u00f3n crom\u00e1tica.<\/p>\n<h3>Legado e influencia.<\/h3>\n<p>El legado de Georges Seurat es mucho m\u00e1s amplio de lo que su corta vida podr\u00eda sugerir. Aunque muri\u00f3 con solo 31 a\u00f1os, su forma de entender la pintura transform\u00f3 la historia del arte moderno. Como te he contado, frente a la espontaneidad del impresionismo, Seurat propuso un m\u00e9todo casi cient\u00edfico: el puntillismo. Esta t\u00e9cnica no solo supuso una innovaci\u00f3n formal, sino que tambi\u00e9n abri\u00f3 un debate sobre la relaci\u00f3n entre arte y ciencia y sobre c\u00f3mo la percepci\u00f3n visual pod\u00eda convertirse en el verdadero motor de la creaci\u00f3n art\u00edstica.<\/p>\n<p>Su influencia se dej\u00f3 sentir de inmediato en artistas como <a href=\"https:\/\/rafaramirez.org\/blog\/index.php\/2025\/12\/17\/paul-signac-biografia\/\" target=\"_blank\" rel=\"noopener\">Paul Signac<\/a>, que continu\u00f3 desarrollando el divisionismo tras la muerte de Seurat, y en <a href=\"https:\/\/rafaramirez.org\/blog\/index.php\/2024\/04\/09\/camille-pissarro\/\" target=\"_blank\" rel=\"noopener\">Camille Pissarro<\/a>, que experiment\u00f3 con la t\u00e9cnica en algunos de sus paisajes. Sin embargo, su influencia trascendi\u00f3 a\u00fan m\u00e1s: los fauvistas, liderados por <a href=\"https:\/\/rafaramirez.org\/blog\/index.php\/2025\/02\/10\/henri-matisse\/\" target=\"_blank\" rel=\"noopener\">Henri Matisse<\/a>, heredaron su audacia crom\u00e1tica, mientras que los cubistas adoptaron su inter\u00e9s por la estructura y la organizaci\u00f3n racional de la composici\u00f3n.<\/p>\n<p>Adem\u00e1s, Seurat contribuy\u00f3 a consolidar la idea de que la pintura pod\u00eda ser un campo de investigaci\u00f3n intelectual, no solo de expresi\u00f3n emocional. Su obsesi\u00f3n por la armon\u00eda, el equilibrio y la teor\u00eda del color inspir\u00f3 a las generaciones posteriores a considerar el arte como un lenguaje con reglas propias. Incluso movimientos de vanguardia del siglo XX, como el constructivismo o el arte \u00f3ptico (Op Art), pueden encontrar en su obra un antecedente en la exploraci\u00f3n de la percepci\u00f3n visual.<\/p>\n<p>En definitiva, Seurat dej\u00f3 un doble legado: por un lado, un conjunto de obras ic\u00f3nicas, como las ya mencionadas, <em>La Grande Jatte<\/em> o <em>El Circo<\/em>, que siguen siendo s\u00edmbolos del arte moderno; por otro, una manera de entender la pintura como un laboratorio de experimentaci\u00f3n que influy\u00f3 en casi todas las corrientes posteriores.<\/p>\n<h3>Obras principales.<\/h3>\n<p>Las obras principales de Georges Seurat son pocas, pero de una enorme importancia en la historia del arte, ya que condensan su investigaci\u00f3n sobre la luz, el color y la percepci\u00f3n visual.<\/p>\n<p>Su primer gran lienzo fue <em><strong>Un ba\u00f1o en Asni\u00e8res (1884)<\/strong><\/em>, en el que represent\u00f3 a j\u00f3venes obreros descansando a orillas del Sena. Aunque fue rechazado por el Sal\u00f3n oficial, hoy se considera una obra clave, ya que anticipa su m\u00e9todo puntillista y muestra su inter\u00e9s por la vida moderna y los contrastes sociales.<\/p>\n<figure id=\"attachment_10525\" aria-describedby=\"caption-attachment-10525\" style=\"width: 300px\" class=\"wp-caption aligncenter\"><a href=\"https:\/\/rafaramirez.org\/blog\/wp-content\/uploads\/2025\/10\/Un-bano-en-Asnieres-1884_ok.jpg\" target=\"_blank\" rel=\"noopener\"><img loading=\"lazy\" decoding=\"async\" class=\"wp-image-10525 size-medium\" src=\"https:\/\/rafaramirez.org\/blog\/wp-content\/uploads\/2025\/10\/Un-bano-en-Asnieres-1884_ok-300x199.jpg\" alt=\"Un ba\u00f1o en Asni\u00e8res (1884). Georges Seurat. Blog de Rafael Ram\u00edrez. \" width=\"300\" height=\"199\" srcset=\"https:\/\/rafaramirez.org\/blog\/wp-content\/uploads\/2025\/10\/Un-bano-en-Asnieres-1884_ok-300x199.jpg 300w, https:\/\/rafaramirez.org\/blog\/wp-content\/uploads\/2025\/10\/Un-bano-en-Asnieres-1884_ok-1024x679.jpg 1024w, https:\/\/rafaramirez.org\/blog\/wp-content\/uploads\/2025\/10\/Un-bano-en-Asnieres-1884_ok-768x509.jpg 768w, https:\/\/rafaramirez.org\/blog\/wp-content\/uploads\/2025\/10\/Un-bano-en-Asnieres-1884_ok.jpg 1200w\" sizes=\"auto, (max-width: 300px) 100vw, 300px\" \/><\/a><figcaption id=\"caption-attachment-10525\" class=\"wp-caption-text\">Un ba\u00f1o en Asni\u00e8res (1884). Georges Seurat. Blog de Rafael Ram\u00edrez.<\/figcaption><\/figure>\n<p>La obra que lo consagr\u00f3 fue <strong><em>Tarde de domingo en la isla de la Grande Jatte (1884-1886)<\/em><\/strong>, un enorme lienzo en el que trabaj\u00f3 durante dos a\u00f1os. En \u00e9l, Seurat aplic\u00f3 rigurosamente su t\u00e9cnica de puntos de color puro, creando una escena monumental, est\u00e1tica y casi escult\u00f3rica que se ha convertido en un icono del siglo XIX y en el manifiesto del neoimpresionismo.<\/p>\n<figure id=\"attachment_10526\" aria-describedby=\"caption-attachment-10526\" style=\"width: 300px\" class=\"wp-caption aligncenter\"><a href=\"https:\/\/rafaramirez.org\/blog\/wp-content\/uploads\/2025\/10\/Tarde-de-domingo-en-la-isla-de-la-Grande-Jatte-1884\u20131886_ok.jpg\" target=\"_blank\" rel=\"noopener\"><img loading=\"lazy\" decoding=\"async\" class=\"wp-image-10526 size-medium\" src=\"https:\/\/rafaramirez.org\/blog\/wp-content\/uploads\/2025\/10\/Tarde-de-domingo-en-la-isla-de-la-Grande-Jatte-1884\u20131886_ok-300x202.jpg\" alt=\"Tarde de domingo en la isla de la Grande Jatte (1884\u20131886). Georges Seurat. Blog de Rafael Ram\u00edrez. \" width=\"300\" height=\"202\" srcset=\"https:\/\/rafaramirez.org\/blog\/wp-content\/uploads\/2025\/10\/Tarde-de-domingo-en-la-isla-de-la-Grande-Jatte-1884\u20131886_ok-300x202.jpg 300w, https:\/\/rafaramirez.org\/blog\/wp-content\/uploads\/2025\/10\/Tarde-de-domingo-en-la-isla-de-la-Grande-Jatte-1884\u20131886_ok-1024x688.jpg 1024w, https:\/\/rafaramirez.org\/blog\/wp-content\/uploads\/2025\/10\/Tarde-de-domingo-en-la-isla-de-la-Grande-Jatte-1884\u20131886_ok-768x516.jpg 768w, https:\/\/rafaramirez.org\/blog\/wp-content\/uploads\/2025\/10\/Tarde-de-domingo-en-la-isla-de-la-Grande-Jatte-1884\u20131886_ok-1536x1032.jpg 1536w, https:\/\/rafaramirez.org\/blog\/wp-content\/uploads\/2025\/10\/Tarde-de-domingo-en-la-isla-de-la-Grande-Jatte-1884\u20131886_ok.jpg 1800w\" sizes=\"auto, (max-width: 300px) 100vw, 300px\" \/><\/a><figcaption id=\"caption-attachment-10526\" class=\"wp-caption-text\">Tarde de domingo en la isla de la Grande Jatte (1884\u20131886). Georges Seurat. Blog de Rafael Ram\u00edrez.<\/figcaption><\/figure>\n<p>Entre sus cuadros posteriores destacan <strong><em>El Chahut (1889-1890)<\/em><\/strong>, en el que retrata la vida nocturna parisina con bailarinas y m\u00fasicos, y <em><strong>El Circo (1890-1891)<\/strong><\/em>, su \u00faltima gran obra, que qued\u00f3 inacabada a causa de su prematura muerte. En ambas obras se aprecia c\u00f3mo llev\u00f3 al extremo su m\u00e9todo, buscando no solo representar la realidad, sino tambi\u00e9n transmitir ritmo, movimiento y armon\u00eda a trav\u00e9s de la disposici\u00f3n de l\u00edneas y colores.<\/p>\n<figure id=\"attachment_10527\" aria-describedby=\"caption-attachment-10527\" style=\"width: 247px\" class=\"wp-caption aligncenter\"><a href=\"https:\/\/rafaramirez.org\/blog\/wp-content\/uploads\/2025\/10\/El-Chahut-1889\u20131890_ok.jpg\" target=\"_blank\" rel=\"noopener\"><img loading=\"lazy\" decoding=\"async\" class=\"wp-image-10527 size-medium\" src=\"https:\/\/rafaramirez.org\/blog\/wp-content\/uploads\/2025\/10\/El-Chahut-1889\u20131890_ok-247x300.jpg\" alt=\"El Chahut (1889\u20131890). Georges Seurat. Blog de Rafael Ram\u00edrez. \" width=\"247\" height=\"300\" srcset=\"https:\/\/rafaramirez.org\/blog\/wp-content\/uploads\/2025\/10\/El-Chahut-1889\u20131890_ok-247x300.jpg 247w, https:\/\/rafaramirez.org\/blog\/wp-content\/uploads\/2025\/10\/El-Chahut-1889\u20131890_ok-843x1024.jpg 843w, https:\/\/rafaramirez.org\/blog\/wp-content\/uploads\/2025\/10\/El-Chahut-1889\u20131890_ok-768x932.jpg 768w, https:\/\/rafaramirez.org\/blog\/wp-content\/uploads\/2025\/10\/El-Chahut-1889\u20131890_ok.jpg 1200w\" sizes=\"auto, (max-width: 247px) 100vw, 247px\" \/><\/a><figcaption id=\"caption-attachment-10527\" class=\"wp-caption-text\">El Chahut (1889\u20131890). Georges Seurat. Blog de Rafael Ram\u00edrez.<\/figcaption><\/figure>\n<figure id=\"attachment_10528\" aria-describedby=\"caption-attachment-10528\" style=\"width: 242px\" class=\"wp-caption aligncenter\"><a href=\"https:\/\/rafaramirez.org\/blog\/wp-content\/uploads\/2025\/10\/El-Circo-1890\u20131891_ok.jpg\" target=\"_blank\" rel=\"noopener\"><img loading=\"lazy\" decoding=\"async\" class=\"wp-image-10528 size-medium\" src=\"https:\/\/rafaramirez.org\/blog\/wp-content\/uploads\/2025\/10\/El-Circo-1890\u20131891_ok-242x300.jpg\" alt=\"El Circo (1890\u20131891). Georges Seurat. Blog de Rafael Ram\u00edrez. \" width=\"242\" height=\"300\" srcset=\"https:\/\/rafaramirez.org\/blog\/wp-content\/uploads\/2025\/10\/El-Circo-1890\u20131891_ok-242x300.jpg 242w, https:\/\/rafaramirez.org\/blog\/wp-content\/uploads\/2025\/10\/El-Circo-1890\u20131891_ok-827x1024.jpg 827w, https:\/\/rafaramirez.org\/blog\/wp-content\/uploads\/2025\/10\/El-Circo-1890\u20131891_ok-768x951.jpg 768w, https:\/\/rafaramirez.org\/blog\/wp-content\/uploads\/2025\/10\/El-Circo-1890\u20131891_ok-1240x1536.jpg 1240w, https:\/\/rafaramirez.org\/blog\/wp-content\/uploads\/2025\/10\/El-Circo-1890\u20131891_ok.jpg 1453w\" sizes=\"auto, (max-width: 242px) 100vw, 242px\" \/><\/a><figcaption id=\"caption-attachment-10528\" class=\"wp-caption-text\">El Circo (1890\u20131891). Georges Seurat. Blog de Rafael Ram\u00edrez.<\/figcaption><\/figure>\n<p>Tambi\u00e9n pint\u00f3 paisajes marinos y escenas urbanas, como <strong><em>El canal de Gravelinas, Petit Fort Philippe (1890)<\/em><\/strong>, que muestran un giro hacia una est\u00e9tica m\u00e1s sobria y atmosf\u00e9rica en sus \u00faltimos a\u00f1os.<\/p>\n<figure id=\"attachment_10529\" aria-describedby=\"caption-attachment-10529\" style=\"width: 300px\" class=\"wp-caption aligncenter\"><a href=\"https:\/\/rafaramirez.org\/blog\/wp-content\/uploads\/2025\/10\/Petit-Fort-Philippe-1890_ok.jpg\" target=\"_blank\" rel=\"noopener\"><img loading=\"lazy\" decoding=\"async\" class=\"wp-image-10529 size-medium\" src=\"https:\/\/rafaramirez.org\/blog\/wp-content\/uploads\/2025\/10\/Petit-Fort-Philippe-1890_ok-300x236.jpg\" alt=\"El canal de Gravelinas, Petit Fort Philippe (1890). Georges Seurat. Blog de Rafael Ram\u00edrez. \" width=\"300\" height=\"236\" srcset=\"https:\/\/rafaramirez.org\/blog\/wp-content\/uploads\/2025\/10\/Petit-Fort-Philippe-1890_ok-300x236.jpg 300w, https:\/\/rafaramirez.org\/blog\/wp-content\/uploads\/2025\/10\/Petit-Fort-Philippe-1890_ok-1024x806.jpg 1024w, https:\/\/rafaramirez.org\/blog\/wp-content\/uploads\/2025\/10\/Petit-Fort-Philippe-1890_ok-768x604.jpg 768w, https:\/\/rafaramirez.org\/blog\/wp-content\/uploads\/2025\/10\/Petit-Fort-Philippe-1890_ok.jpg 1200w\" sizes=\"auto, (max-width: 300px) 100vw, 300px\" \/><\/a><figcaption id=\"caption-attachment-10529\" class=\"wp-caption-text\">El canal de Gravelinas, Petit Fort Philippe (1890). Georges Seurat. Blog de Rafael Ram\u00edrez.<\/figcaption><\/figure>\n<p>En conjunto, estas obras no solo definieron el estilo de Seurat, sino que tambi\u00e9n marcaron un punto de inflexi\u00f3n en la pintura moderna al demostrar que el arte pod\u00eda ser sensible y cient\u00edfico, emocional y racional al mismo tiempo.<\/p>\n<p>M\u00e1s informaci\u00f3n:<\/p>\n<ul>\n<li><a href=\"https:\/\/es.wikipedia.org\/wiki\/Georges_Pierre_Seurat\" target=\"_blank\" rel=\"noopener\">Georges Pierre Seurat &#8211; Wikipedia, la enciclopedia libre<\/a>.<\/li>\n<li><a href=\"https:\/\/www.wikiart.org\/es\/georges-pierre-seurat\" target=\"_blank\" rel=\"noopener\">Georges Pierre Seurat &#8211; 179 obras de arte &#8211; pintura<\/a>.<\/li>\n<li><a href=\"https:\/\/rafaramirez.org\/blog\/index.php\/category\/arte\/historia-del-arte\/\" target=\"_blank\" rel=\"noopener\">Vida y obra de otros pintores que marcaron \u00e9poca<\/a>.<\/li>\n<\/ul>\n","protected":false},"excerpt":{"rendered":"<p>Georges-Pierre Seurat naci\u00f3 en Par\u00eds el 2 de diciembre de 1859, en el seno de una familia acomodada, lo que le permiti\u00f3 dedicarse al arte sin las urgencias materiales que marcaron la vida de otros pintores de su tiempo. Desde joven mostr\u00f3 una clara inclinaci\u00f3n por el dibujo y, en 1875, comenz\u00f3 a formarse en [&hellip;]<\/p>\n","protected":false},"author":3,"featured_media":10523,"comment_status":"open","ping_status":"closed","sticky":false,"template":"","format":"standard","meta":{"site-container-style":"default","site-container-layout":"default","site-sidebar-layout":"default","disable-article-header":"default","disable-site-header":"default","disable-site-footer":"default","disable-content-area-spacing":"default","_jetpack_newsletter_access":"","_jetpack_dont_email_post_to_subs":false,"_jetpack_newsletter_tier_id":0,"_jetpack_memberships_contains_paywalled_content":false,"_jetpack_feature_clip_id":0,"_jetpack_memberships_contains_paid_content":false,"footnotes":"","jetpack_publicize_message":"","jetpack_publicize_feature_enabled":true,"jetpack_social_post_already_shared":true,"jetpack_social_options":{"image_generator_settings":{"template":"highway","default_image_id":0,"font":"","enabled":false},"version":2},"jetpack_post_was_ever_published":false},"categories":[1290],"tags":[3804,4520,4521,4409,3748,1383,738,1602],"class_list":["post-10519","post","type-post","status-publish","format-standard","has-post-thumbnail","hentry","category-historia-del-arte","tag-biografia-de-pintores","tag-biografia-georges-seurat","tag-divisionismo","tag-georges-seurat","tag-historia-de-la-pintura","tag-historia-del-arte","tag-maestros-de-la-pintura","tag-puntillismo"],"yoast_head":"<!-- This site is optimized with the Yoast SEO plugin v28.4 - https:\/\/yoast.com\/product\/yoast-seo-wordpress\/ -->\n<title>Georges Seurat: precisi\u00f3n, luz y armon\u00eda en la pintura moderna. - Blog de Rafael Ram\u00edrez<\/title>\n<meta name=\"description\" content=\"Georges-Pierre Seurat naci\u00f3 en Par\u00eds el 2 de diciembre de 1859, en el seno de una familia acomodada que le permiti\u00f3 dedicarse al arte sin las\" \/>\n<meta name=\"robots\" content=\"index, follow, max-snippet:-1, max-image-preview:large, max-video-preview:-1\" \/>\n<link rel=\"canonical\" href=\"https:\/\/rafaramirez.org\/blog\/index.php\/2025\/10\/06\/georges-seurat-biografia\/\" \/>\n<meta property=\"og:locale\" content=\"es_ES\" \/>\n<meta property=\"og:type\" content=\"article\" \/>\n<meta property=\"og:title\" content=\"Georges Seurat: precisi\u00f3n, luz y armon\u00eda en la pintura moderna. - Blog de Rafael Ram\u00edrez\" \/>\n<meta property=\"og:description\" content=\"Georges-Pierre Seurat naci\u00f3 en Par\u00eds el 2 de diciembre de 1859, en el seno de una familia acomodada que le permiti\u00f3 dedicarse al arte sin las\" \/>\n<meta property=\"og:url\" content=\"https:\/\/rafaramirez.org\/blog\/index.php\/2025\/10\/06\/georges-seurat-biografia\/\" \/>\n<meta property=\"og:site_name\" content=\"Blog de Rafael Ram\u00edrez\" \/>\n<meta property=\"article:published_time\" content=\"2025-10-06T06:00:29+00:00\" \/>\n<meta property=\"article:modified_time\" content=\"2026-07-14T09:42:08+00:00\" \/>\n<meta property=\"og:image\" content=\"https:\/\/rafaramirez.org\/blog\/wp-content\/uploads\/2025\/10\/Georges-Seurat_bannerlog.jpg\" \/>\n\t<meta property=\"og:image:width\" content=\"720\" \/>\n\t<meta property=\"og:image:height\" content=\"440\" \/>\n\t<meta property=\"og:image:type\" content=\"image\/jpeg\" \/>\n<meta name=\"author\" content=\"Documentaci\u00f3n e investigaci\u00f3n\" \/>\n<meta name=\"twitter:card\" content=\"summary_large_image\" \/>\n<meta name=\"twitter:site\" content=\"@rafaramirez_ok\" \/>\n<meta name=\"twitter:label1\" content=\"Escrito por\" \/>\n\t<meta name=\"twitter:data1\" content=\"Documentaci\u00f3n e investigaci\u00f3n\" \/>\n\t<meta name=\"twitter:label2\" content=\"Tiempo de lectura\" \/>\n\t<meta name=\"twitter:data2\" content=\"9 minutos\" \/>\n<script type=\"application\/ld+json\" class=\"yoast-schema-graph\">{\"@context\":\"https:\\\/\\\/schema.org\",\"@graph\":[{\"@type\":\"Article\",\"@id\":\"https:\\\/\\\/rafaramirez.org\\\/blog\\\/index.php\\\/2025\\\/10\\\/06\\\/georges-seurat-biografia\\\/#article\",\"isPartOf\":{\"@id\":\"https:\\\/\\\/rafaramirez.org\\\/blog\\\/index.php\\\/2025\\\/10\\\/06\\\/georges-seurat-biografia\\\/\"},\"author\":{\"name\":\"Documentaci\u00f3n e investigaci\u00f3n\",\"@id\":\"https:\\\/\\\/rafaramirez.org\\\/blog\\\/#\\\/schema\\\/person\\\/8debd05b3d9a1d16fb21af726811617d\"},\"headline\":\"Georges Seurat: precisi\u00f3n, luz y armon\u00eda en la pintura moderna.\",\"datePublished\":\"2025-10-06T06:00:29+00:00\",\"dateModified\":\"2026-07-14T09:42:08+00:00\",\"mainEntityOfPage\":{\"@id\":\"https:\\\/\\\/rafaramirez.org\\\/blog\\\/index.php\\\/2025\\\/10\\\/06\\\/georges-seurat-biografia\\\/\"},\"wordCount\":1652,\"commentCount\":0,\"publisher\":{\"@id\":\"https:\\\/\\\/rafaramirez.org\\\/blog\\\/#\\\/schema\\\/person\\\/50f43b6d60c578760d4c17bda54ab6a5\"},\"image\":{\"@id\":\"https:\\\/\\\/rafaramirez.org\\\/blog\\\/index.php\\\/2025\\\/10\\\/06\\\/georges-seurat-biografia\\\/#primaryimage\"},\"thumbnailUrl\":\"https:\\\/\\\/rafaramirez.org\\\/blog\\\/wp-content\\\/uploads\\\/2025\\\/10\\\/Georges-Seurat_bannerlog.jpg\",\"keywords\":[\"biograf\u00eda de pintores\",\"biograf\u00eda Georges Seurat\",\"divisionismo\",\"Georges Seurat\",\"historia de la pintura\",\"historia del arte\",\"maestros de la pintura\",\"puntillismo\"],\"articleSection\":[\"Historia del arte\"],\"inLanguage\":\"es\",\"potentialAction\":[{\"@type\":\"CommentAction\",\"name\":\"Comment\",\"target\":[\"https:\\\/\\\/rafaramirez.org\\\/blog\\\/index.php\\\/2025\\\/10\\\/06\\\/georges-seurat-biografia\\\/#respond\"]}]},{\"@type\":\"WebPage\",\"@id\":\"https:\\\/\\\/rafaramirez.org\\\/blog\\\/index.php\\\/2025\\\/10\\\/06\\\/georges-seurat-biografia\\\/\",\"url\":\"https:\\\/\\\/rafaramirez.org\\\/blog\\\/index.php\\\/2025\\\/10\\\/06\\\/georges-seurat-biografia\\\/\",\"name\":\"Georges Seurat: precisi\u00f3n, luz y armon\u00eda en la pintura moderna. - Blog de Rafael Ram\u00edrez\",\"isPartOf\":{\"@id\":\"https:\\\/\\\/rafaramirez.org\\\/blog\\\/#website\"},\"primaryImageOfPage\":{\"@id\":\"https:\\\/\\\/rafaramirez.org\\\/blog\\\/index.php\\\/2025\\\/10\\\/06\\\/georges-seurat-biografia\\\/#primaryimage\"},\"image\":{\"@id\":\"https:\\\/\\\/rafaramirez.org\\\/blog\\\/index.php\\\/2025\\\/10\\\/06\\\/georges-seurat-biografia\\\/#primaryimage\"},\"thumbnailUrl\":\"https:\\\/\\\/rafaramirez.org\\\/blog\\\/wp-content\\\/uploads\\\/2025\\\/10\\\/Georges-Seurat_bannerlog.jpg\",\"datePublished\":\"2025-10-06T06:00:29+00:00\",\"dateModified\":\"2026-07-14T09:42:08+00:00\",\"description\":\"Georges-Pierre Seurat naci\u00f3 en Par\u00eds el 2 de diciembre de 1859, en el seno de una familia acomodada que le permiti\u00f3 dedicarse al arte sin las\",\"breadcrumb\":{\"@id\":\"https:\\\/\\\/rafaramirez.org\\\/blog\\\/index.php\\\/2025\\\/10\\\/06\\\/georges-seurat-biografia\\\/#breadcrumb\"},\"inLanguage\":\"es\",\"potentialAction\":[{\"@type\":\"ReadAction\",\"target\":[\"https:\\\/\\\/rafaramirez.org\\\/blog\\\/index.php\\\/2025\\\/10\\\/06\\\/georges-seurat-biografia\\\/\"]}]},{\"@type\":\"ImageObject\",\"inLanguage\":\"es\",\"@id\":\"https:\\\/\\\/rafaramirez.org\\\/blog\\\/index.php\\\/2025\\\/10\\\/06\\\/georges-seurat-biografia\\\/#primaryimage\",\"url\":\"https:\\\/\\\/rafaramirez.org\\\/blog\\\/wp-content\\\/uploads\\\/2025\\\/10\\\/Georges-Seurat_bannerlog.jpg\",\"contentUrl\":\"https:\\\/\\\/rafaramirez.org\\\/blog\\\/wp-content\\\/uploads\\\/2025\\\/10\\\/Georges-Seurat_bannerlog.jpg\",\"width\":720,\"height\":440,\"caption\":\"Georges Seurat: precisi\u00f3n, luz y armon\u00eda en la pintura moderna. Blog de Rafael Ram\u00edrez.\"},{\"@type\":\"BreadcrumbList\",\"@id\":\"https:\\\/\\\/rafaramirez.org\\\/blog\\\/index.php\\\/2025\\\/10\\\/06\\\/georges-seurat-biografia\\\/#breadcrumb\",\"itemListElement\":[{\"@type\":\"ListItem\",\"position\":1,\"name\":\"Portada\",\"item\":\"https:\\\/\\\/rafaramirez.org\\\/blog\\\/\"},{\"@type\":\"ListItem\",\"position\":2,\"name\":\"Georges Seurat: precisi\u00f3n, luz y armon\u00eda en la pintura moderna.\"}]},{\"@type\":\"WebSite\",\"@id\":\"https:\\\/\\\/rafaramirez.org\\\/blog\\\/#website\",\"url\":\"https:\\\/\\\/rafaramirez.org\\\/blog\\\/\",\"name\":\"Blog de Rafael Ram\u00edrez\",\"description\":\"Un sitio social, de arte y cultura\",\"publisher\":{\"@id\":\"https:\\\/\\\/rafaramirez.org\\\/blog\\\/#\\\/schema\\\/person\\\/50f43b6d60c578760d4c17bda54ab6a5\"},\"potentialAction\":[{\"@type\":\"SearchAction\",\"target\":{\"@type\":\"EntryPoint\",\"urlTemplate\":\"https:\\\/\\\/rafaramirez.org\\\/blog\\\/?s={search_term_string}\"},\"query-input\":{\"@type\":\"PropertyValueSpecification\",\"valueRequired\":true,\"valueName\":\"search_term_string\"}}],\"inLanguage\":\"es\"},{\"@type\":[\"Person\",\"Organization\"],\"@id\":\"https:\\\/\\\/rafaramirez.org\\\/blog\\\/#\\\/schema\\\/person\\\/50f43b6d60c578760d4c17bda54ab6a5\",\"name\":\"Rafael Ram\u00edrez\",\"image\":{\"@type\":\"ImageObject\",\"inLanguage\":\"es\",\"@id\":\"https:\\\/\\\/rafaramirez.org\\\/blog\\\/wp-content\\\/uploads\\\/2024\\\/09\\\/RR_socialnetwork.jpg\",\"url\":\"https:\\\/\\\/rafaramirez.org\\\/blog\\\/wp-content\\\/uploads\\\/2024\\\/09\\\/RR_socialnetwork.jpg\",\"contentUrl\":\"https:\\\/\\\/rafaramirez.org\\\/blog\\\/wp-content\\\/uploads\\\/2024\\\/09\\\/RR_socialnetwork.jpg\",\"width\":600,\"height\":606,\"caption\":\"Rafael Ram\u00edrez\"},\"logo\":{\"@id\":\"https:\\\/\\\/rafaramirez.org\\\/blog\\\/wp-content\\\/uploads\\\/2024\\\/09\\\/RR_socialnetwork.jpg\"},\"sameAs\":[\"https:\\\/\\\/www.rafaramirez.org\\\/blog\",\"https:\\\/\\\/www.instagram.com\\\/rafaramirez_ok\\\/\",\"https:\\\/\\\/es.pinterest.com\\\/Ramirez_Rafa\\\/\",\"https:\\\/\\\/x.com\\\/rafaramirez_ok\"]},{\"@type\":\"Person\",\"@id\":\"https:\\\/\\\/rafaramirez.org\\\/blog\\\/#\\\/schema\\\/person\\\/8debd05b3d9a1d16fb21af726811617d\",\"name\":\"Documentaci\u00f3n e investigaci\u00f3n\",\"image\":{\"@type\":\"ImageObject\",\"inLanguage\":\"es\",\"@id\":\"https:\\\/\\\/secure.gravatar.com\\\/avatar\\\/fe70e496579a39c7a8fc4982b89275403b1092eb200623138a32daada9416911?s=96&d=mm&r=g\",\"url\":\"https:\\\/\\\/secure.gravatar.com\\\/avatar\\\/fe70e496579a39c7a8fc4982b89275403b1092eb200623138a32daada9416911?s=96&d=mm&r=g\",\"contentUrl\":\"https:\\\/\\\/secure.gravatar.com\\\/avatar\\\/fe70e496579a39c7a8fc4982b89275403b1092eb200623138a32daada9416911?s=96&d=mm&r=g\",\"caption\":\"Documentaci\u00f3n e investigaci\u00f3n\"},\"url\":\"https:\\\/\\\/rafaramirez.org\\\/blog\\\/index.php\\\/author\\\/admin\\\/\"}]}<\/script>\n<!-- \/ Yoast SEO plugin. -->","yoast_head_json":{"title":"Georges Seurat: precisi\u00f3n, luz y armon\u00eda en la pintura moderna. - Blog de Rafael Ram\u00edrez","description":"Georges-Pierre Seurat naci\u00f3 en Par\u00eds el 2 de diciembre de 1859, en el seno de una familia acomodada que le permiti\u00f3 dedicarse al arte sin las","robots":{"index":"index","follow":"follow","max-snippet":"max-snippet:-1","max-image-preview":"max-image-preview:large","max-video-preview":"max-video-preview:-1"},"canonical":"https:\/\/rafaramirez.org\/blog\/index.php\/2025\/10\/06\/georges-seurat-biografia\/","og_locale":"es_ES","og_type":"article","og_title":"Georges Seurat: precisi\u00f3n, luz y armon\u00eda en la pintura moderna. - Blog de Rafael Ram\u00edrez","og_description":"Georges-Pierre Seurat naci\u00f3 en Par\u00eds el 2 de diciembre de 1859, en el seno de una familia acomodada que le permiti\u00f3 dedicarse al arte sin las","og_url":"https:\/\/rafaramirez.org\/blog\/index.php\/2025\/10\/06\/georges-seurat-biografia\/","og_site_name":"Blog de Rafael Ram\u00edrez","article_published_time":"2025-10-06T06:00:29+00:00","article_modified_time":"2026-07-14T09:42:08+00:00","og_image":[{"width":720,"height":440,"url":"https:\/\/rafaramirez.org\/blog\/wp-content\/uploads\/2025\/10\/Georges-Seurat_bannerlog.jpg","type":"image\/jpeg"}],"author":"Documentaci\u00f3n e investigaci\u00f3n","twitter_card":"summary_large_image","twitter_site":"@rafaramirez_ok","twitter_misc":{"Escrito por":"Documentaci\u00f3n e investigaci\u00f3n","Tiempo de lectura":"9 minutos"},"schema":{"@context":"https:\/\/schema.org","@graph":[{"@type":"Article","@id":"https:\/\/rafaramirez.org\/blog\/index.php\/2025\/10\/06\/georges-seurat-biografia\/#article","isPartOf":{"@id":"https:\/\/rafaramirez.org\/blog\/index.php\/2025\/10\/06\/georges-seurat-biografia\/"},"author":{"name":"Documentaci\u00f3n e investigaci\u00f3n","@id":"https:\/\/rafaramirez.org\/blog\/#\/schema\/person\/8debd05b3d9a1d16fb21af726811617d"},"headline":"Georges Seurat: precisi\u00f3n, luz y armon\u00eda en la pintura moderna.","datePublished":"2025-10-06T06:00:29+00:00","dateModified":"2026-07-14T09:42:08+00:00","mainEntityOfPage":{"@id":"https:\/\/rafaramirez.org\/blog\/index.php\/2025\/10\/06\/georges-seurat-biografia\/"},"wordCount":1652,"commentCount":0,"publisher":{"@id":"https:\/\/rafaramirez.org\/blog\/#\/schema\/person\/50f43b6d60c578760d4c17bda54ab6a5"},"image":{"@id":"https:\/\/rafaramirez.org\/blog\/index.php\/2025\/10\/06\/georges-seurat-biografia\/#primaryimage"},"thumbnailUrl":"https:\/\/rafaramirez.org\/blog\/wp-content\/uploads\/2025\/10\/Georges-Seurat_bannerlog.jpg","keywords":["biograf\u00eda de pintores","biograf\u00eda Georges Seurat","divisionismo","Georges Seurat","historia de la pintura","historia del arte","maestros de la pintura","puntillismo"],"articleSection":["Historia del arte"],"inLanguage":"es","potentialAction":[{"@type":"CommentAction","name":"Comment","target":["https:\/\/rafaramirez.org\/blog\/index.php\/2025\/10\/06\/georges-seurat-biografia\/#respond"]}]},{"@type":"WebPage","@id":"https:\/\/rafaramirez.org\/blog\/index.php\/2025\/10\/06\/georges-seurat-biografia\/","url":"https:\/\/rafaramirez.org\/blog\/index.php\/2025\/10\/06\/georges-seurat-biografia\/","name":"Georges Seurat: precisi\u00f3n, luz y armon\u00eda en la pintura moderna. - Blog de Rafael Ram\u00edrez","isPartOf":{"@id":"https:\/\/rafaramirez.org\/blog\/#website"},"primaryImageOfPage":{"@id":"https:\/\/rafaramirez.org\/blog\/index.php\/2025\/10\/06\/georges-seurat-biografia\/#primaryimage"},"image":{"@id":"https:\/\/rafaramirez.org\/blog\/index.php\/2025\/10\/06\/georges-seurat-biografia\/#primaryimage"},"thumbnailUrl":"https:\/\/rafaramirez.org\/blog\/wp-content\/uploads\/2025\/10\/Georges-Seurat_bannerlog.jpg","datePublished":"2025-10-06T06:00:29+00:00","dateModified":"2026-07-14T09:42:08+00:00","description":"Georges-Pierre Seurat naci\u00f3 en Par\u00eds el 2 de diciembre de 1859, en el seno de una familia acomodada que le permiti\u00f3 dedicarse al arte sin las","breadcrumb":{"@id":"https:\/\/rafaramirez.org\/blog\/index.php\/2025\/10\/06\/georges-seurat-biografia\/#breadcrumb"},"inLanguage":"es","potentialAction":[{"@type":"ReadAction","target":["https:\/\/rafaramirez.org\/blog\/index.php\/2025\/10\/06\/georges-seurat-biografia\/"]}]},{"@type":"ImageObject","inLanguage":"es","@id":"https:\/\/rafaramirez.org\/blog\/index.php\/2025\/10\/06\/georges-seurat-biografia\/#primaryimage","url":"https:\/\/rafaramirez.org\/blog\/wp-content\/uploads\/2025\/10\/Georges-Seurat_bannerlog.jpg","contentUrl":"https:\/\/rafaramirez.org\/blog\/wp-content\/uploads\/2025\/10\/Georges-Seurat_bannerlog.jpg","width":720,"height":440,"caption":"Georges Seurat: precisi\u00f3n, luz y armon\u00eda en la pintura moderna. Blog de Rafael Ram\u00edrez."},{"@type":"BreadcrumbList","@id":"https:\/\/rafaramirez.org\/blog\/index.php\/2025\/10\/06\/georges-seurat-biografia\/#breadcrumb","itemListElement":[{"@type":"ListItem","position":1,"name":"Portada","item":"https:\/\/rafaramirez.org\/blog\/"},{"@type":"ListItem","position":2,"name":"Georges Seurat: precisi\u00f3n, luz y armon\u00eda en la pintura moderna."}]},{"@type":"WebSite","@id":"https:\/\/rafaramirez.org\/blog\/#website","url":"https:\/\/rafaramirez.org\/blog\/","name":"Blog de Rafael Ram\u00edrez","description":"Un sitio social, de arte y cultura","publisher":{"@id":"https:\/\/rafaramirez.org\/blog\/#\/schema\/person\/50f43b6d60c578760d4c17bda54ab6a5"},"potentialAction":[{"@type":"SearchAction","target":{"@type":"EntryPoint","urlTemplate":"https:\/\/rafaramirez.org\/blog\/?s={search_term_string}"},"query-input":{"@type":"PropertyValueSpecification","valueRequired":true,"valueName":"search_term_string"}}],"inLanguage":"es"},{"@type":["Person","Organization"],"@id":"https:\/\/rafaramirez.org\/blog\/#\/schema\/person\/50f43b6d60c578760d4c17bda54ab6a5","name":"Rafael Ram\u00edrez","image":{"@type":"ImageObject","inLanguage":"es","@id":"https:\/\/rafaramirez.org\/blog\/wp-content\/uploads\/2024\/09\/RR_socialnetwork.jpg","url":"https:\/\/rafaramirez.org\/blog\/wp-content\/uploads\/2024\/09\/RR_socialnetwork.jpg","contentUrl":"https:\/\/rafaramirez.org\/blog\/wp-content\/uploads\/2024\/09\/RR_socialnetwork.jpg","width":600,"height":606,"caption":"Rafael Ram\u00edrez"},"logo":{"@id":"https:\/\/rafaramirez.org\/blog\/wp-content\/uploads\/2024\/09\/RR_socialnetwork.jpg"},"sameAs":["https:\/\/www.rafaramirez.org\/blog","https:\/\/www.instagram.com\/rafaramirez_ok\/","https:\/\/es.pinterest.com\/Ramirez_Rafa\/","https:\/\/x.com\/rafaramirez_ok"]},{"@type":"Person","@id":"https:\/\/rafaramirez.org\/blog\/#\/schema\/person\/8debd05b3d9a1d16fb21af726811617d","name":"Documentaci\u00f3n e investigaci\u00f3n","image":{"@type":"ImageObject","inLanguage":"es","@id":"https:\/\/secure.gravatar.com\/avatar\/fe70e496579a39c7a8fc4982b89275403b1092eb200623138a32daada9416911?s=96&d=mm&r=g","url":"https:\/\/secure.gravatar.com\/avatar\/fe70e496579a39c7a8fc4982b89275403b1092eb200623138a32daada9416911?s=96&d=mm&r=g","contentUrl":"https:\/\/secure.gravatar.com\/avatar\/fe70e496579a39c7a8fc4982b89275403b1092eb200623138a32daada9416911?s=96&d=mm&r=g","caption":"Documentaci\u00f3n e investigaci\u00f3n"},"url":"https:\/\/rafaramirez.org\/blog\/index.php\/author\/admin\/"}]}},"jetpack_publicize_connections":[],"jetpack_sharing_enabled":true,"jetpack_likes_enabled":true,"jetpack_featured_media_url":"https:\/\/rafaramirez.org\/blog\/wp-content\/uploads\/2025\/10\/Georges-Seurat_bannerlog.jpg","_links":{"self":[{"href":"https:\/\/rafaramirez.org\/blog\/index.php\/wp-json\/wp\/v2\/posts\/10519","targetHints":{"allow":["GET"]}}],"collection":[{"href":"https:\/\/rafaramirez.org\/blog\/index.php\/wp-json\/wp\/v2\/posts"}],"about":[{"href":"https:\/\/rafaramirez.org\/blog\/index.php\/wp-json\/wp\/v2\/types\/post"}],"author":[{"embeddable":true,"href":"https:\/\/rafaramirez.org\/blog\/index.php\/wp-json\/wp\/v2\/users\/3"}],"replies":[{"embeddable":true,"href":"https:\/\/rafaramirez.org\/blog\/index.php\/wp-json\/wp\/v2\/comments?post=10519"}],"version-history":[{"count":9,"href":"https:\/\/rafaramirez.org\/blog\/index.php\/wp-json\/wp\/v2\/posts\/10519\/revisions"}],"predecessor-version":[{"id":11641,"href":"https:\/\/rafaramirez.org\/blog\/index.php\/wp-json\/wp\/v2\/posts\/10519\/revisions\/11641"}],"wp:featuredmedia":[{"embeddable":true,"href":"https:\/\/rafaramirez.org\/blog\/index.php\/wp-json\/wp\/v2\/media\/10523"}],"wp:attachment":[{"href":"https:\/\/rafaramirez.org\/blog\/index.php\/wp-json\/wp\/v2\/media?parent=10519"}],"wp:term":[{"taxonomy":"category","embeddable":true,"href":"https:\/\/rafaramirez.org\/blog\/index.php\/wp-json\/wp\/v2\/categories?post=10519"},{"taxonomy":"post_tag","embeddable":true,"href":"https:\/\/rafaramirez.org\/blog\/index.php\/wp-json\/wp\/v2\/tags?post=10519"}],"curies":[{"name":"wp","href":"https:\/\/api.w.org\/{rel}","templated":true}]}}