{"id":10433,"date":"2025-09-22T08:00:42","date_gmt":"2025-09-22T06:00:42","guid":{"rendered":"https:\/\/rafaramirez.org\/blog\/?p=10433"},"modified":"2025-09-10T12:59:00","modified_gmt":"2025-09-10T10:59:00","slug":"equinoccio-de-otono-2025","status":"publish","type":"post","link":"https:\/\/rafaramirez.org\/blog\/index.php\/2025\/09\/22\/equinoccio-de-otono-2025\/","title":{"rendered":"Equinoccio de Oto\u00f1o 2025, equilibrio en el cielo, cambios en la tierra: el equinoccio que despide al verano."},"content":{"rendered":"<p>El equinoccio de oto\u00f1o es un fen\u00f3meno astron\u00f3mico que se produce una vez al a\u00f1o en el hemisferio norte, normalmente entre el 21 y el 23 de septiembre. En 2025, por ejemplo, tendr\u00e1 lugar el 22 de septiembre a las 20:19 (hora peninsular).<\/p>\n<h3>\u00bfQu\u00e9 sucede astron\u00f3micamente?<\/h3>\n<ul>\n<li>El Sol se sit\u00faa exactamente sobre el ecuador terrestre, por lo que el d\u00eda y la noche tienen pr\u00e1cticamente la misma duraci\u00f3n en todo el planeta.<\/li>\n<li>Esto ocurre porque el eje de la Tierra (inclinado unos 23,5\u00b0) no apunta ni hacia el Sol ni en la direcci\u00f3n opuesta.<\/li>\n<li>El t\u00e9rmino equinoccio viene del lat\u00edn aequus (igual) y nox (noche), y significa literalmente \u201cnoche igual\u201d.<\/li>\n<\/ul>\n<h3>Significado en los hemisferios.<\/h3>\n<ul>\n<li>En el hemisferio norte, marca el inicio del oto\u00f1o, con d\u00edas m\u00e1s cortos, noches m\u00e1s largas y temperaturas en descenso.<\/li>\n<li>En el hemisferio sur coincide con el inicio de la primavera.<\/li>\n<\/ul>\n<h3>Tradiciones y simbolismo.<\/h3>\n<ul>\n<li>Muchas culturas lo han celebrado como un momento de equilibrio y renovaci\u00f3n.<\/li>\n<li>En la antig\u00fcedad, marcaba el calendario agr\u00edcola, ya que era tiempo de cosecha y de prepararse para el invierno.<\/li>\n<li>Lugares como Chich\u00e9n Itz\u00e1 en M\u00e9xico o Stonehenge en Inglaterra muestran alineaciones arquitect\u00f3nicas con el Sol durante los equinoccios.<\/li>\n<\/ul>\n<h3>Fen\u00f3menos asociados.<\/h3>\n<ul>\n<li>Salida y puesta de Sol: ese d\u00eda, el astro rey sale exactamente por el este y se pone por el oeste.<\/li>\n<li>Cielos de oto\u00f1o: las constelaciones de Pegaso, Andr\u00f3meda y Acuario se vuelven m\u00e1s visibles.<\/li>\n<li>En 2025, el oto\u00f1o traer\u00e1 lluvias de meteoros como las Drac\u00f3nidas, en octubre, y las Ori\u00f3nidas, a finales de ese mismo mes.<\/li>\n<\/ul>\n<p>Como te he contado, este evento tambi\u00e9n tiene un impacto cultural significativo. Muchas culturas celebran festividades relacionadas con la cosecha y el agradecimiento por los frutos recogidos durante el a\u00f1o. Por ejemplo, en la pir\u00e1mide de <strong>Chich\u00e9n Itz\u00e1 en M\u00e9xico,<\/strong> la luz solar crea una sombra con forma de serpiente, asociada al <strong>dios Kukulk\u00e1n.<\/strong><\/p>\n<figure id=\"attachment_5870\" aria-describedby=\"caption-attachment-5870\" style=\"width: 300px\" class=\"wp-caption aligncenter\"><a href=\"https:\/\/rafaramirez.org\/blog\/wp-content\/uploads\/2024\/09\/pyramid-5744558.jpg\" target=\"_blank\" rel=\"noopener\"><img loading=\"lazy\" decoding=\"async\" class=\"wp-image-5870 size-medium\" src=\"https:\/\/rafaramirez.org\/blog\/wp-content\/uploads\/2024\/09\/pyramid-5744558-300x197.jpg\" alt=\"Equinoccio de Oto\u00f1o. Blog de Rafael Ram\u00edrez.\" width=\"300\" height=\"197\" srcset=\"https:\/\/rafaramirez.org\/blog\/wp-content\/uploads\/2024\/09\/pyramid-5744558-300x197.jpg 300w, https:\/\/rafaramirez.org\/blog\/wp-content\/uploads\/2024\/09\/pyramid-5744558-1024x672.jpg 1024w, https:\/\/rafaramirez.org\/blog\/wp-content\/uploads\/2024\/09\/pyramid-5744558-768x504.jpg 768w, https:\/\/rafaramirez.org\/blog\/wp-content\/uploads\/2024\/09\/pyramid-5744558.jpg 1200w\" sizes=\"auto, (max-width: 300px) 100vw, 300px\" \/><\/a><figcaption id=\"caption-attachment-5870\" class=\"wp-caption-text\">Equinoccio de Oto\u00f1o. Blog de Rafael Ram\u00edrez.<\/figcaption><\/figure>\n<p>Este fen\u00f3meno no solo resulta interesante desde el punto de vista astron\u00f3mico, sino que tambi\u00e9n tiene un gran impacto cultural y agr\u00edcola en muchas partes del mundo.<\/p>\n<p>M\u00e1s informaci\u00f3n:<\/p>\n<ul>\n<li><a href=\"https:\/\/www.eltiempo.es\/noticias\/equinoccio-de-otono-2025-cuando-empieza-en-espana-y-que-significa\" target=\"_blank\" rel=\"noopener\">Equinoccio de oto\u00f1o 2025: cu\u00e1ndo empieza en Espa\u00f1a y qu\u00e9 significa | Eltiempo.es<\/a>.<\/li>\n<li><a href=\"https:\/\/es.wikipedia.org\/wiki\/Equinoccio\" target=\"_blank\" rel=\"noopener\">Wikipedia<\/a>.<\/li>\n<\/ul>\n","protected":false},"excerpt":{"rendered":"<p>El equinoccio de oto\u00f1o es un fen\u00f3meno astron\u00f3mico que se produce una vez al a\u00f1o en el hemisferio norte, normalmente entre el 21 y el 23 de septiembre. En 2025, por ejemplo, tendr\u00e1 lugar el 22 de septiembre a las 20:19 (hora peninsular). \u00bfQu\u00e9 sucede astron\u00f3micamente? El Sol se sit\u00faa exactamente sobre el ecuador terrestre, [&hellip;]<\/p>\n","protected":false},"author":1,"featured_media":10435,"comment_status":"open","ping_status":"closed","sticky":false,"template":"","format":"standard","meta":{"site-container-style":"default","site-container-layout":"default","site-sidebar-layout":"default","disable-article-header":"default","disable-site-header":"default","disable-site-footer":"default","disable-content-area-spacing":"default","_jetpack_newsletter_access":"","_jetpack_dont_email_post_to_subs":false,"_jetpack_newsletter_tier_id":0,"_jetpack_memberships_contains_paywalled_content":false,"_jetpack_feature_clip_id":0,"_jetpack_memberships_contains_paid_content":false,"footnotes":"","jetpack_publicize_message":"","jetpack_publicize_feature_enabled":true,"jetpack_social_post_already_shared":true,"jetpack_social_options":{"image_generator_settings":{"template":"highway","default_image_id":0,"font":"","enabled":false},"version":2},"jetpack_post_was_ever_published":false},"categories":[1291],"tags":[3414,3415,3411,68,3409,1821,1323,3407,3412,3406,3413,3408,452,474,3410],"class_list":["post-10433","post","type-post","status-publish","format-standard","has-post-thumbnail","hentry","category-efemerides","tag-aequus","tag-nox","tag-22-de-septiembre","tag-blog-de-rafael-ramirez","tag-distribucion-de-la-luz-solar","tag-ecuador","tag-efemerides","tag-eje-terrestre","tag-entre-el-22-y-el-23-de-septiembre","tag-equinoccio-de-otono","tag-latin-aequinoctium","tag-orbita-de-la-tierra","tag-sol","tag-tierra","tag-transicion-de-estaciones"],"yoast_head":"<!-- This site is optimized with the Yoast SEO plugin v28.4 - https:\/\/yoast.com\/product\/yoast-seo-wordpress\/ -->\n<title>Equinoccio de Oto\u00f1o 2025, equilibrio en el cielo, cambios en la tierra: el equinoccio que despide al verano. - Blog de Rafael Ram\u00edrez<\/title>\n<meta name=\"description\" content=\"El equinoccio de oto\u00f1o es un fen\u00f3meno astron\u00f3mico que se produce una vez al a\u00f1o en el hemisferio norte, normalmente entre el 21 y el 23 de...\" \/>\n<meta name=\"robots\" content=\"index, follow, max-snippet:-1, max-image-preview:large, max-video-preview:-1\" \/>\n<link rel=\"canonical\" href=\"https:\/\/rafaramirez.org\/blog\/index.php\/2025\/09\/22\/equinoccio-de-otono-2025\/\" \/>\n<meta property=\"og:locale\" content=\"es_ES\" \/>\n<meta property=\"og:type\" content=\"article\" \/>\n<meta property=\"og:title\" content=\"Equinoccio de Oto\u00f1o 2025, equilibrio en el cielo, cambios en la tierra: el equinoccio que despide al verano. - Blog de Rafael Ram\u00edrez\" \/>\n<meta property=\"og:description\" content=\"El equinoccio de oto\u00f1o es un fen\u00f3meno astron\u00f3mico que se produce una vez al a\u00f1o en el hemisferio norte, normalmente entre el 21 y el 23 de...\" \/>\n<meta property=\"og:url\" content=\"https:\/\/rafaramirez.org\/blog\/index.php\/2025\/09\/22\/equinoccio-de-otono-2025\/\" \/>\n<meta property=\"og:site_name\" content=\"Blog de Rafael Ram\u00edrez\" \/>\n<meta property=\"article:published_time\" content=\"2025-09-22T06:00:42+00:00\" \/>\n<meta property=\"og:image\" content=\"https:\/\/rafaramirez.org\/blog\/wp-content\/uploads\/2025\/09\/Equinoccio-de-otono_bannerlog.jpg\" \/>\n\t<meta property=\"og:image:width\" content=\"720\" \/>\n\t<meta property=\"og:image:height\" content=\"440\" \/>\n\t<meta property=\"og:image:type\" content=\"image\/jpeg\" \/>\n<meta name=\"author\" content=\"Rafael Ram\u00edrez\" \/>\n<meta name=\"twitter:card\" content=\"summary_large_image\" \/>\n<meta name=\"twitter:creator\" content=\"@rafaramirez_ok\" \/>\n<meta name=\"twitter:site\" content=\"@rafaramirez_ok\" \/>\n<meta name=\"twitter:label1\" content=\"Escrito por\" \/>\n\t<meta name=\"twitter:data1\" content=\"Rafael Ram\u00edrez\" \/>\n\t<meta name=\"twitter:label2\" content=\"Tiempo de lectura\" \/>\n\t<meta name=\"twitter:data2\" content=\"3 minutos\" \/>\n<script type=\"application\/ld+json\" class=\"yoast-schema-graph\">{\"@context\":\"https:\\\/\\\/schema.org\",\"@graph\":[{\"@type\":\"Article\",\"@id\":\"https:\\\/\\\/rafaramirez.org\\\/blog\\\/index.php\\\/2025\\\/09\\\/22\\\/equinoccio-de-otono-2025\\\/#article\",\"isPartOf\":{\"@id\":\"https:\\\/\\\/rafaramirez.org\\\/blog\\\/index.php\\\/2025\\\/09\\\/22\\\/equinoccio-de-otono-2025\\\/\"},\"author\":{\"name\":\"Rafael Ram\u00edrez\",\"@id\":\"https:\\\/\\\/rafaramirez.org\\\/blog\\\/#\\\/schema\\\/person\\\/50f43b6d60c578760d4c17bda54ab6a5\"},\"headline\":\"Equinoccio de Oto\u00f1o 2025, equilibrio en el cielo, cambios en la tierra: el equinoccio que despide al verano.\",\"datePublished\":\"2025-09-22T06:00:42+00:00\",\"mainEntityOfPage\":{\"@id\":\"https:\\\/\\\/rafaramirez.org\\\/blog\\\/index.php\\\/2025\\\/09\\\/22\\\/equinoccio-de-otono-2025\\\/\"},\"wordCount\":425,\"commentCount\":0,\"publisher\":{\"@id\":\"https:\\\/\\\/rafaramirez.org\\\/blog\\\/#\\\/schema\\\/person\\\/50f43b6d60c578760d4c17bda54ab6a5\"},\"image\":{\"@id\":\"https:\\\/\\\/rafaramirez.org\\\/blog\\\/index.php\\\/2025\\\/09\\\/22\\\/equinoccio-de-otono-2025\\\/#primaryimage\"},\"thumbnailUrl\":\"https:\\\/\\\/rafaramirez.org\\\/blog\\\/wp-content\\\/uploads\\\/2025\\\/09\\\/Equinoccio-de-otono_bannerlog.jpg\",\"keywords\":[\"\u201caequus\u201d\",\"\u201cnox\u201d\",\"22 de septiembre\",\"blog de Rafael Ram\u00edrez\",\"Distribuci\u00f3n de la Luz Solar\",\"Ecuador\",\"efem\u00e9rides\",\"Eje Terrestre\",\"entre el 22 y el 23 de septiembre\",\"equinoccio de oto\u00f1o\",\"lat\u00edn \u201caequinoctium\u201d\",\"\u00d3rbita de la Tierra\",\"Sol\",\"Tierra\",\"Transici\u00f3n de Estaciones\"],\"articleSection\":[\"Efem\u00e9rides\"],\"inLanguage\":\"es\",\"potentialAction\":[{\"@type\":\"CommentAction\",\"name\":\"Comment\",\"target\":[\"https:\\\/\\\/rafaramirez.org\\\/blog\\\/index.php\\\/2025\\\/09\\\/22\\\/equinoccio-de-otono-2025\\\/#respond\"]}]},{\"@type\":\"WebPage\",\"@id\":\"https:\\\/\\\/rafaramirez.org\\\/blog\\\/index.php\\\/2025\\\/09\\\/22\\\/equinoccio-de-otono-2025\\\/\",\"url\":\"https:\\\/\\\/rafaramirez.org\\\/blog\\\/index.php\\\/2025\\\/09\\\/22\\\/equinoccio-de-otono-2025\\\/\",\"name\":\"Equinoccio de Oto\u00f1o 2025, equilibrio en el cielo, cambios en la tierra: el equinoccio que despide al verano. - Blog de Rafael Ram\u00edrez\",\"isPartOf\":{\"@id\":\"https:\\\/\\\/rafaramirez.org\\\/blog\\\/#website\"},\"primaryImageOfPage\":{\"@id\":\"https:\\\/\\\/rafaramirez.org\\\/blog\\\/index.php\\\/2025\\\/09\\\/22\\\/equinoccio-de-otono-2025\\\/#primaryimage\"},\"image\":{\"@id\":\"https:\\\/\\\/rafaramirez.org\\\/blog\\\/index.php\\\/2025\\\/09\\\/22\\\/equinoccio-de-otono-2025\\\/#primaryimage\"},\"thumbnailUrl\":\"https:\\\/\\\/rafaramirez.org\\\/blog\\\/wp-content\\\/uploads\\\/2025\\\/09\\\/Equinoccio-de-otono_bannerlog.jpg\",\"datePublished\":\"2025-09-22T06:00:42+00:00\",\"description\":\"El equinoccio de oto\u00f1o es un fen\u00f3meno astron\u00f3mico que se produce una vez al a\u00f1o en el hemisferio norte, normalmente entre el 21 y el 23 de...\",\"breadcrumb\":{\"@id\":\"https:\\\/\\\/rafaramirez.org\\\/blog\\\/index.php\\\/2025\\\/09\\\/22\\\/equinoccio-de-otono-2025\\\/#breadcrumb\"},\"inLanguage\":\"es\",\"potentialAction\":[{\"@type\":\"ReadAction\",\"target\":[\"https:\\\/\\\/rafaramirez.org\\\/blog\\\/index.php\\\/2025\\\/09\\\/22\\\/equinoccio-de-otono-2025\\\/\"]}]},{\"@type\":\"ImageObject\",\"inLanguage\":\"es\",\"@id\":\"https:\\\/\\\/rafaramirez.org\\\/blog\\\/index.php\\\/2025\\\/09\\\/22\\\/equinoccio-de-otono-2025\\\/#primaryimage\",\"url\":\"https:\\\/\\\/rafaramirez.org\\\/blog\\\/wp-content\\\/uploads\\\/2025\\\/09\\\/Equinoccio-de-otono_bannerlog.jpg\",\"contentUrl\":\"https:\\\/\\\/rafaramirez.org\\\/blog\\\/wp-content\\\/uploads\\\/2025\\\/09\\\/Equinoccio-de-otono_bannerlog.jpg\",\"width\":720,\"height\":440,\"caption\":\"Equinoccio de Oto\u00f1o 2025. Blog de Rafael Ram\u00edrez.\"},{\"@type\":\"BreadcrumbList\",\"@id\":\"https:\\\/\\\/rafaramirez.org\\\/blog\\\/index.php\\\/2025\\\/09\\\/22\\\/equinoccio-de-otono-2025\\\/#breadcrumb\",\"itemListElement\":[{\"@type\":\"ListItem\",\"position\":1,\"name\":\"Portada\",\"item\":\"https:\\\/\\\/rafaramirez.org\\\/blog\\\/\"},{\"@type\":\"ListItem\",\"position\":2,\"name\":\"Equinoccio de Oto\u00f1o 2025, equilibrio en el cielo, cambios en la tierra: el equinoccio que despide al verano.\"}]},{\"@type\":\"WebSite\",\"@id\":\"https:\\\/\\\/rafaramirez.org\\\/blog\\\/#website\",\"url\":\"https:\\\/\\\/rafaramirez.org\\\/blog\\\/\",\"name\":\"Blog de Rafael Ram\u00edrez\",\"description\":\"Un sitio social, de arte y cultura\",\"publisher\":{\"@id\":\"https:\\\/\\\/rafaramirez.org\\\/blog\\\/#\\\/schema\\\/person\\\/50f43b6d60c578760d4c17bda54ab6a5\"},\"potentialAction\":[{\"@type\":\"SearchAction\",\"target\":{\"@type\":\"EntryPoint\",\"urlTemplate\":\"https:\\\/\\\/rafaramirez.org\\\/blog\\\/?s={search_term_string}\"},\"query-input\":{\"@type\":\"PropertyValueSpecification\",\"valueRequired\":true,\"valueName\":\"search_term_string\"}}],\"inLanguage\":\"es\"},{\"@type\":[\"Person\",\"Organization\"],\"@id\":\"https:\\\/\\\/rafaramirez.org\\\/blog\\\/#\\\/schema\\\/person\\\/50f43b6d60c578760d4c17bda54ab6a5\",\"name\":\"Rafael Ram\u00edrez\",\"image\":{\"@type\":\"ImageObject\",\"inLanguage\":\"es\",\"@id\":\"https:\\\/\\\/rafaramirez.org\\\/blog\\\/wp-content\\\/uploads\\\/2024\\\/09\\\/RR_socialnetwork.jpg\",\"url\":\"https:\\\/\\\/rafaramirez.org\\\/blog\\\/wp-content\\\/uploads\\\/2024\\\/09\\\/RR_socialnetwork.jpg\",\"contentUrl\":\"https:\\\/\\\/rafaramirez.org\\\/blog\\\/wp-content\\\/uploads\\\/2024\\\/09\\\/RR_socialnetwork.jpg\",\"width\":600,\"height\":606,\"caption\":\"Rafael Ram\u00edrez\"},\"logo\":{\"@id\":\"https:\\\/\\\/rafaramirez.org\\\/blog\\\/wp-content\\\/uploads\\\/2024\\\/09\\\/RR_socialnetwork.jpg\"},\"sameAs\":[\"https:\\\/\\\/www.rafaramirez.org\\\/blog\",\"https:\\\/\\\/www.instagram.com\\\/rafaramirez_ok\\\/\",\"https:\\\/\\\/es.pinterest.com\\\/Ramirez_Rafa\\\/\",\"https:\\\/\\\/x.com\\\/rafaramirez_ok\"],\"url\":\"https:\\\/\\\/rafaramirez.org\\\/blog\\\/index.php\\\/author\\\/rafaell_qm6j97da\\\/\"}]}<\/script>\n<!-- \/ Yoast SEO plugin. -->","yoast_head_json":{"title":"Equinoccio de Oto\u00f1o 2025, equilibrio en el cielo, cambios en la tierra: el equinoccio que despide al verano. - Blog de Rafael Ram\u00edrez","description":"El equinoccio de oto\u00f1o es un fen\u00f3meno astron\u00f3mico que se produce una vez al a\u00f1o en el hemisferio norte, normalmente entre el 21 y el 23 de...","robots":{"index":"index","follow":"follow","max-snippet":"max-snippet:-1","max-image-preview":"max-image-preview:large","max-video-preview":"max-video-preview:-1"},"canonical":"https:\/\/rafaramirez.org\/blog\/index.php\/2025\/09\/22\/equinoccio-de-otono-2025\/","og_locale":"es_ES","og_type":"article","og_title":"Equinoccio de Oto\u00f1o 2025, equilibrio en el cielo, cambios en la tierra: el equinoccio que despide al verano. - Blog de Rafael Ram\u00edrez","og_description":"El equinoccio de oto\u00f1o es un fen\u00f3meno astron\u00f3mico que se produce una vez al a\u00f1o en el hemisferio norte, normalmente entre el 21 y el 23 de...","og_url":"https:\/\/rafaramirez.org\/blog\/index.php\/2025\/09\/22\/equinoccio-de-otono-2025\/","og_site_name":"Blog de Rafael Ram\u00edrez","article_published_time":"2025-09-22T06:00:42+00:00","og_image":[{"width":720,"height":440,"url":"https:\/\/rafaramirez.org\/blog\/wp-content\/uploads\/2025\/09\/Equinoccio-de-otono_bannerlog.jpg","type":"image\/jpeg"}],"author":"Rafael Ram\u00edrez","twitter_card":"summary_large_image","twitter_creator":"@rafaramirez_ok","twitter_site":"@rafaramirez_ok","twitter_misc":{"Escrito por":"Rafael Ram\u00edrez","Tiempo de lectura":"3 minutos"},"schema":{"@context":"https:\/\/schema.org","@graph":[{"@type":"Article","@id":"https:\/\/rafaramirez.org\/blog\/index.php\/2025\/09\/22\/equinoccio-de-otono-2025\/#article","isPartOf":{"@id":"https:\/\/rafaramirez.org\/blog\/index.php\/2025\/09\/22\/equinoccio-de-otono-2025\/"},"author":{"name":"Rafael Ram\u00edrez","@id":"https:\/\/rafaramirez.org\/blog\/#\/schema\/person\/50f43b6d60c578760d4c17bda54ab6a5"},"headline":"Equinoccio de Oto\u00f1o 2025, equilibrio en el cielo, cambios en la tierra: el equinoccio que despide al verano.","datePublished":"2025-09-22T06:00:42+00:00","mainEntityOfPage":{"@id":"https:\/\/rafaramirez.org\/blog\/index.php\/2025\/09\/22\/equinoccio-de-otono-2025\/"},"wordCount":425,"commentCount":0,"publisher":{"@id":"https:\/\/rafaramirez.org\/blog\/#\/schema\/person\/50f43b6d60c578760d4c17bda54ab6a5"},"image":{"@id":"https:\/\/rafaramirez.org\/blog\/index.php\/2025\/09\/22\/equinoccio-de-otono-2025\/#primaryimage"},"thumbnailUrl":"https:\/\/rafaramirez.org\/blog\/wp-content\/uploads\/2025\/09\/Equinoccio-de-otono_bannerlog.jpg","keywords":["\u201caequus\u201d","\u201cnox\u201d","22 de septiembre","blog de Rafael Ram\u00edrez","Distribuci\u00f3n de la Luz Solar","Ecuador","efem\u00e9rides","Eje Terrestre","entre el 22 y el 23 de septiembre","equinoccio de oto\u00f1o","lat\u00edn \u201caequinoctium\u201d","\u00d3rbita de la Tierra","Sol","Tierra","Transici\u00f3n de Estaciones"],"articleSection":["Efem\u00e9rides"],"inLanguage":"es","potentialAction":[{"@type":"CommentAction","name":"Comment","target":["https:\/\/rafaramirez.org\/blog\/index.php\/2025\/09\/22\/equinoccio-de-otono-2025\/#respond"]}]},{"@type":"WebPage","@id":"https:\/\/rafaramirez.org\/blog\/index.php\/2025\/09\/22\/equinoccio-de-otono-2025\/","url":"https:\/\/rafaramirez.org\/blog\/index.php\/2025\/09\/22\/equinoccio-de-otono-2025\/","name":"Equinoccio de Oto\u00f1o 2025, equilibrio en el cielo, cambios en la tierra: el equinoccio que despide al verano. - Blog de Rafael Ram\u00edrez","isPartOf":{"@id":"https:\/\/rafaramirez.org\/blog\/#website"},"primaryImageOfPage":{"@id":"https:\/\/rafaramirez.org\/blog\/index.php\/2025\/09\/22\/equinoccio-de-otono-2025\/#primaryimage"},"image":{"@id":"https:\/\/rafaramirez.org\/blog\/index.php\/2025\/09\/22\/equinoccio-de-otono-2025\/#primaryimage"},"thumbnailUrl":"https:\/\/rafaramirez.org\/blog\/wp-content\/uploads\/2025\/09\/Equinoccio-de-otono_bannerlog.jpg","datePublished":"2025-09-22T06:00:42+00:00","description":"El equinoccio de oto\u00f1o es un fen\u00f3meno astron\u00f3mico que se produce una vez al a\u00f1o en el hemisferio norte, normalmente entre el 21 y el 23 de...","breadcrumb":{"@id":"https:\/\/rafaramirez.org\/blog\/index.php\/2025\/09\/22\/equinoccio-de-otono-2025\/#breadcrumb"},"inLanguage":"es","potentialAction":[{"@type":"ReadAction","target":["https:\/\/rafaramirez.org\/blog\/index.php\/2025\/09\/22\/equinoccio-de-otono-2025\/"]}]},{"@type":"ImageObject","inLanguage":"es","@id":"https:\/\/rafaramirez.org\/blog\/index.php\/2025\/09\/22\/equinoccio-de-otono-2025\/#primaryimage","url":"https:\/\/rafaramirez.org\/blog\/wp-content\/uploads\/2025\/09\/Equinoccio-de-otono_bannerlog.jpg","contentUrl":"https:\/\/rafaramirez.org\/blog\/wp-content\/uploads\/2025\/09\/Equinoccio-de-otono_bannerlog.jpg","width":720,"height":440,"caption":"Equinoccio de Oto\u00f1o 2025. Blog de Rafael Ram\u00edrez."},{"@type":"BreadcrumbList","@id":"https:\/\/rafaramirez.org\/blog\/index.php\/2025\/09\/22\/equinoccio-de-otono-2025\/#breadcrumb","itemListElement":[{"@type":"ListItem","position":1,"name":"Portada","item":"https:\/\/rafaramirez.org\/blog\/"},{"@type":"ListItem","position":2,"name":"Equinoccio de Oto\u00f1o 2025, equilibrio en el cielo, cambios en la tierra: el equinoccio que despide al verano."}]},{"@type":"WebSite","@id":"https:\/\/rafaramirez.org\/blog\/#website","url":"https:\/\/rafaramirez.org\/blog\/","name":"Blog de Rafael Ram\u00edrez","description":"Un sitio social, de arte y cultura","publisher":{"@id":"https:\/\/rafaramirez.org\/blog\/#\/schema\/person\/50f43b6d60c578760d4c17bda54ab6a5"},"potentialAction":[{"@type":"SearchAction","target":{"@type":"EntryPoint","urlTemplate":"https:\/\/rafaramirez.org\/blog\/?s={search_term_string}"},"query-input":{"@type":"PropertyValueSpecification","valueRequired":true,"valueName":"search_term_string"}}],"inLanguage":"es"},{"@type":["Person","Organization"],"@id":"https:\/\/rafaramirez.org\/blog\/#\/schema\/person\/50f43b6d60c578760d4c17bda54ab6a5","name":"Rafael Ram\u00edrez","image":{"@type":"ImageObject","inLanguage":"es","@id":"https:\/\/rafaramirez.org\/blog\/wp-content\/uploads\/2024\/09\/RR_socialnetwork.jpg","url":"https:\/\/rafaramirez.org\/blog\/wp-content\/uploads\/2024\/09\/RR_socialnetwork.jpg","contentUrl":"https:\/\/rafaramirez.org\/blog\/wp-content\/uploads\/2024\/09\/RR_socialnetwork.jpg","width":600,"height":606,"caption":"Rafael Ram\u00edrez"},"logo":{"@id":"https:\/\/rafaramirez.org\/blog\/wp-content\/uploads\/2024\/09\/RR_socialnetwork.jpg"},"sameAs":["https:\/\/www.rafaramirez.org\/blog","https:\/\/www.instagram.com\/rafaramirez_ok\/","https:\/\/es.pinterest.com\/Ramirez_Rafa\/","https:\/\/x.com\/rafaramirez_ok"],"url":"https:\/\/rafaramirez.org\/blog\/index.php\/author\/rafaell_qm6j97da\/"}]}},"jetpack_publicize_connections":[],"jetpack_sharing_enabled":true,"jetpack_likes_enabled":true,"jetpack_featured_media_url":"https:\/\/rafaramirez.org\/blog\/wp-content\/uploads\/2025\/09\/Equinoccio-de-otono_bannerlog.jpg","_links":{"self":[{"href":"https:\/\/rafaramirez.org\/blog\/index.php\/wp-json\/wp\/v2\/posts\/10433","targetHints":{"allow":["GET"]}}],"collection":[{"href":"https:\/\/rafaramirez.org\/blog\/index.php\/wp-json\/wp\/v2\/posts"}],"about":[{"href":"https:\/\/rafaramirez.org\/blog\/index.php\/wp-json\/wp\/v2\/types\/post"}],"author":[{"embeddable":true,"href":"https:\/\/rafaramirez.org\/blog\/index.php\/wp-json\/wp\/v2\/users\/1"}],"replies":[{"embeddable":true,"href":"https:\/\/rafaramirez.org\/blog\/index.php\/wp-json\/wp\/v2\/comments?post=10433"}],"version-history":[{"count":4,"href":"https:\/\/rafaramirez.org\/blog\/index.php\/wp-json\/wp\/v2\/posts\/10433\/revisions"}],"predecessor-version":[{"id":10438,"href":"https:\/\/rafaramirez.org\/blog\/index.php\/wp-json\/wp\/v2\/posts\/10433\/revisions\/10438"}],"wp:featuredmedia":[{"embeddable":true,"href":"https:\/\/rafaramirez.org\/blog\/index.php\/wp-json\/wp\/v2\/media\/10435"}],"wp:attachment":[{"href":"https:\/\/rafaramirez.org\/blog\/index.php\/wp-json\/wp\/v2\/media?parent=10433"}],"wp:term":[{"taxonomy":"category","embeddable":true,"href":"https:\/\/rafaramirez.org\/blog\/index.php\/wp-json\/wp\/v2\/categories?post=10433"},{"taxonomy":"post_tag","embeddable":true,"href":"https:\/\/rafaramirez.org\/blog\/index.php\/wp-json\/wp\/v2\/tags?post=10433"}],"curies":[{"name":"wp","href":"https:\/\/api.w.org\/{rel}","templated":true}]}}