{"id":10427,"date":"2025-09-21T08:00:05","date_gmt":"2025-09-21T06:00:05","guid":{"rendered":"https:\/\/rafaramirez.org\/blog\/?p=10427"},"modified":"2025-09-10T12:27:18","modified_gmt":"2025-09-10T10:27:18","slug":"dia-internacional-de-la-paz-2025","status":"publish","type":"post","link":"https:\/\/rafaramirez.org\/blog\/index.php\/2025\/09\/21\/dia-internacional-de-la-paz-2025\/","title":{"rendered":"D\u00eda Internacional de la Paz 2025: acciones que resuenan m\u00e1s fuerte que las palabras."},"content":{"rendered":"<p>Cada 21 de septiembre, el mundo se detiene \u2014al menos simb\u00f3licamente\u2014 para reflexionar sobre la paz como un derecho humano esencial y un objetivo com\u00fan de la humanidad. Esta jornada fue proclamada por la Asamblea General de las Naciones Unidas en 1981 y comenz\u00f3 a celebrarse al a\u00f1o siguiente. Desde 2002, la fecha qued\u00f3 fijada en el 21 de septiembre, d\u00eda en el que se hace un llamamiento global para que se declare un alto el fuego y se promueva la no violencia durante toda la jornada.<\/p>\n<h3>Objetivos principales.<\/h3>\n<ul>\n<li>Fomentar los ideales de paz entre todas las naciones y pueblos.<\/li>\n<li>Promover la solidaridad mundial para construir un mundo pac\u00edfico y sostenible.<\/li>\n<li>Concienciar sobre los costes humanos, sociales y econ\u00f3micos de los conflictos.<\/li>\n<li>Impulsar acciones contra problemas globales como el cambio clim\u00e1tico, la discriminaci\u00f3n y la desigualdad.<\/li>\n<\/ul>\n<h3>Significado y enfoque.<\/h3>\n<p>La ONU recuerda que la paz no es solo la ausencia de guerra, sino un proceso activo que requiere di\u00e1logo, cooperaci\u00f3n y respeto por la diversidad. Cada a\u00f1o se elige un tema central que gu\u00eda las actividades educativas, art\u00edsticas y comunitarias de todo el mundo.<\/p>\n<h3>Formas de participar.<\/h3>\n<ul>\n<li>Organizar o unirse a marchas y actos simb\u00f3licos.<\/li>\n<li>Participar en charlas, talleres o actividades escolares relacionadas con la paz.<\/li>\n<li>Practicar el respeto y la tolerancia en el d\u00eda a d\u00eda.<\/li>\n<li>Apoyar iniciativas y organizaciones que promuevan los derechos humanos y la sostenibilidad.<\/li>\n<\/ul>\n<figure id=\"attachment_5853\" aria-describedby=\"caption-attachment-5853\" style=\"width: 300px\" class=\"wp-caption aligncenter\"><a href=\"https:\/\/rafaramirez.org\/blog\/wp-content\/uploads\/2024\/09\/world-3043067.jpg\" target=\"_blank\" rel=\"noopener\"><img loading=\"lazy\" decoding=\"async\" class=\"wp-image-5853 size-medium\" src=\"https:\/\/rafaramirez.org\/blog\/wp-content\/uploads\/2024\/09\/world-3043067-300x195.jpg\" alt=\"D\u00eda Internacional de la Paz. Blog de Rafael Ram\u00edrez.\" width=\"300\" height=\"195\" srcset=\"https:\/\/rafaramirez.org\/blog\/wp-content\/uploads\/2024\/09\/world-3043067-300x195.jpg 300w, https:\/\/rafaramirez.org\/blog\/wp-content\/uploads\/2024\/09\/world-3043067-1024x666.jpg 1024w, https:\/\/rafaramirez.org\/blog\/wp-content\/uploads\/2024\/09\/world-3043067-768x500.jpg 768w, https:\/\/rafaramirez.org\/blog\/wp-content\/uploads\/2024\/09\/world-3043067.jpg 1200w\" sizes=\"auto, (max-width: 300px) 100vw, 300px\" \/><\/a><figcaption id=\"caption-attachment-5853\" class=\"wp-caption-text\">D\u00eda Internacional de la Paz. Blog de Rafael Ram\u00edrez.<\/figcaption><\/figure>\n<p>A continuaci\u00f3n, encontrar\u00e1s un resumen los <strong>temas recientes del D\u00eda Internacional de la Paz,<\/strong> as\u00ed como algunos ejemplos de c\u00f3mo se ha celebrado en distintas partes del mundo:<\/p>\n<h3>Temas de los \u00faltimos a\u00f1os.<\/h3>\n<div>\n<div>\n<table>\n<thead>\n<tr>\n<th>A\u00f1o<\/th>\n<th>Tema oficial<\/th>\n<th>Enfoque principal<\/th>\n<\/tr>\n<\/thead>\n<tbody>\n<tr>\n<td>2019<\/td>\n<td><em>Acci\u00f3n clim\u00e1tica para la paz<\/em><\/td>\n<td>Relacionar la crisis clim\u00e1tica con la estabilidad y la seguridad globales.<\/td>\n<\/tr>\n<tr>\n<td>2020<\/td>\n<td><em>Forjando la paz juntos<\/em><\/td>\n<td>Llamado a la cooperaci\u00f3n y la solidaridad en plena pandemia.<\/td>\n<\/tr>\n<tr>\n<td>2021<\/td>\n<td><em>Recuperarse mejor para un mundo m\u00e1s equitativo y sostenible<\/em><\/td>\n<td>Reconstrucci\u00f3n post-COVID con justicia social.<\/td>\n<\/tr>\n<tr>\n<td>2022<\/td>\n<td><em>Poner fin al racismo. Construir la paz<\/em><\/td>\n<td>La igualdad racial es la base para alcanzar una paz duradera.<\/td>\n<\/tr>\n<tr>\n<td>2023<\/td>\n<td><em>Acciones para la paz: nuestra ambici\u00f3n para los #ObjetivosGlobales<\/em><\/td>\n<td>Conectar la paz con los Objetivos de Desarrollo Sostenible.<\/td>\n<\/tr>\n<tr>\n<td>2025<\/td>\n<td><em>Act\u00faa ahora por un mundo pac\u00edfico<\/em><\/td>\n<td>Movilizaci\u00f3n ciudadana contra la violencia, el odio y la desigualdad.<\/td>\n<\/tr>\n<\/tbody>\n<\/table>\n<\/div>\n<div class=\"pointer-events-none absolute inset-0 rounded-lg border border-stroke-300 dark:border-stroke-450\"><\/div>\n<\/div>\n<h3>Celebraciones en el mundo.<\/h3>\n<ul>\n<li><strong>Sede de la ONU (Nueva York)<\/strong>: toque de la <em>Campana de la Paz<\/em> y minuto de silencio por las v\u00edctimas de la guerra.<\/li>\n<li class=\"ps-2\"><strong>Jap\u00f3n<\/strong>: se celebran ceremonias en Hiroshima y Nagasaki en las que se utilizan grullas de papel como s\u00edmbolo de esperanza.<\/li>\n<li><strong>Espa\u00f1a<\/strong>: las escuelas y los ayuntamientos organizan talleres de mediaci\u00f3n, murales colaborativos y lecturas del Manifiesto por la Paz.<\/li>\n<li><strong>Colombia<\/strong>: actos culturales y conciertos en plazas p\u00fablicas para promover la reconciliaci\u00f3n.<\/li>\n<li><strong>India<\/strong>: meditaciones masivas y plantaci\u00f3n de \u00e1rboles como s\u00edmbolo de armon\u00eda con la naturaleza.<\/li>\n<\/ul>\n<p>Un detalle curioso es que, en muchos pa\u00edses, este d\u00eda se aprovecha para<strong> firmar pactos locales de no violencia<\/strong> en comunidades con tensiones internas, lo que convierte la fecha en un catalizador real de cambio.<\/p>\n<p><strong>Recuerda que cada peque\u00f1a acci\u00f3n cuenta y puede inspirar a otros a unirse a tus esfuerzos. Puedes dejar tus comentarios, debajo del post. Saludos y \u00a1feliz d\u00eda! <\/strong><\/p>\n<p>M\u00e1s informaci\u00f3n:<\/p>\n<ul>\n<li><a href=\"https:\/\/es.wikipedia.org\/wiki\/D%C3%ADa_Internacional_de_la_Paz\" target=\"_blank\" rel=\"noopener\">D\u00eda Internacional de la Paz &#8211; Wikipedia, la enciclopedia libre<\/a>.<\/li>\n<li><a href=\"https:\/\/www.un.org\/es\/observances\/international-day-peace\" target=\"_blank\" rel=\"noopener\">D\u00eda Internacional de la Paz | Naciones Unidas<\/a>.<\/li>\n<li><a href=\"https:\/\/es.wikipedia.org\/wiki\/Campana_japonesa_de_la_paz\" target=\"_blank\" rel=\"noopener\">Campana japonesa de la paz &#8211; Wikipedia, la enciclopedia libre<\/a>.<\/li>\n<\/ul>\n","protected":false},"excerpt":{"rendered":"<p>Cada 21 de septiembre, el mundo se detiene \u2014al menos simb\u00f3licamente\u2014 para reflexionar sobre la paz como un derecho humano esencial y un objetivo com\u00fan de la humanidad. Esta jornada fue proclamada por la Asamblea General de las Naciones Unidas en 1981 y comenz\u00f3 a celebrarse al a\u00f1o siguiente. Desde 2002, la fecha qued\u00f3 fijada [&hellip;]<\/p>\n","protected":false},"author":1,"featured_media":10429,"comment_status":"open","ping_status":"closed","sticky":false,"template":"","format":"standard","meta":{"site-container-style":"default","site-container-layout":"default","site-sidebar-layout":"default","disable-article-header":"default","disable-site-header":"default","disable-site-footer":"default","disable-content-area-spacing":"default","_jetpack_newsletter_access":"","_jetpack_dont_email_post_to_subs":false,"_jetpack_newsletter_tier_id":0,"_jetpack_memberships_contains_paywalled_content":false,"_jetpack_feature_clip_id":0,"_jetpack_memberships_contains_paid_content":false,"footnotes":"","jetpack_publicize_message":"","jetpack_publicize_feature_enabled":true,"jetpack_social_post_already_shared":true,"jetpack_social_options":{"image_generator_settings":{"template":"highway","default_image_id":0,"font":"","enabled":false},"version":2},"jetpack_post_was_ever_published":false},"categories":[1291,15],"tags":[3389,3392,3388,1713,52,68,3399,3391,3390,3405,3397,3396,3398,3387,1323,166,168,224,225,3401,3402,276,1326,1702,1136,3393,3395,3403,3404,3394,3400,3000],"class_list":["post-10427","post","type-post","status-publish","format-standard","has-post-thumbnail","hentry","category-efemerides","category-noticias-sociales","tag-cultivar-una-cultura-de-paz","tag-3392","tag-21-de-septiembre","tag-asamblea-general-de-las-naciones-unidas","tag-australia","tag-blog-de-rafael-ramirez","tag-campana-de-la-paz","tag-cooperacion-mutua","tag-declaracion-y-programa-de-accion","tag-delhi","tag-derechos-humanos","tag-desarme","tag-desarrollo-sostenible","tag-dia-internacional-de-la-paz","tag-efemerides","tag-espana","tag-estados-unidos","tag-igualdad-de-genero","tag-india","tag-japon","tag-kigali","tag-malaga","tag-nueva-york","tag-onu","tag-paz","tag-resolucion-36-67","tag-resolucion-55-282","tag-ruanda","tag-sydney","tag-tercer-martes-de-septiembre","tag-tokio","tag-un"],"yoast_head":"<!-- This site is optimized with the Yoast SEO plugin v28.4 - https:\/\/yoast.com\/product\/yoast-seo-wordpress\/ -->\n<title>D\u00eda Internacional de la Paz 2025: acciones que resuenan m\u00e1s fuerte que las palabras. - Blog de Rafael Ram\u00edrez<\/title>\n<meta name=\"description\" content=\"El\u00a0D\u00eda Internacional de la Paz\u00a0se celebra cada a\u00f1o con el objetivo de fortalecer los ideales de paz entre todas las naciones del mundo.\" \/>\n<meta name=\"robots\" content=\"index, follow, max-snippet:-1, max-image-preview:large, max-video-preview:-1\" \/>\n<link rel=\"canonical\" href=\"https:\/\/rafaramirez.org\/blog\/index.php\/2025\/09\/21\/dia-internacional-de-la-paz-2025\/\" \/>\n<meta property=\"og:locale\" content=\"es_ES\" \/>\n<meta property=\"og:type\" content=\"article\" \/>\n<meta property=\"og:title\" content=\"D\u00eda Internacional de la Paz 2025: acciones que resuenan m\u00e1s fuerte que las palabras. - Blog de Rafael Ram\u00edrez\" \/>\n<meta property=\"og:description\" content=\"El\u00a0D\u00eda Internacional de la Paz\u00a0se celebra cada a\u00f1o con el objetivo de fortalecer los ideales de paz entre todas las naciones del mundo.\" \/>\n<meta property=\"og:url\" content=\"https:\/\/rafaramirez.org\/blog\/index.php\/2025\/09\/21\/dia-internacional-de-la-paz-2025\/\" \/>\n<meta property=\"og:site_name\" content=\"Blog de Rafael Ram\u00edrez\" \/>\n<meta property=\"article:published_time\" content=\"2025-09-21T06:00:05+00:00\" \/>\n<meta property=\"og:image\" content=\"https:\/\/rafaramirez.org\/blog\/wp-content\/uploads\/2025\/09\/Dia-Internacional-de-la-Paz_bannerlog.jpg\" \/>\n\t<meta property=\"og:image:width\" content=\"720\" \/>\n\t<meta property=\"og:image:height\" content=\"440\" \/>\n\t<meta property=\"og:image:type\" content=\"image\/jpeg\" \/>\n<meta name=\"author\" content=\"Rafael Ram\u00edrez\" \/>\n<meta name=\"twitter:card\" content=\"summary_large_image\" \/>\n<meta name=\"twitter:creator\" content=\"@rafaramirez_ok\" \/>\n<meta name=\"twitter:site\" content=\"@rafaramirez_ok\" \/>\n<meta name=\"twitter:label1\" content=\"Escrito por\" \/>\n\t<meta name=\"twitter:data1\" content=\"Rafael Ram\u00edrez\" \/>\n\t<meta name=\"twitter:label2\" content=\"Tiempo de lectura\" \/>\n\t<meta name=\"twitter:data2\" content=\"3 minutos\" \/>\n<script type=\"application\/ld+json\" class=\"yoast-schema-graph\">{\"@context\":\"https:\\\/\\\/schema.org\",\"@graph\":[{\"@type\":\"Article\",\"@id\":\"https:\\\/\\\/rafaramirez.org\\\/blog\\\/index.php\\\/2025\\\/09\\\/21\\\/dia-internacional-de-la-paz-2025\\\/#article\",\"isPartOf\":{\"@id\":\"https:\\\/\\\/rafaramirez.org\\\/blog\\\/index.php\\\/2025\\\/09\\\/21\\\/dia-internacional-de-la-paz-2025\\\/\"},\"author\":{\"name\":\"Rafael Ram\u00edrez\",\"@id\":\"https:\\\/\\\/rafaramirez.org\\\/blog\\\/#\\\/schema\\\/person\\\/50f43b6d60c578760d4c17bda54ab6a5\"},\"headline\":\"D\u00eda Internacional de la Paz 2025: acciones que resuenan m\u00e1s fuerte que las palabras.\",\"datePublished\":\"2025-09-21T06:00:05+00:00\",\"mainEntityOfPage\":{\"@id\":\"https:\\\/\\\/rafaramirez.org\\\/blog\\\/index.php\\\/2025\\\/09\\\/21\\\/dia-internacional-de-la-paz-2025\\\/\"},\"wordCount\":626,\"commentCount\":0,\"publisher\":{\"@id\":\"https:\\\/\\\/rafaramirez.org\\\/blog\\\/#\\\/schema\\\/person\\\/50f43b6d60c578760d4c17bda54ab6a5\"},\"image\":{\"@id\":\"https:\\\/\\\/rafaramirez.org\\\/blog\\\/index.php\\\/2025\\\/09\\\/21\\\/dia-internacional-de-la-paz-2025\\\/#primaryimage\"},\"thumbnailUrl\":\"https:\\\/\\\/rafaramirez.org\\\/blog\\\/wp-content\\\/uploads\\\/2025\\\/09\\\/Dia-Internacional-de-la-Paz_bannerlog.jpg\",\"keywords\":[\"\u201cCultivar una cultura de paz\u201d\",\"1981\",\"21 de septiembre\",\"Asamblea General de las Naciones Unidas\",\"Australia\",\"blog de Rafael Ram\u00edrez\",\"Campana de la Paz\",\"cooperaci\u00f3n mutua\",\"Declaraci\u00f3n y Programa de Acci\u00f3n\",\"Delhi\",\"derechos humanos\",\"desarme\",\"desarrollo sostenible\",\"D\u00eda Internacional de la Paz\",\"efem\u00e9rides\",\"espa\u00f1a\",\"Estados Unidos\",\"igualdad de genero\",\"India\",\"Jap\u00f3n\",\"Kigali\",\"M\u00e1laga\",\"Nueva York\",\"ONU\",\"paz\",\"resoluci\u00f3n 36\\\/67\",\"resoluci\u00f3n 55\\\/282\",\"Ruanda\",\"Sydney\",\"tercer martes de septiembre\",\"Tokio\",\"UN\"],\"articleSection\":[\"Efem\u00e9rides\",\"Informe social\"],\"inLanguage\":\"es\",\"potentialAction\":[{\"@type\":\"CommentAction\",\"name\":\"Comment\",\"target\":[\"https:\\\/\\\/rafaramirez.org\\\/blog\\\/index.php\\\/2025\\\/09\\\/21\\\/dia-internacional-de-la-paz-2025\\\/#respond\"]}]},{\"@type\":\"WebPage\",\"@id\":\"https:\\\/\\\/rafaramirez.org\\\/blog\\\/index.php\\\/2025\\\/09\\\/21\\\/dia-internacional-de-la-paz-2025\\\/\",\"url\":\"https:\\\/\\\/rafaramirez.org\\\/blog\\\/index.php\\\/2025\\\/09\\\/21\\\/dia-internacional-de-la-paz-2025\\\/\",\"name\":\"D\u00eda Internacional de la Paz 2025: acciones que resuenan m\u00e1s fuerte que las palabras. - Blog de Rafael Ram\u00edrez\",\"isPartOf\":{\"@id\":\"https:\\\/\\\/rafaramirez.org\\\/blog\\\/#website\"},\"primaryImageOfPage\":{\"@id\":\"https:\\\/\\\/rafaramirez.org\\\/blog\\\/index.php\\\/2025\\\/09\\\/21\\\/dia-internacional-de-la-paz-2025\\\/#primaryimage\"},\"image\":{\"@id\":\"https:\\\/\\\/rafaramirez.org\\\/blog\\\/index.php\\\/2025\\\/09\\\/21\\\/dia-internacional-de-la-paz-2025\\\/#primaryimage\"},\"thumbnailUrl\":\"https:\\\/\\\/rafaramirez.org\\\/blog\\\/wp-content\\\/uploads\\\/2025\\\/09\\\/Dia-Internacional-de-la-Paz_bannerlog.jpg\",\"datePublished\":\"2025-09-21T06:00:05+00:00\",\"description\":\"El\u00a0D\u00eda Internacional de la Paz\u00a0se celebra cada a\u00f1o con el objetivo de fortalecer los ideales de paz entre todas las naciones del mundo.\",\"breadcrumb\":{\"@id\":\"https:\\\/\\\/rafaramirez.org\\\/blog\\\/index.php\\\/2025\\\/09\\\/21\\\/dia-internacional-de-la-paz-2025\\\/#breadcrumb\"},\"inLanguage\":\"es\",\"potentialAction\":[{\"@type\":\"ReadAction\",\"target\":[\"https:\\\/\\\/rafaramirez.org\\\/blog\\\/index.php\\\/2025\\\/09\\\/21\\\/dia-internacional-de-la-paz-2025\\\/\"]}]},{\"@type\":\"ImageObject\",\"inLanguage\":\"es\",\"@id\":\"https:\\\/\\\/rafaramirez.org\\\/blog\\\/index.php\\\/2025\\\/09\\\/21\\\/dia-internacional-de-la-paz-2025\\\/#primaryimage\",\"url\":\"https:\\\/\\\/rafaramirez.org\\\/blog\\\/wp-content\\\/uploads\\\/2025\\\/09\\\/Dia-Internacional-de-la-Paz_bannerlog.jpg\",\"contentUrl\":\"https:\\\/\\\/rafaramirez.org\\\/blog\\\/wp-content\\\/uploads\\\/2025\\\/09\\\/Dia-Internacional-de-la-Paz_bannerlog.jpg\",\"width\":720,\"height\":440,\"caption\":\"D\u00eda Internacional de la Paz 2025. Blog de Rafael Ram\u00edrez.\"},{\"@type\":\"BreadcrumbList\",\"@id\":\"https:\\\/\\\/rafaramirez.org\\\/blog\\\/index.php\\\/2025\\\/09\\\/21\\\/dia-internacional-de-la-paz-2025\\\/#breadcrumb\",\"itemListElement\":[{\"@type\":\"ListItem\",\"position\":1,\"name\":\"Portada\",\"item\":\"https:\\\/\\\/rafaramirez.org\\\/blog\\\/\"},{\"@type\":\"ListItem\",\"position\":2,\"name\":\"D\u00eda Internacional de la Paz 2025: acciones que resuenan m\u00e1s fuerte que las palabras.\"}]},{\"@type\":\"WebSite\",\"@id\":\"https:\\\/\\\/rafaramirez.org\\\/blog\\\/#website\",\"url\":\"https:\\\/\\\/rafaramirez.org\\\/blog\\\/\",\"name\":\"Blog de Rafael Ram\u00edrez\",\"description\":\"Un sitio social, de arte y cultura\",\"publisher\":{\"@id\":\"https:\\\/\\\/rafaramirez.org\\\/blog\\\/#\\\/schema\\\/person\\\/50f43b6d60c578760d4c17bda54ab6a5\"},\"potentialAction\":[{\"@type\":\"SearchAction\",\"target\":{\"@type\":\"EntryPoint\",\"urlTemplate\":\"https:\\\/\\\/rafaramirez.org\\\/blog\\\/?s={search_term_string}\"},\"query-input\":{\"@type\":\"PropertyValueSpecification\",\"valueRequired\":true,\"valueName\":\"search_term_string\"}}],\"inLanguage\":\"es\"},{\"@type\":[\"Person\",\"Organization\"],\"@id\":\"https:\\\/\\\/rafaramirez.org\\\/blog\\\/#\\\/schema\\\/person\\\/50f43b6d60c578760d4c17bda54ab6a5\",\"name\":\"Rafael Ram\u00edrez\",\"image\":{\"@type\":\"ImageObject\",\"inLanguage\":\"es\",\"@id\":\"https:\\\/\\\/rafaramirez.org\\\/blog\\\/wp-content\\\/uploads\\\/2024\\\/09\\\/RR_socialnetwork.jpg\",\"url\":\"https:\\\/\\\/rafaramirez.org\\\/blog\\\/wp-content\\\/uploads\\\/2024\\\/09\\\/RR_socialnetwork.jpg\",\"contentUrl\":\"https:\\\/\\\/rafaramirez.org\\\/blog\\\/wp-content\\\/uploads\\\/2024\\\/09\\\/RR_socialnetwork.jpg\",\"width\":600,\"height\":606,\"caption\":\"Rafael Ram\u00edrez\"},\"logo\":{\"@id\":\"https:\\\/\\\/rafaramirez.org\\\/blog\\\/wp-content\\\/uploads\\\/2024\\\/09\\\/RR_socialnetwork.jpg\"},\"sameAs\":[\"https:\\\/\\\/www.rafaramirez.org\\\/blog\",\"https:\\\/\\\/www.instagram.com\\\/rafaramirez_ok\\\/\",\"https:\\\/\\\/es.pinterest.com\\\/Ramirez_Rafa\\\/\",\"https:\\\/\\\/x.com\\\/rafaramirez_ok\"],\"url\":\"https:\\\/\\\/rafaramirez.org\\\/blog\\\/index.php\\\/author\\\/rafaell_qm6j97da\\\/\"}]}<\/script>\n<!-- \/ Yoast SEO plugin. -->","yoast_head_json":{"title":"D\u00eda Internacional de la Paz 2025: acciones que resuenan m\u00e1s fuerte que las palabras. - Blog de Rafael Ram\u00edrez","description":"El\u00a0D\u00eda Internacional de la Paz\u00a0se celebra cada a\u00f1o con el objetivo de fortalecer los ideales de paz entre todas las naciones del mundo.","robots":{"index":"index","follow":"follow","max-snippet":"max-snippet:-1","max-image-preview":"max-image-preview:large","max-video-preview":"max-video-preview:-1"},"canonical":"https:\/\/rafaramirez.org\/blog\/index.php\/2025\/09\/21\/dia-internacional-de-la-paz-2025\/","og_locale":"es_ES","og_type":"article","og_title":"D\u00eda Internacional de la Paz 2025: acciones que resuenan m\u00e1s fuerte que las palabras. - Blog de Rafael Ram\u00edrez","og_description":"El\u00a0D\u00eda Internacional de la Paz\u00a0se celebra cada a\u00f1o con el objetivo de fortalecer los ideales de paz entre todas las naciones del mundo.","og_url":"https:\/\/rafaramirez.org\/blog\/index.php\/2025\/09\/21\/dia-internacional-de-la-paz-2025\/","og_site_name":"Blog de Rafael Ram\u00edrez","article_published_time":"2025-09-21T06:00:05+00:00","og_image":[{"width":720,"height":440,"url":"https:\/\/rafaramirez.org\/blog\/wp-content\/uploads\/2025\/09\/Dia-Internacional-de-la-Paz_bannerlog.jpg","type":"image\/jpeg"}],"author":"Rafael Ram\u00edrez","twitter_card":"summary_large_image","twitter_creator":"@rafaramirez_ok","twitter_site":"@rafaramirez_ok","twitter_misc":{"Escrito por":"Rafael Ram\u00edrez","Tiempo de lectura":"3 minutos"},"schema":{"@context":"https:\/\/schema.org","@graph":[{"@type":"Article","@id":"https:\/\/rafaramirez.org\/blog\/index.php\/2025\/09\/21\/dia-internacional-de-la-paz-2025\/#article","isPartOf":{"@id":"https:\/\/rafaramirez.org\/blog\/index.php\/2025\/09\/21\/dia-internacional-de-la-paz-2025\/"},"author":{"name":"Rafael Ram\u00edrez","@id":"https:\/\/rafaramirez.org\/blog\/#\/schema\/person\/50f43b6d60c578760d4c17bda54ab6a5"},"headline":"D\u00eda Internacional de la Paz 2025: acciones que resuenan m\u00e1s fuerte que las palabras.","datePublished":"2025-09-21T06:00:05+00:00","mainEntityOfPage":{"@id":"https:\/\/rafaramirez.org\/blog\/index.php\/2025\/09\/21\/dia-internacional-de-la-paz-2025\/"},"wordCount":626,"commentCount":0,"publisher":{"@id":"https:\/\/rafaramirez.org\/blog\/#\/schema\/person\/50f43b6d60c578760d4c17bda54ab6a5"},"image":{"@id":"https:\/\/rafaramirez.org\/blog\/index.php\/2025\/09\/21\/dia-internacional-de-la-paz-2025\/#primaryimage"},"thumbnailUrl":"https:\/\/rafaramirez.org\/blog\/wp-content\/uploads\/2025\/09\/Dia-Internacional-de-la-Paz_bannerlog.jpg","keywords":["\u201cCultivar una cultura de paz\u201d","1981","21 de septiembre","Asamblea General de las Naciones Unidas","Australia","blog de Rafael Ram\u00edrez","Campana de la Paz","cooperaci\u00f3n mutua","Declaraci\u00f3n y Programa de Acci\u00f3n","Delhi","derechos humanos","desarme","desarrollo sostenible","D\u00eda Internacional de la Paz","efem\u00e9rides","espa\u00f1a","Estados Unidos","igualdad de genero","India","Jap\u00f3n","Kigali","M\u00e1laga","Nueva York","ONU","paz","resoluci\u00f3n 36\/67","resoluci\u00f3n 55\/282","Ruanda","Sydney","tercer martes de septiembre","Tokio","UN"],"articleSection":["Efem\u00e9rides","Informe social"],"inLanguage":"es","potentialAction":[{"@type":"CommentAction","name":"Comment","target":["https:\/\/rafaramirez.org\/blog\/index.php\/2025\/09\/21\/dia-internacional-de-la-paz-2025\/#respond"]}]},{"@type":"WebPage","@id":"https:\/\/rafaramirez.org\/blog\/index.php\/2025\/09\/21\/dia-internacional-de-la-paz-2025\/","url":"https:\/\/rafaramirez.org\/blog\/index.php\/2025\/09\/21\/dia-internacional-de-la-paz-2025\/","name":"D\u00eda Internacional de la Paz 2025: acciones que resuenan m\u00e1s fuerte que las palabras. - Blog de Rafael Ram\u00edrez","isPartOf":{"@id":"https:\/\/rafaramirez.org\/blog\/#website"},"primaryImageOfPage":{"@id":"https:\/\/rafaramirez.org\/blog\/index.php\/2025\/09\/21\/dia-internacional-de-la-paz-2025\/#primaryimage"},"image":{"@id":"https:\/\/rafaramirez.org\/blog\/index.php\/2025\/09\/21\/dia-internacional-de-la-paz-2025\/#primaryimage"},"thumbnailUrl":"https:\/\/rafaramirez.org\/blog\/wp-content\/uploads\/2025\/09\/Dia-Internacional-de-la-Paz_bannerlog.jpg","datePublished":"2025-09-21T06:00:05+00:00","description":"El\u00a0D\u00eda Internacional de la Paz\u00a0se celebra cada a\u00f1o con el objetivo de fortalecer los ideales de paz entre todas las naciones del mundo.","breadcrumb":{"@id":"https:\/\/rafaramirez.org\/blog\/index.php\/2025\/09\/21\/dia-internacional-de-la-paz-2025\/#breadcrumb"},"inLanguage":"es","potentialAction":[{"@type":"ReadAction","target":["https:\/\/rafaramirez.org\/blog\/index.php\/2025\/09\/21\/dia-internacional-de-la-paz-2025\/"]}]},{"@type":"ImageObject","inLanguage":"es","@id":"https:\/\/rafaramirez.org\/blog\/index.php\/2025\/09\/21\/dia-internacional-de-la-paz-2025\/#primaryimage","url":"https:\/\/rafaramirez.org\/blog\/wp-content\/uploads\/2025\/09\/Dia-Internacional-de-la-Paz_bannerlog.jpg","contentUrl":"https:\/\/rafaramirez.org\/blog\/wp-content\/uploads\/2025\/09\/Dia-Internacional-de-la-Paz_bannerlog.jpg","width":720,"height":440,"caption":"D\u00eda Internacional de la Paz 2025. Blog de Rafael Ram\u00edrez."},{"@type":"BreadcrumbList","@id":"https:\/\/rafaramirez.org\/blog\/index.php\/2025\/09\/21\/dia-internacional-de-la-paz-2025\/#breadcrumb","itemListElement":[{"@type":"ListItem","position":1,"name":"Portada","item":"https:\/\/rafaramirez.org\/blog\/"},{"@type":"ListItem","position":2,"name":"D\u00eda Internacional de la Paz 2025: acciones que resuenan m\u00e1s fuerte que las palabras."}]},{"@type":"WebSite","@id":"https:\/\/rafaramirez.org\/blog\/#website","url":"https:\/\/rafaramirez.org\/blog\/","name":"Blog de Rafael Ram\u00edrez","description":"Un sitio social, de arte y cultura","publisher":{"@id":"https:\/\/rafaramirez.org\/blog\/#\/schema\/person\/50f43b6d60c578760d4c17bda54ab6a5"},"potentialAction":[{"@type":"SearchAction","target":{"@type":"EntryPoint","urlTemplate":"https:\/\/rafaramirez.org\/blog\/?s={search_term_string}"},"query-input":{"@type":"PropertyValueSpecification","valueRequired":true,"valueName":"search_term_string"}}],"inLanguage":"es"},{"@type":["Person","Organization"],"@id":"https:\/\/rafaramirez.org\/blog\/#\/schema\/person\/50f43b6d60c578760d4c17bda54ab6a5","name":"Rafael Ram\u00edrez","image":{"@type":"ImageObject","inLanguage":"es","@id":"https:\/\/rafaramirez.org\/blog\/wp-content\/uploads\/2024\/09\/RR_socialnetwork.jpg","url":"https:\/\/rafaramirez.org\/blog\/wp-content\/uploads\/2024\/09\/RR_socialnetwork.jpg","contentUrl":"https:\/\/rafaramirez.org\/blog\/wp-content\/uploads\/2024\/09\/RR_socialnetwork.jpg","width":600,"height":606,"caption":"Rafael Ram\u00edrez"},"logo":{"@id":"https:\/\/rafaramirez.org\/blog\/wp-content\/uploads\/2024\/09\/RR_socialnetwork.jpg"},"sameAs":["https:\/\/www.rafaramirez.org\/blog","https:\/\/www.instagram.com\/rafaramirez_ok\/","https:\/\/es.pinterest.com\/Ramirez_Rafa\/","https:\/\/x.com\/rafaramirez_ok"],"url":"https:\/\/rafaramirez.org\/blog\/index.php\/author\/rafaell_qm6j97da\/"}]}},"jetpack_publicize_connections":[],"jetpack_sharing_enabled":true,"jetpack_likes_enabled":true,"jetpack_featured_media_url":"https:\/\/rafaramirez.org\/blog\/wp-content\/uploads\/2025\/09\/Dia-Internacional-de-la-Paz_bannerlog.jpg","_links":{"self":[{"href":"https:\/\/rafaramirez.org\/blog\/index.php\/wp-json\/wp\/v2\/posts\/10427","targetHints":{"allow":["GET"]}}],"collection":[{"href":"https:\/\/rafaramirez.org\/blog\/index.php\/wp-json\/wp\/v2\/posts"}],"about":[{"href":"https:\/\/rafaramirez.org\/blog\/index.php\/wp-json\/wp\/v2\/types\/post"}],"author":[{"embeddable":true,"href":"https:\/\/rafaramirez.org\/blog\/index.php\/wp-json\/wp\/v2\/users\/1"}],"replies":[{"embeddable":true,"href":"https:\/\/rafaramirez.org\/blog\/index.php\/wp-json\/wp\/v2\/comments?post=10427"}],"version-history":[{"count":4,"href":"https:\/\/rafaramirez.org\/blog\/index.php\/wp-json\/wp\/v2\/posts\/10427\/revisions"}],"predecessor-version":[{"id":10432,"href":"https:\/\/rafaramirez.org\/blog\/index.php\/wp-json\/wp\/v2\/posts\/10427\/revisions\/10432"}],"wp:featuredmedia":[{"embeddable":true,"href":"https:\/\/rafaramirez.org\/blog\/index.php\/wp-json\/wp\/v2\/media\/10429"}],"wp:attachment":[{"href":"https:\/\/rafaramirez.org\/blog\/index.php\/wp-json\/wp\/v2\/media?parent=10427"}],"wp:term":[{"taxonomy":"category","embeddable":true,"href":"https:\/\/rafaramirez.org\/blog\/index.php\/wp-json\/wp\/v2\/categories?post=10427"},{"taxonomy":"post_tag","embeddable":true,"href":"https:\/\/rafaramirez.org\/blog\/index.php\/wp-json\/wp\/v2\/tags?post=10427"}],"curies":[{"name":"wp","href":"https:\/\/api.w.org\/{rel}","templated":true}]}}