{"id":10421,"date":"2025-09-19T08:00:16","date_gmt":"2025-09-19T06:00:16","guid":{"rendered":"https:\/\/rafaramirez.org\/blog\/?p=10421"},"modified":"2025-09-10T11:37:03","modified_gmt":"2025-09-10T09:37:03","slug":"polarizacion-y-desafeccion-politica","status":"publish","type":"post","link":"https:\/\/rafaramirez.org\/blog\/index.php\/2025\/09\/19\/polarizacion-y-desafeccion-politica\/","title":{"rendered":"Espa\u00f1a en crisis de confianza: polarizaci\u00f3n y desafecci\u00f3n pol\u00edtica."},"content":{"rendered":"<p>En Espa\u00f1a, la falta de confianza en las instituciones y la desafecci\u00f3n pol\u00edtica se han convertido en un problema estructural que afecta directamente a la calidad democr\u00e1tica.<\/p>\n<h3>Confianza en m\u00ednimos.<\/h3>\n<p>Seg\u00fan datos recientes, solo el 46 % de la poblaci\u00f3n conf\u00eda en las instituciones en general, y la confianza en los partidos pol\u00edticos es a\u00fan menor, situ\u00e1ndose muy por debajo del 50 %.<\/p>\n<p>Las instituciones percibidas como neutrales, como la Polic\u00eda, la Guardia Civil o el Ej\u00e9rcito, mantienen niveles altos de confianza, mientras que el Parlamento, el Gobierno y los partidos pol\u00edticos se sit\u00faan en la parte m\u00e1s baja del mapa de confianza.<\/p>\n<h3>Causas principales.<\/h3>\n<ul>\n<li>Corrupci\u00f3n y esc\u00e1ndalos: los casos repetidos desde los a\u00f1os noventa, intensificados tras la crisis de 2008, han erosionado la imagen de la clase pol\u00edtica.<\/li>\n<li>Ineficacia percibida: la incapacidad para resolver problemas como el paro juvenil, la precariedad laboral o la crisis territorial catalana ha alimentado el desencanto.<\/li>\n<li>Polarizaci\u00f3n afectiva: no solo existe distancia ideol\u00f3gica, sino tambi\u00e9n hostilidad hacia el adversario, que deja de verse como un rival leg\u00edtimo y pasa a considerarse un \u201cenemigo\u201d.<\/li>\n<li>Las redes sociales como X (Twitter), TikTok o Facebook amplifican los mensajes incendiarios y las descalificaciones, y premian el enfrentamiento sobre el debate constructivo.<\/li>\n<\/ul>\n<h3>Efectos en la sociedad y la pol\u00edtica.<\/h3>\n<ul>\n<li>Aumento de la abstenci\u00f3n: muchos ciudadanos optan por no votar al sentirse defraudados.<\/li>\n<li>Ascenso de opciones populistas, especialmente de extrema derecha, que capitalizan el descontento con un discurso de \u201cmano dura\u201d y \u201csentido com\u00fan\u201d frente a un sistema que presentan como corrupto.<\/li>\n<li>Bloqueo institucional: la polarizaci\u00f3n dificulta los pactos de Estado y los consensos b\u00e1sicos, incluso ante emergencias nacionales.<\/li>\n<\/ul>\n<h3>Posibles v\u00edas de mejora.<\/h3>\n<p>Los expertos en ciencia pol\u00edtica apuntan a:<\/p>\n<ul>\n<li>Reforzar la transparencia y la rendici\u00f3n de cuentas.<\/li>\n<li>Impulsar pactos de Estado en temas clave (educaci\u00f3n, clima, emergencias).<\/li>\n<li>Regular la desinformaci\u00f3n en las redes sociales para reducir la crispaci\u00f3n.<\/li>\n<li>Fomentar una cultura pol\u00edtica de cooperaci\u00f3n en lugar de confrontaci\u00f3n.<\/li>\n<\/ul>\n<h3>Visualizando el problema.<\/h3>\n<p>A continuaci\u00f3n, encontrar\u00e1s un mapa visual de la confianza en las instituciones en Espa\u00f1a, seg\u00fan los \u00faltimos datos de 2025, que combina el Edelman Trust Barometer y el estudio de la Fundaci\u00f3n BBVA.<\/p>\n<table>\n<thead>\n<tr>\n<th>Tipo de instituci\u00f3n \/ actor<\/th>\n<th>Nivel de confianza (%)<\/th>\n<th>Tendencia<\/th>\n<\/tr>\n<\/thead>\n<tbody>\n<tr>\n<td><strong>Ciencia y medicina<\/strong><\/td>\n<td>75-80<\/td>\n<td>\ud83d\udcc8 Alta y estable<\/td>\n<\/tr>\n<tr>\n<td><strong>Fuerzas y cuerpos de seguridad<\/strong> (Polic\u00eda, Guardia Civil)<\/td>\n<td>70-75<\/td>\n<td>\ud83d\udcc8 Alta<\/td>\n<\/tr>\n<tr>\n<td><strong>Ej\u00e9rcito<\/strong><\/td>\n<td>68-70<\/td>\n<td>\ud83d\udcc8 Alta<\/td>\n<\/tr>\n<tr>\n<td><strong>Justicia \/ Poder Judicial<\/strong><\/td>\n<td>60-65<\/td>\n<td>\ud83d\udcca Media-alta<\/td>\n<\/tr>\n<tr>\n<td><strong>Medios de comunicaci\u00f3n<\/strong><\/td>\n<td>40-45<\/td>\n<td>\ud83d\udcc9 Baja<\/td>\n<\/tr>\n<tr>\n<td><strong>Gobierno<\/strong><\/td>\n<td>35-40<\/td>\n<td>\ud83d\udcc9 Baja<\/td>\n<\/tr>\n<tr>\n<td><strong>Parlamento<\/strong><\/td>\n<td>30-35<\/td>\n<td>\ud83d\udcc9 Baja<\/td>\n<\/tr>\n<tr>\n<td><strong>Partidos pol\u00edticos<\/strong><\/td>\n<td>20-25<\/td>\n<td>\ud83d\udcc9 Muy baja<\/td>\n<\/tr>\n<tr>\n<td><strong>ONG<\/strong><\/td>\n<td>55-60<\/td>\n<td>\ud83d\udcca Media<\/td>\n<\/tr>\n<tr>\n<td><strong>Empresas<\/strong><\/td>\n<td>45-50<\/td>\n<td>\ud83d\udcc9 Ligera ca\u00edda<\/td>\n<\/tr>\n<\/tbody>\n<\/table>\n<figure id=\"attachment_10425\" aria-describedby=\"caption-attachment-10425\" style=\"width: 300px\" class=\"wp-caption aligncenter\"><a href=\"https:\/\/rafaramirez.org\/blog\/wp-content\/uploads\/2025\/09\/Espana-en-crisis-de-confianza_1.jpg\" target=\"_blank\" rel=\"noopener\"><img loading=\"lazy\" decoding=\"async\" class=\"wp-image-10425 size-medium\" src=\"https:\/\/rafaramirez.org\/blog\/wp-content\/uploads\/2025\/09\/Espana-en-crisis-de-confianza_1-300x200.jpg\" alt=\"Espa\u00f1a en crisis de confianza: polarizaci\u00f3n y desafecci\u00f3n pol\u00edtica. Blog de Rafael Ram\u00edrez. \" width=\"300\" height=\"200\" srcset=\"https:\/\/rafaramirez.org\/blog\/wp-content\/uploads\/2025\/09\/Espana-en-crisis-de-confianza_1-300x200.jpg 300w, https:\/\/rafaramirez.org\/blog\/wp-content\/uploads\/2025\/09\/Espana-en-crisis-de-confianza_1-768x512.jpg 768w, https:\/\/rafaramirez.org\/blog\/wp-content\/uploads\/2025\/09\/Espana-en-crisis-de-confianza_1.jpg 850w\" sizes=\"auto, (max-width: 300px) 100vw, 300px\" \/><\/a><figcaption id=\"caption-attachment-10425\" class=\"wp-caption-text\">Espa\u00f1a en crisis de confianza: polarizaci\u00f3n y desafecci\u00f3n pol\u00edtica. Blog de Rafael Ram\u00edrez.<\/figcaption><\/figure>\n<h3>Claves del panorama.<\/h3>\n<ul>\n<li>Brecha social: las personas con menos ingresos conf\u00edan 11 puntos menos en las instituciones que las que tienen m\u00e1s ingresos.<\/li>\n<li>Desconfianza en los l\u00edderes: cerca del 80 % cree que los l\u00edderes pol\u00edticos, empresariales y periodistas mienten deliberadamente.<\/li>\n<li>Polarizaci\u00f3n ideol\u00f3gica: se percibe una mentalidad de \u201csuma cero\u201d, donde el avance de un grupo pol\u00edtico se interpreta como una p\u00e9rdida para el otro.<\/li>\n<li>Instituciones \u201cneutrales\u201d frente a \u201cpol\u00edticas\u201d: las primeras (ciencia, justicia y seguridad) mantienen un alto nivel de confianza, mientras que las segundas (Gobierno, Parlamento y partidos pol\u00edticos) est\u00e1n en m\u00ednimos hist\u00f3ricos.<\/li>\n<\/ul>\n<p>M\u00e1s informaci\u00f3n:<\/p>\n<ul>\n<li><a href=\"https:\/\/www.icerda.org\/wp-content\/uploads\/2025\/01\/I3.pdf\" target=\"_blank\" rel=\"noopener\">Icerda.org<\/a><\/li>\n<li><a href=\"https:\/\/www.fbbva.es\/noticias\/estudio-opinion-publica-confianza-espana\/\" target=\"_blank\" rel=\"noopener\">Fundaci\u00f3n BBVA.<\/a><\/li>\n<li><a href=\"https:\/\/www.elespanol.com\/blog_del_suscriptor\/20250908\/insultos-desconfianza-abstencion\/1003743916245_7.html\" target=\"_blank\" rel=\"noopener\">El Espa\u00f1ol<\/a>.<\/li>\n<li><a href=\"https:\/\/www.topcomunicacion.com\/edelman-trust-barometer-2025\/\" target=\"_blank\" rel=\"noopener\">Edelman Trust Barometer 2025: 7 de cada 10 espa\u00f1oles, descontentos hacia gobiernos, empresas y \u00e9lites econ\u00f3micas &#8211; Topcomunicacion.\u00a0<\/a><\/li>\n<\/ul>\n","protected":false},"excerpt":{"rendered":"<p>En Espa\u00f1a, la falta de confianza en las instituciones y la desafecci\u00f3n pol\u00edtica se han convertido en un problema estructural que afecta directamente a la calidad democr\u00e1tica. Confianza en m\u00ednimos. Seg\u00fan datos recientes, solo el 46 % de la poblaci\u00f3n conf\u00eda en las instituciones en general, y la confianza en los partidos pol\u00edticos es a\u00fan [&hellip;]<\/p>\n","protected":false},"author":3,"featured_media":10422,"comment_status":"open","ping_status":"closed","sticky":false,"template":"","format":"standard","meta":{"site-container-style":"default","site-container-layout":"default","site-sidebar-layout":"default","disable-article-header":"default","disable-site-header":"default","disable-site-footer":"default","disable-content-area-spacing":"default","_jetpack_newsletter_access":"","_jetpack_dont_email_post_to_subs":false,"_jetpack_newsletter_tier_id":0,"_jetpack_memberships_contains_paywalled_content":false,"_jetpack_feature_clip_id":0,"_jetpack_memberships_contains_paid_content":false,"footnotes":"","jetpack_publicize_message":"","jetpack_publicize_feature_enabled":true,"jetpack_social_post_already_shared":true,"jetpack_social_options":{"image_generator_settings":{"template":"highway","default_image_id":0,"font":"","enabled":false},"version":2},"jetpack_post_was_ever_published":false},"categories":[15],"tags":[4505,3517,330,4506],"class_list":["post-10421","post","type-post","status-publish","format-standard","has-post-thumbnail","hentry","category-noticias-sociales","tag-crisis-de-confianza","tag-informe-social","tag-noticias-sociales","tag-polarizacion-y-desafeccion-politica"],"yoast_head":"<!-- This site is optimized with the Yoast SEO plugin v28.4 - https:\/\/yoast.com\/product\/yoast-seo-wordpress\/ -->\n<title>Espa\u00f1a en crisis de confianza: polarizaci\u00f3n y desafecci\u00f3n pol\u00edtica. - Blog de Rafael Ram\u00edrez<\/title>\n<meta name=\"description\" content=\"En Espa\u00f1a, la confianza en las instituciones y la desafecci\u00f3n pol\u00edtica se han convertido en un problema estructural que impacta directamente\" \/>\n<meta name=\"robots\" content=\"index, follow, max-snippet:-1, max-image-preview:large, max-video-preview:-1\" \/>\n<link rel=\"canonical\" href=\"https:\/\/rafaramirez.org\/blog\/index.php\/2025\/09\/19\/polarizacion-y-desafeccion-politica\/\" \/>\n<meta property=\"og:locale\" content=\"es_ES\" \/>\n<meta property=\"og:type\" content=\"article\" \/>\n<meta property=\"og:title\" content=\"Espa\u00f1a en crisis de confianza: polarizaci\u00f3n y desafecci\u00f3n pol\u00edtica. - Blog de Rafael Ram\u00edrez\" \/>\n<meta property=\"og:description\" content=\"En Espa\u00f1a, la confianza en las instituciones y la desafecci\u00f3n pol\u00edtica se han convertido en un problema estructural que impacta directamente\" \/>\n<meta property=\"og:url\" content=\"https:\/\/rafaramirez.org\/blog\/index.php\/2025\/09\/19\/polarizacion-y-desafeccion-politica\/\" \/>\n<meta property=\"og:site_name\" content=\"Blog de Rafael Ram\u00edrez\" \/>\n<meta property=\"article:published_time\" content=\"2025-09-19T06:00:16+00:00\" \/>\n<meta property=\"og:image\" content=\"https:\/\/rafaramirez.org\/blog\/wp-content\/uploads\/2025\/09\/Espana-en-crisis-de-confianza_bannerlog.jpg\" \/>\n\t<meta property=\"og:image:width\" content=\"720\" \/>\n\t<meta property=\"og:image:height\" content=\"440\" \/>\n\t<meta property=\"og:image:type\" content=\"image\/jpeg\" \/>\n<meta name=\"author\" content=\"Documentaci\u00f3n e investigaci\u00f3n\" \/>\n<meta name=\"twitter:card\" content=\"summary_large_image\" \/>\n<meta name=\"twitter:site\" content=\"@rafaramirez_ok\" \/>\n<meta name=\"twitter:label1\" content=\"Escrito por\" \/>\n\t<meta name=\"twitter:data1\" content=\"Documentaci\u00f3n e investigaci\u00f3n\" \/>\n\t<meta name=\"twitter:label2\" content=\"Tiempo de lectura\" \/>\n\t<meta name=\"twitter:data2\" content=\"3 minutos\" \/>\n<script type=\"application\/ld+json\" class=\"yoast-schema-graph\">{\"@context\":\"https:\\\/\\\/schema.org\",\"@graph\":[{\"@type\":\"Article\",\"@id\":\"https:\\\/\\\/rafaramirez.org\\\/blog\\\/index.php\\\/2025\\\/09\\\/19\\\/polarizacion-y-desafeccion-politica\\\/#article\",\"isPartOf\":{\"@id\":\"https:\\\/\\\/rafaramirez.org\\\/blog\\\/index.php\\\/2025\\\/09\\\/19\\\/polarizacion-y-desafeccion-politica\\\/\"},\"author\":{\"name\":\"Documentaci\u00f3n e investigaci\u00f3n\",\"@id\":\"https:\\\/\\\/rafaramirez.org\\\/blog\\\/#\\\/schema\\\/person\\\/8debd05b3d9a1d16fb21af726811617d\"},\"headline\":\"Espa\u00f1a en crisis de confianza: polarizaci\u00f3n y desafecci\u00f3n pol\u00edtica.\",\"datePublished\":\"2025-09-19T06:00:16+00:00\",\"mainEntityOfPage\":{\"@id\":\"https:\\\/\\\/rafaramirez.org\\\/blog\\\/index.php\\\/2025\\\/09\\\/19\\\/polarizacion-y-desafeccion-politica\\\/\"},\"wordCount\":627,\"commentCount\":0,\"publisher\":{\"@id\":\"https:\\\/\\\/rafaramirez.org\\\/blog\\\/#\\\/schema\\\/person\\\/50f43b6d60c578760d4c17bda54ab6a5\"},\"image\":{\"@id\":\"https:\\\/\\\/rafaramirez.org\\\/blog\\\/index.php\\\/2025\\\/09\\\/19\\\/polarizacion-y-desafeccion-politica\\\/#primaryimage\"},\"thumbnailUrl\":\"https:\\\/\\\/rafaramirez.org\\\/blog\\\/wp-content\\\/uploads\\\/2025\\\/09\\\/Espana-en-crisis-de-confianza_bannerlog.jpg\",\"keywords\":[\"crisis de confianza\",\"informe social\",\"noticias sociales\",\"polarizaci\u00f3n y desafecci\u00f3n pol\u00edtica\"],\"articleSection\":[\"Informe social\"],\"inLanguage\":\"es\",\"potentialAction\":[{\"@type\":\"CommentAction\",\"name\":\"Comment\",\"target\":[\"https:\\\/\\\/rafaramirez.org\\\/blog\\\/index.php\\\/2025\\\/09\\\/19\\\/polarizacion-y-desafeccion-politica\\\/#respond\"]}]},{\"@type\":\"WebPage\",\"@id\":\"https:\\\/\\\/rafaramirez.org\\\/blog\\\/index.php\\\/2025\\\/09\\\/19\\\/polarizacion-y-desafeccion-politica\\\/\",\"url\":\"https:\\\/\\\/rafaramirez.org\\\/blog\\\/index.php\\\/2025\\\/09\\\/19\\\/polarizacion-y-desafeccion-politica\\\/\",\"name\":\"Espa\u00f1a en crisis de confianza: polarizaci\u00f3n y desafecci\u00f3n pol\u00edtica. - Blog de Rafael Ram\u00edrez\",\"isPartOf\":{\"@id\":\"https:\\\/\\\/rafaramirez.org\\\/blog\\\/#website\"},\"primaryImageOfPage\":{\"@id\":\"https:\\\/\\\/rafaramirez.org\\\/blog\\\/index.php\\\/2025\\\/09\\\/19\\\/polarizacion-y-desafeccion-politica\\\/#primaryimage\"},\"image\":{\"@id\":\"https:\\\/\\\/rafaramirez.org\\\/blog\\\/index.php\\\/2025\\\/09\\\/19\\\/polarizacion-y-desafeccion-politica\\\/#primaryimage\"},\"thumbnailUrl\":\"https:\\\/\\\/rafaramirez.org\\\/blog\\\/wp-content\\\/uploads\\\/2025\\\/09\\\/Espana-en-crisis-de-confianza_bannerlog.jpg\",\"datePublished\":\"2025-09-19T06:00:16+00:00\",\"description\":\"En Espa\u00f1a, la confianza en las instituciones y la desafecci\u00f3n pol\u00edtica se han convertido en un problema estructural que impacta directamente\",\"breadcrumb\":{\"@id\":\"https:\\\/\\\/rafaramirez.org\\\/blog\\\/index.php\\\/2025\\\/09\\\/19\\\/polarizacion-y-desafeccion-politica\\\/#breadcrumb\"},\"inLanguage\":\"es\",\"potentialAction\":[{\"@type\":\"ReadAction\",\"target\":[\"https:\\\/\\\/rafaramirez.org\\\/blog\\\/index.php\\\/2025\\\/09\\\/19\\\/polarizacion-y-desafeccion-politica\\\/\"]}]},{\"@type\":\"ImageObject\",\"inLanguage\":\"es\",\"@id\":\"https:\\\/\\\/rafaramirez.org\\\/blog\\\/index.php\\\/2025\\\/09\\\/19\\\/polarizacion-y-desafeccion-politica\\\/#primaryimage\",\"url\":\"https:\\\/\\\/rafaramirez.org\\\/blog\\\/wp-content\\\/uploads\\\/2025\\\/09\\\/Espana-en-crisis-de-confianza_bannerlog.jpg\",\"contentUrl\":\"https:\\\/\\\/rafaramirez.org\\\/blog\\\/wp-content\\\/uploads\\\/2025\\\/09\\\/Espana-en-crisis-de-confianza_bannerlog.jpg\",\"width\":720,\"height\":440,\"caption\":\"Espa\u00f1a en crisis de confianza: polarizaci\u00f3n y desafecci\u00f3n pol\u00edtica. Blog de Rafael Ram\u00edrez.\"},{\"@type\":\"BreadcrumbList\",\"@id\":\"https:\\\/\\\/rafaramirez.org\\\/blog\\\/index.php\\\/2025\\\/09\\\/19\\\/polarizacion-y-desafeccion-politica\\\/#breadcrumb\",\"itemListElement\":[{\"@type\":\"ListItem\",\"position\":1,\"name\":\"Portada\",\"item\":\"https:\\\/\\\/rafaramirez.org\\\/blog\\\/\"},{\"@type\":\"ListItem\",\"position\":2,\"name\":\"Espa\u00f1a en crisis de confianza: polarizaci\u00f3n y desafecci\u00f3n pol\u00edtica.\"}]},{\"@type\":\"WebSite\",\"@id\":\"https:\\\/\\\/rafaramirez.org\\\/blog\\\/#website\",\"url\":\"https:\\\/\\\/rafaramirez.org\\\/blog\\\/\",\"name\":\"Blog de Rafael Ram\u00edrez\",\"description\":\"Un sitio social, de arte y cultura\",\"publisher\":{\"@id\":\"https:\\\/\\\/rafaramirez.org\\\/blog\\\/#\\\/schema\\\/person\\\/50f43b6d60c578760d4c17bda54ab6a5\"},\"potentialAction\":[{\"@type\":\"SearchAction\",\"target\":{\"@type\":\"EntryPoint\",\"urlTemplate\":\"https:\\\/\\\/rafaramirez.org\\\/blog\\\/?s={search_term_string}\"},\"query-input\":{\"@type\":\"PropertyValueSpecification\",\"valueRequired\":true,\"valueName\":\"search_term_string\"}}],\"inLanguage\":\"es\"},{\"@type\":[\"Person\",\"Organization\"],\"@id\":\"https:\\\/\\\/rafaramirez.org\\\/blog\\\/#\\\/schema\\\/person\\\/50f43b6d60c578760d4c17bda54ab6a5\",\"name\":\"Rafael Ram\u00edrez\",\"image\":{\"@type\":\"ImageObject\",\"inLanguage\":\"es\",\"@id\":\"https:\\\/\\\/rafaramirez.org\\\/blog\\\/wp-content\\\/uploads\\\/2024\\\/09\\\/RR_socialnetwork.jpg\",\"url\":\"https:\\\/\\\/rafaramirez.org\\\/blog\\\/wp-content\\\/uploads\\\/2024\\\/09\\\/RR_socialnetwork.jpg\",\"contentUrl\":\"https:\\\/\\\/rafaramirez.org\\\/blog\\\/wp-content\\\/uploads\\\/2024\\\/09\\\/RR_socialnetwork.jpg\",\"width\":600,\"height\":606,\"caption\":\"Rafael Ram\u00edrez\"},\"logo\":{\"@id\":\"https:\\\/\\\/rafaramirez.org\\\/blog\\\/wp-content\\\/uploads\\\/2024\\\/09\\\/RR_socialnetwork.jpg\"},\"sameAs\":[\"https:\\\/\\\/www.rafaramirez.org\\\/blog\",\"https:\\\/\\\/www.instagram.com\\\/rafaramirez_ok\\\/\",\"https:\\\/\\\/es.pinterest.com\\\/Ramirez_Rafa\\\/\",\"https:\\\/\\\/x.com\\\/rafaramirez_ok\"]},{\"@type\":\"Person\",\"@id\":\"https:\\\/\\\/rafaramirez.org\\\/blog\\\/#\\\/schema\\\/person\\\/8debd05b3d9a1d16fb21af726811617d\",\"name\":\"Documentaci\u00f3n e investigaci\u00f3n\",\"image\":{\"@type\":\"ImageObject\",\"inLanguage\":\"es\",\"@id\":\"https:\\\/\\\/secure.gravatar.com\\\/avatar\\\/fe70e496579a39c7a8fc4982b89275403b1092eb200623138a32daada9416911?s=96&d=mm&r=g\",\"url\":\"https:\\\/\\\/secure.gravatar.com\\\/avatar\\\/fe70e496579a39c7a8fc4982b89275403b1092eb200623138a32daada9416911?s=96&d=mm&r=g\",\"contentUrl\":\"https:\\\/\\\/secure.gravatar.com\\\/avatar\\\/fe70e496579a39c7a8fc4982b89275403b1092eb200623138a32daada9416911?s=96&d=mm&r=g\",\"caption\":\"Documentaci\u00f3n e investigaci\u00f3n\"},\"url\":\"https:\\\/\\\/rafaramirez.org\\\/blog\\\/index.php\\\/author\\\/admin\\\/\"}]}<\/script>\n<!-- \/ Yoast SEO plugin. -->","yoast_head_json":{"title":"Espa\u00f1a en crisis de confianza: polarizaci\u00f3n y desafecci\u00f3n pol\u00edtica. - Blog de Rafael Ram\u00edrez","description":"En Espa\u00f1a, la confianza en las instituciones y la desafecci\u00f3n pol\u00edtica se han convertido en un problema estructural que impacta directamente","robots":{"index":"index","follow":"follow","max-snippet":"max-snippet:-1","max-image-preview":"max-image-preview:large","max-video-preview":"max-video-preview:-1"},"canonical":"https:\/\/rafaramirez.org\/blog\/index.php\/2025\/09\/19\/polarizacion-y-desafeccion-politica\/","og_locale":"es_ES","og_type":"article","og_title":"Espa\u00f1a en crisis de confianza: polarizaci\u00f3n y desafecci\u00f3n pol\u00edtica. - Blog de Rafael Ram\u00edrez","og_description":"En Espa\u00f1a, la confianza en las instituciones y la desafecci\u00f3n pol\u00edtica se han convertido en un problema estructural que impacta directamente","og_url":"https:\/\/rafaramirez.org\/blog\/index.php\/2025\/09\/19\/polarizacion-y-desafeccion-politica\/","og_site_name":"Blog de Rafael Ram\u00edrez","article_published_time":"2025-09-19T06:00:16+00:00","og_image":[{"width":720,"height":440,"url":"https:\/\/rafaramirez.org\/blog\/wp-content\/uploads\/2025\/09\/Espana-en-crisis-de-confianza_bannerlog.jpg","type":"image\/jpeg"}],"author":"Documentaci\u00f3n e investigaci\u00f3n","twitter_card":"summary_large_image","twitter_site":"@rafaramirez_ok","twitter_misc":{"Escrito por":"Documentaci\u00f3n e investigaci\u00f3n","Tiempo de lectura":"3 minutos"},"schema":{"@context":"https:\/\/schema.org","@graph":[{"@type":"Article","@id":"https:\/\/rafaramirez.org\/blog\/index.php\/2025\/09\/19\/polarizacion-y-desafeccion-politica\/#article","isPartOf":{"@id":"https:\/\/rafaramirez.org\/blog\/index.php\/2025\/09\/19\/polarizacion-y-desafeccion-politica\/"},"author":{"name":"Documentaci\u00f3n e investigaci\u00f3n","@id":"https:\/\/rafaramirez.org\/blog\/#\/schema\/person\/8debd05b3d9a1d16fb21af726811617d"},"headline":"Espa\u00f1a en crisis de confianza: polarizaci\u00f3n y desafecci\u00f3n pol\u00edtica.","datePublished":"2025-09-19T06:00:16+00:00","mainEntityOfPage":{"@id":"https:\/\/rafaramirez.org\/blog\/index.php\/2025\/09\/19\/polarizacion-y-desafeccion-politica\/"},"wordCount":627,"commentCount":0,"publisher":{"@id":"https:\/\/rafaramirez.org\/blog\/#\/schema\/person\/50f43b6d60c578760d4c17bda54ab6a5"},"image":{"@id":"https:\/\/rafaramirez.org\/blog\/index.php\/2025\/09\/19\/polarizacion-y-desafeccion-politica\/#primaryimage"},"thumbnailUrl":"https:\/\/rafaramirez.org\/blog\/wp-content\/uploads\/2025\/09\/Espana-en-crisis-de-confianza_bannerlog.jpg","keywords":["crisis de confianza","informe social","noticias sociales","polarizaci\u00f3n y desafecci\u00f3n pol\u00edtica"],"articleSection":["Informe social"],"inLanguage":"es","potentialAction":[{"@type":"CommentAction","name":"Comment","target":["https:\/\/rafaramirez.org\/blog\/index.php\/2025\/09\/19\/polarizacion-y-desafeccion-politica\/#respond"]}]},{"@type":"WebPage","@id":"https:\/\/rafaramirez.org\/blog\/index.php\/2025\/09\/19\/polarizacion-y-desafeccion-politica\/","url":"https:\/\/rafaramirez.org\/blog\/index.php\/2025\/09\/19\/polarizacion-y-desafeccion-politica\/","name":"Espa\u00f1a en crisis de confianza: polarizaci\u00f3n y desafecci\u00f3n pol\u00edtica. - Blog de Rafael Ram\u00edrez","isPartOf":{"@id":"https:\/\/rafaramirez.org\/blog\/#website"},"primaryImageOfPage":{"@id":"https:\/\/rafaramirez.org\/blog\/index.php\/2025\/09\/19\/polarizacion-y-desafeccion-politica\/#primaryimage"},"image":{"@id":"https:\/\/rafaramirez.org\/blog\/index.php\/2025\/09\/19\/polarizacion-y-desafeccion-politica\/#primaryimage"},"thumbnailUrl":"https:\/\/rafaramirez.org\/blog\/wp-content\/uploads\/2025\/09\/Espana-en-crisis-de-confianza_bannerlog.jpg","datePublished":"2025-09-19T06:00:16+00:00","description":"En Espa\u00f1a, la confianza en las instituciones y la desafecci\u00f3n pol\u00edtica se han convertido en un problema estructural que impacta directamente","breadcrumb":{"@id":"https:\/\/rafaramirez.org\/blog\/index.php\/2025\/09\/19\/polarizacion-y-desafeccion-politica\/#breadcrumb"},"inLanguage":"es","potentialAction":[{"@type":"ReadAction","target":["https:\/\/rafaramirez.org\/blog\/index.php\/2025\/09\/19\/polarizacion-y-desafeccion-politica\/"]}]},{"@type":"ImageObject","inLanguage":"es","@id":"https:\/\/rafaramirez.org\/blog\/index.php\/2025\/09\/19\/polarizacion-y-desafeccion-politica\/#primaryimage","url":"https:\/\/rafaramirez.org\/blog\/wp-content\/uploads\/2025\/09\/Espana-en-crisis-de-confianza_bannerlog.jpg","contentUrl":"https:\/\/rafaramirez.org\/blog\/wp-content\/uploads\/2025\/09\/Espana-en-crisis-de-confianza_bannerlog.jpg","width":720,"height":440,"caption":"Espa\u00f1a en crisis de confianza: polarizaci\u00f3n y desafecci\u00f3n pol\u00edtica. Blog de Rafael Ram\u00edrez."},{"@type":"BreadcrumbList","@id":"https:\/\/rafaramirez.org\/blog\/index.php\/2025\/09\/19\/polarizacion-y-desafeccion-politica\/#breadcrumb","itemListElement":[{"@type":"ListItem","position":1,"name":"Portada","item":"https:\/\/rafaramirez.org\/blog\/"},{"@type":"ListItem","position":2,"name":"Espa\u00f1a en crisis de confianza: polarizaci\u00f3n y desafecci\u00f3n pol\u00edtica."}]},{"@type":"WebSite","@id":"https:\/\/rafaramirez.org\/blog\/#website","url":"https:\/\/rafaramirez.org\/blog\/","name":"Blog de Rafael Ram\u00edrez","description":"Un sitio social, de arte y cultura","publisher":{"@id":"https:\/\/rafaramirez.org\/blog\/#\/schema\/person\/50f43b6d60c578760d4c17bda54ab6a5"},"potentialAction":[{"@type":"SearchAction","target":{"@type":"EntryPoint","urlTemplate":"https:\/\/rafaramirez.org\/blog\/?s={search_term_string}"},"query-input":{"@type":"PropertyValueSpecification","valueRequired":true,"valueName":"search_term_string"}}],"inLanguage":"es"},{"@type":["Person","Organization"],"@id":"https:\/\/rafaramirez.org\/blog\/#\/schema\/person\/50f43b6d60c578760d4c17bda54ab6a5","name":"Rafael Ram\u00edrez","image":{"@type":"ImageObject","inLanguage":"es","@id":"https:\/\/rafaramirez.org\/blog\/wp-content\/uploads\/2024\/09\/RR_socialnetwork.jpg","url":"https:\/\/rafaramirez.org\/blog\/wp-content\/uploads\/2024\/09\/RR_socialnetwork.jpg","contentUrl":"https:\/\/rafaramirez.org\/blog\/wp-content\/uploads\/2024\/09\/RR_socialnetwork.jpg","width":600,"height":606,"caption":"Rafael Ram\u00edrez"},"logo":{"@id":"https:\/\/rafaramirez.org\/blog\/wp-content\/uploads\/2024\/09\/RR_socialnetwork.jpg"},"sameAs":["https:\/\/www.rafaramirez.org\/blog","https:\/\/www.instagram.com\/rafaramirez_ok\/","https:\/\/es.pinterest.com\/Ramirez_Rafa\/","https:\/\/x.com\/rafaramirez_ok"]},{"@type":"Person","@id":"https:\/\/rafaramirez.org\/blog\/#\/schema\/person\/8debd05b3d9a1d16fb21af726811617d","name":"Documentaci\u00f3n e investigaci\u00f3n","image":{"@type":"ImageObject","inLanguage":"es","@id":"https:\/\/secure.gravatar.com\/avatar\/fe70e496579a39c7a8fc4982b89275403b1092eb200623138a32daada9416911?s=96&d=mm&r=g","url":"https:\/\/secure.gravatar.com\/avatar\/fe70e496579a39c7a8fc4982b89275403b1092eb200623138a32daada9416911?s=96&d=mm&r=g","contentUrl":"https:\/\/secure.gravatar.com\/avatar\/fe70e496579a39c7a8fc4982b89275403b1092eb200623138a32daada9416911?s=96&d=mm&r=g","caption":"Documentaci\u00f3n e investigaci\u00f3n"},"url":"https:\/\/rafaramirez.org\/blog\/index.php\/author\/admin\/"}]}},"jetpack_publicize_connections":[],"jetpack_sharing_enabled":true,"jetpack_likes_enabled":true,"jetpack_featured_media_url":"https:\/\/rafaramirez.org\/blog\/wp-content\/uploads\/2025\/09\/Espana-en-crisis-de-confianza_bannerlog.jpg","_links":{"self":[{"href":"https:\/\/rafaramirez.org\/blog\/index.php\/wp-json\/wp\/v2\/posts\/10421","targetHints":{"allow":["GET"]}}],"collection":[{"href":"https:\/\/rafaramirez.org\/blog\/index.php\/wp-json\/wp\/v2\/posts"}],"about":[{"href":"https:\/\/rafaramirez.org\/blog\/index.php\/wp-json\/wp\/v2\/types\/post"}],"author":[{"embeddable":true,"href":"https:\/\/rafaramirez.org\/blog\/index.php\/wp-json\/wp\/v2\/users\/3"}],"replies":[{"embeddable":true,"href":"https:\/\/rafaramirez.org\/blog\/index.php\/wp-json\/wp\/v2\/comments?post=10421"}],"version-history":[{"count":3,"href":"https:\/\/rafaramirez.org\/blog\/index.php\/wp-json\/wp\/v2\/posts\/10421\/revisions"}],"predecessor-version":[{"id":10426,"href":"https:\/\/rafaramirez.org\/blog\/index.php\/wp-json\/wp\/v2\/posts\/10421\/revisions\/10426"}],"wp:featuredmedia":[{"embeddable":true,"href":"https:\/\/rafaramirez.org\/blog\/index.php\/wp-json\/wp\/v2\/media\/10422"}],"wp:attachment":[{"href":"https:\/\/rafaramirez.org\/blog\/index.php\/wp-json\/wp\/v2\/media?parent=10421"}],"wp:term":[{"taxonomy":"category","embeddable":true,"href":"https:\/\/rafaramirez.org\/blog\/index.php\/wp-json\/wp\/v2\/categories?post=10421"},{"taxonomy":"post_tag","embeddable":true,"href":"https:\/\/rafaramirez.org\/blog\/index.php\/wp-json\/wp\/v2\/tags?post=10421"}],"curies":[{"name":"wp","href":"https:\/\/api.w.org\/{rel}","templated":true}]}}