{"id":10379,"date":"2025-09-16T08:00:56","date_gmt":"2025-09-16T06:00:56","guid":{"rendered":"https:\/\/rafaramirez.org\/blog\/?p=10379"},"modified":"2026-07-14T11:42:17","modified_gmt":"2026-07-14T09:42:17","slug":"el-surrealismo-descifrado","status":"publish","type":"post","link":"https:\/\/rafaramirez.org\/blog\/index.php\/2025\/09\/16\/el-surrealismo-descifrado\/","title":{"rendered":"Del subconsciente al lienzo: descifrando el arte surrealista."},"content":{"rendered":"<p><strong>El surrealismo en la pintura<\/strong> fue una de las vanguardias m\u00e1s influyentes del siglo XX, que naci\u00f3 oficialmente en 1924 con el Manifiesto surrealista de Andr\u00e9 Breton. Su objetivo era trascender la realidad visible para explorar el inconsciente, los sue\u00f1os y lo irracional, tomando como referencia las teor\u00edas psicoanal\u00edticas de Sigmund Freud.<\/p>\n<h3>Rasgos esenciales.<\/h3>\n<ul>\n<li>Exploraci\u00f3n del inconsciente: Inspirado en el psicoan\u00e1lisis de Freud, se centra en lo que est\u00e1 m\u00e1s all\u00e1 de la raz\u00f3n, como sue\u00f1os, impulsos y deseos reprimidos.<\/li>\n<li>Mundo on\u00edrico: representaci\u00f3n de escenas propias de los sue\u00f1os, con atm\u00f3sferas extra\u00f1as y combinaciones imposibles.<\/li>\n<li>Automatismo: creaci\u00f3n espont\u00e1nea sin intervenci\u00f3n consciente, dejando fluir la imaginaci\u00f3n sin censura.<\/li>\n<li>Elementos simb\u00f3licos: uso de objetos y figuras con significados ocultos o ambiguos.<\/li>\n<li>Combinaciones inesperadas: uni\u00f3n de elementos que no tienen relaci\u00f3n l\u00f3gica entre s\u00ed, lo que genera sorpresa o desconcierto.<\/li>\n<li>Ruptura con lo tradicional: rechazo de las normas art\u00edsticas previas y b\u00fasqueda de nuevas formas de expresi\u00f3n.<\/li>\n<li>Juego entre realidad y fantas\u00eda: escenas que parecen reales pero que desaf\u00edan las leyes de la l\u00f3gica.<\/li>\n<\/ul>\n<h3>Artistas y obras ic\u00f3nicas.<\/h3>\n<p>Entre las obras m\u00e1s ic\u00f3nicas del surrealismo, esas que han quedado grabadas en la memoria colectiva, destacan:<\/p>\n<ul>\n<li><strong>La persistencia de la memoria de <a href=\"https:\/\/rafaramirez.org\/blog\/index.php\/2024\/02\/26\/salvador-dali-relojes-biografia-y-anecdotas-de-su-vida\/\" target=\"_blank\" rel=\"noopener\">Salvador Dal\u00ed<\/a> (1931)<\/strong>, con sus c\u00e9lebres relojes blandos que desaf\u00edan la rigidez del tiempo.\n<p><figure id=\"attachment_3485\" aria-describedby=\"caption-attachment-3485\" style=\"width: 300px\" class=\"wp-caption aligncenter\"><a href=\"https:\/\/rafaramirez.org\/blog\/wp-content\/uploads\/2024\/02\/la-persistencia-de-la-memoria.jpg\" target=\"_blank\" rel=\"noopener\"><img loading=\"lazy\" decoding=\"async\" class=\"wp-image-3485 size-medium\" src=\"https:\/\/rafaramirez.org\/blog\/wp-content\/uploads\/2024\/02\/la-persistencia-de-la-memoria-300x225.jpg\" alt=\"La persistencia de la memoria de Salvador Dal\u00ed.\" width=\"300\" height=\"225\" srcset=\"https:\/\/rafaramirez.org\/blog\/wp-content\/uploads\/2024\/02\/la-persistencia-de-la-memoria-300x225.jpg 300w, https:\/\/rafaramirez.org\/blog\/wp-content\/uploads\/2024\/02\/la-persistencia-de-la-memoria-768x576.jpg 768w, https:\/\/rafaramirez.org\/blog\/wp-content\/uploads\/2024\/02\/la-persistencia-de-la-memoria.jpg 1024w\" sizes=\"auto, (max-width: 300px) 100vw, 300px\" \/><\/a><figcaption id=\"caption-attachment-3485\" class=\"wp-caption-text\">La persistencia de la memoria de Salvador Dal\u00ed (1931).<\/figcaption><\/figure><\/li>\n<li><strong>El hijo del hombre de <a href=\"https:\/\/rafaramirez.org\/blog\/index.php\/2024\/04\/25\/rene-magritte-el-surrealista-maestro-de-la-ilusion-y-la-subversion\/\" target=\"_blank\" rel=\"noopener\">Ren\u00e9 Magritte<\/a> (1964)<\/strong>, el misterioso hombre con bomb\u00edn cuyo rostro oculta una manzana verde flotante.\n<p><figure id=\"attachment_4204\" aria-describedby=\"caption-attachment-4204\" style=\"width: 236px\" class=\"wp-caption aligncenter\"><a href=\"https:\/\/rafaramirez.org\/blog\/wp-content\/uploads\/2024\/04\/Rene_Magritte_El_Hijo_del_Hombre.png\" target=\"_blank\" rel=\"noopener\"><img loading=\"lazy\" decoding=\"async\" class=\"wp-image-4204 size-medium\" src=\"https:\/\/rafaramirez.org\/blog\/wp-content\/uploads\/2024\/04\/Rene_Magritte_El_Hijo_del_Hombre-236x300.png\" alt=\"El Hijo del Hombre (1964). Ren\u00e9 Magritte.\" width=\"236\" height=\"300\" srcset=\"https:\/\/rafaramirez.org\/blog\/wp-content\/uploads\/2024\/04\/Rene_Magritte_El_Hijo_del_Hombre-236x300.png 236w, https:\/\/rafaramirez.org\/blog\/wp-content\/uploads\/2024\/04\/Rene_Magritte_El_Hijo_del_Hombre-768x976.png 768w, https:\/\/rafaramirez.org\/blog\/wp-content\/uploads\/2024\/04\/Rene_Magritte_El_Hijo_del_Hombre.png 800w\" sizes=\"auto, (max-width: 236px) 100vw, 236px\" \/><\/a><figcaption id=\"caption-attachment-4204\" class=\"wp-caption-text\">El Hijo del Hombre de Ren\u00e9 Magritte (1964).<\/figcaption><\/figure><\/li>\n<li><strong>El carnaval de Arlequ\u00edn de Joan Mir\u00f3 (1924-25)<\/strong>, un estallido de formas y colores que evoca el subconsciente.\n<p><figure id=\"attachment_10384\" aria-describedby=\"caption-attachment-10384\" style=\"width: 300px\" class=\"wp-caption aligncenter\"><a href=\"https:\/\/rafaramirez.org\/blog\/wp-content\/uploads\/2025\/09\/El-carnaval-de-Arlequin_Joan-Miro.png\" target=\"_blank\" rel=\"noopener\"><img loading=\"lazy\" decoding=\"async\" class=\"wp-image-10384 size-medium\" src=\"https:\/\/rafaramirez.org\/blog\/wp-content\/uploads\/2025\/09\/El-carnaval-de-Arlequin_Joan-Miro-300x207.png\" alt=\"El carnaval de Arlequ\u00edn de Joan Mir\u00f3 (1924-25)\" width=\"300\" height=\"207\" srcset=\"https:\/\/rafaramirez.org\/blog\/wp-content\/uploads\/2025\/09\/El-carnaval-de-Arlequin_Joan-Miro-300x207.png 300w, https:\/\/rafaramirez.org\/blog\/wp-content\/uploads\/2025\/09\/El-carnaval-de-Arlequin_Joan-Miro-768x531.png 768w, https:\/\/rafaramirez.org\/blog\/wp-content\/uploads\/2025\/09\/El-carnaval-de-Arlequin_Joan-Miro.png 800w\" sizes=\"auto, (max-width: 300px) 100vw, 300px\" \/><\/a><figcaption id=\"caption-attachment-10384\" class=\"wp-caption-text\">El carnaval de Arlequ\u00edn de Joan Mir\u00f3 (1924-25).<\/figcaption><\/figure><\/li>\n<li><strong>La traici\u00f3n de las im\u00e1genes de <a href=\"https:\/\/rafaramirez.org\/blog\/index.php\/2024\/04\/25\/rene-magritte-el-surrealista-maestro-de-la-ilusion-y-la-subversion\/\" target=\"_blank\" rel=\"noopener\">Ren\u00e9 Magritte<\/a> (1929)<\/strong>, la famosa pipa acompa\u00f1ada de la frase \u201cEsto no es una pipa\u201d, que cuestiona la relaci\u00f3n entre objeto y representaci\u00f3n.\n<p><figure id=\"attachment_4200\" aria-describedby=\"caption-attachment-4200\" style=\"width: 300px\" class=\"wp-caption aligncenter\"><a href=\"https:\/\/rafaramirez.org\/blog\/wp-content\/uploads\/2024\/04\/Rene_Magritte_La_traicion_de_las_imagenes.png\" target=\"_blank\" rel=\"noopener\"><img loading=\"lazy\" decoding=\"async\" class=\"wp-image-4200 size-medium\" src=\"https:\/\/rafaramirez.org\/blog\/wp-content\/uploads\/2024\/04\/Rene_Magritte_La_traicion_de_las_imagenes-300x223.png\" alt=\"La Traici\u00f3n de las Im\u00e1genes (1929). Ren\u00e9 Magritte.\" width=\"300\" height=\"223\" srcset=\"https:\/\/rafaramirez.org\/blog\/wp-content\/uploads\/2024\/04\/Rene_Magritte_La_traicion_de_las_imagenes-300x223.png 300w, https:\/\/rafaramirez.org\/blog\/wp-content\/uploads\/2024\/04\/Rene_Magritte_La_traicion_de_las_imagenes-1024x761.png 1024w, https:\/\/rafaramirez.org\/blog\/wp-content\/uploads\/2024\/04\/Rene_Magritte_La_traicion_de_las_imagenes-768x571.png 768w, https:\/\/rafaramirez.org\/blog\/wp-content\/uploads\/2024\/04\/Rene_Magritte_La_traicion_de_las_imagenes-1536x1142.png 1536w, https:\/\/rafaramirez.org\/blog\/wp-content\/uploads\/2024\/04\/Rene_Magritte_La_traicion_de_las_imagenes.png 2000w\" sizes=\"auto, (max-width: 300px) 100vw, 300px\" \/><\/a><figcaption id=\"caption-attachment-4200\" class=\"wp-caption-text\">La traici\u00f3n de las im\u00e1genes de Ren\u00e9 Magritte (1929).<\/figcaption><\/figure><\/li>\n<li><strong>Construcci\u00f3n blanda con jud\u00edas hervidas (Premonici\u00f3n de la guerra civil) de Salvador Dal\u00ed (1936)<\/strong>, una imagen perturbadora que anticipa la violencia y el caos.\n<p><figure id=\"attachment_10385\" aria-describedby=\"caption-attachment-10385\" style=\"width: 300px\" class=\"wp-caption aligncenter\"><a href=\"https:\/\/rafaramirez.org\/blog\/wp-content\/uploads\/2025\/09\/Construccion-blanda-con-judias-hervidas2.jpg\" target=\"_blank\" rel=\"noopener\"><img loading=\"lazy\" decoding=\"async\" class=\"wp-image-10385 size-medium\" src=\"https:\/\/rafaramirez.org\/blog\/wp-content\/uploads\/2025\/09\/Construccion-blanda-con-judias-hervidas2-300x300.jpg\" alt=\"Construcci\u00f3n blanda con jud\u00edas hervidas de Salvador Dal\u00ed (1936). \" width=\"300\" height=\"300\" srcset=\"https:\/\/rafaramirez.org\/blog\/wp-content\/uploads\/2025\/09\/Construccion-blanda-con-judias-hervidas2-300x300.jpg 300w, https:\/\/rafaramirez.org\/blog\/wp-content\/uploads\/2025\/09\/Construccion-blanda-con-judias-hervidas2-1024x1024.jpg 1024w, https:\/\/rafaramirez.org\/blog\/wp-content\/uploads\/2025\/09\/Construccion-blanda-con-judias-hervidas2-150x150.jpg 150w, https:\/\/rafaramirez.org\/blog\/wp-content\/uploads\/2025\/09\/Construccion-blanda-con-judias-hervidas2-768x767.jpg 768w, https:\/\/rafaramirez.org\/blog\/wp-content\/uploads\/2025\/09\/Construccion-blanda-con-judias-hervidas2.jpg 1470w\" sizes=\"auto, (max-width: 300px) 100vw, 300px\" \/><\/a><figcaption id=\"caption-attachment-10385\" class=\"wp-caption-text\">Construcci\u00f3n blanda con jud\u00edas hervidas de Salvador Dal\u00ed (1936).<\/figcaption><\/figure><\/li>\n<li><strong>La creaci\u00f3n de las aves de Remedios Varo (1957)<\/strong>, donde ciencia, magia y naturaleza se funden en una escena po\u00e9tica.\n<p><figure id=\"attachment_10386\" aria-describedby=\"caption-attachment-10386\" style=\"width: 300px\" class=\"wp-caption aligncenter\"><a href=\"https:\/\/rafaramirez.org\/blog\/wp-content\/uploads\/2025\/09\/La-creacion-de-las-aves-de-Remedios-Varo_ok.jpg\" target=\"_blank\" rel=\"noopener\"><img loading=\"lazy\" decoding=\"async\" class=\"wp-image-10386 size-medium\" src=\"https:\/\/rafaramirez.org\/blog\/wp-content\/uploads\/2025\/09\/La-creacion-de-las-aves-de-Remedios-Varo_ok-300x260.jpg\" alt=\"La creaci\u00f3n de las aves de Remedios Varo (1957). \" width=\"300\" height=\"260\" srcset=\"https:\/\/rafaramirez.org\/blog\/wp-content\/uploads\/2025\/09\/La-creacion-de-las-aves-de-Remedios-Varo_ok-300x260.jpg 300w, https:\/\/rafaramirez.org\/blog\/wp-content\/uploads\/2025\/09\/La-creacion-de-las-aves-de-Remedios-Varo_ok-1024x886.jpg 1024w, https:\/\/rafaramirez.org\/blog\/wp-content\/uploads\/2025\/09\/La-creacion-de-las-aves-de-Remedios-Varo_ok-768x665.jpg 768w, https:\/\/rafaramirez.org\/blog\/wp-content\/uploads\/2025\/09\/La-creacion-de-las-aves-de-Remedios-Varo_ok.jpg 1500w\" sizes=\"auto, (max-width: 300px) 100vw, 300px\" \/><\/a><figcaption id=\"caption-attachment-10386\" class=\"wp-caption-text\">La creaci\u00f3n de las aves de Remedios Varo (1957).<\/figcaption><\/figure><\/li>\n<li><strong>Los amantes de <a href=\"https:\/\/rafaramirez.org\/blog\/index.php\/2024\/04\/25\/rene-magritte-el-surrealista-maestro-de-la-ilusion-y-la-subversion\/\" target=\"_blank\" rel=\"noopener\">Ren\u00e9 Magritte<\/a> (1928)<\/strong>, con dos figuras bes\u00e1ndose a trav\u00e9s de telas que cubren sus rostros, s\u00edmbolo de deseo y misterio.\n<p><figure id=\"attachment_4219\" aria-describedby=\"caption-attachment-4219\" style=\"width: 300px\" class=\"wp-caption aligncenter\"><a href=\"https:\/\/rafaramirez.org\/blog\/wp-content\/uploads\/2024\/04\/Rene_Magritte_Los_Amantes.png\" target=\"_blank\" rel=\"noopener\"><img loading=\"lazy\" decoding=\"async\" class=\"wp-image-4219 size-medium\" src=\"https:\/\/rafaramirez.org\/blog\/wp-content\/uploads\/2024\/04\/Rene_Magritte_Los_Amantes-300x225.png\" alt=\"Los Amantes (1928). Ren\u00e9 Magritte.\" width=\"300\" height=\"225\" srcset=\"https:\/\/rafaramirez.org\/blog\/wp-content\/uploads\/2024\/04\/Rene_Magritte_Los_Amantes-300x225.png 300w, https:\/\/rafaramirez.org\/blog\/wp-content\/uploads\/2024\/04\/Rene_Magritte_Los_Amantes-1024x768.png 1024w, https:\/\/rafaramirez.org\/blog\/wp-content\/uploads\/2024\/04\/Rene_Magritte_Los_Amantes-768x576.png 768w, https:\/\/rafaramirez.org\/blog\/wp-content\/uploads\/2024\/04\/Rene_Magritte_Los_Amantes-1536x1152.png 1536w, https:\/\/rafaramirez.org\/blog\/wp-content\/uploads\/2024\/04\/Rene_Magritte_Los_Amantes.png 2000w\" sizes=\"auto, (max-width: 300px) 100vw, 300px\" \/><\/a><figcaption id=\"caption-attachment-4219\" class=\"wp-caption-text\">Los amantes de Ren\u00e9 Magritte (1928).<\/figcaption><\/figure><\/li>\n<\/ul>\n<h3>Significado oculto tras estas obras surrealistas.<\/h3>\n<p>Vamos a sumergirnos en el significado oculto de las obras surrealistas que mencionamos antes para que las veas con una nueva perspectiva.<\/p>\n<ul>\n<li><strong>La persistencia de la memoria, de Salvador Dal\u00ed (1931)<\/strong>: los relojes blandos no solo representan la relatividad del tiempo, sino tambi\u00e9n la fragilidad de nuestras certezas. El paisaje des\u00e9rtico y la figura amorfa evocan un estado mental suspendido entre la vigilia y el sue\u00f1o, donde la l\u00f3gica se disuelve.<\/li>\n<li><strong>El hijo del hombre, de <a href=\"https:\/\/rafaramirez.org\/blog\/index.php\/2024\/04\/25\/rene-magritte-el-surrealista-maestro-de-la-ilusion-y-la-subversion\/\" target=\"_blank\" rel=\"noopener\">Ren\u00e9 Magritte<\/a> (1964)<\/strong>: la manzana que oculta el rostro simboliza el misterio de la identidad y la imposibilidad de conocer por completo a otra persona. Magritte dec\u00eda que siempre hay algo que nos oculta parte de la realidad, incluso cuando creemos verla toda.<\/li>\n<li><strong>El carnaval de Arlequ\u00edn (1924-1925), de Joan Mir\u00f3<\/strong>: un desfile de figuras biom\u00f3rficas y colores vivos que representan el subconsciente en estado de juego. Mir\u00f3 plasm\u00f3 aqu\u00ed un mundo interior en el que lo infantil y lo irracional conviven sin jerarqu\u00edas.<\/li>\n<li><strong>La traici\u00f3n de las im\u00e1genes, de <a href=\"https:\/\/rafaramirez.org\/blog\/index.php\/2024\/04\/25\/rene-magritte-el-surrealista-maestro-de-la-ilusion-y-la-subversion\/\" target=\"_blank\" rel=\"noopener\">Ren\u00e9 Magritte<\/a> (1929)<\/strong>: la frase \u201cEsto no es una pipa\u201d nos recuerda que una imagen no es el objeto real, sino su representaci\u00f3n. Se trata de un gui\u00f1o filos\u00f3fico que rompe la relaci\u00f3n autom\u00e1tica entre palabra e imagen.<\/li>\n<li><strong>Construcci\u00f3n blanda con jud\u00edas hervidas (Premonici\u00f3n de la guerra civil), de Salvador Dal\u00ed (1936)<\/strong>: el cuerpo desgarrado que se agrede a s\u00ed mismo es una met\u00e1fora visual de la autodestrucci\u00f3n de Espa\u00f1a en la Guerra Civil. Las jud\u00edas hervidas, humildes y blandas, contrastan con la violencia de la escena, como un respiro absurdo en medio del horror.<\/li>\n<li><strong>La creaci\u00f3n de las aves, de Remedios Varo (1957)<\/strong>: una figura femenina mezcla pigmentos y luz para dar vida a p\u00e1jaros, uniendo ciencia, arte y magia. Es una alegor\u00eda de la creatividad como fuerza c\u00f3smica y femenina.<\/li>\n<li><strong>Los amantes , de <a href=\"https:\/\/rafaramirez.org\/blog\/index.php\/2024\/04\/25\/rene-magritte-el-surrealista-maestro-de-la-ilusion-y-la-subversion\/\" target=\"_blank\" rel=\"noopener\">Ren\u00e9 Magritte<\/a> (1928)<\/strong>: dos figuras se besan con telas cubriendo sus rostros, lo que sugiere deseo, misterio e imposibilidad de conocer del todo al otro, incluso en la intimidad.<\/li>\n<\/ul>\n<h3>Influencia.<\/h3>\n<p>El surrealismo dej\u00f3 una huella profunda que va mucho m\u00e1s all\u00e1 de la pintura, ya que transform\u00f3 la manera en que entendemos el arte, la literatura, el cine, e incluso la publicidad y la moda. Su influencia sigue viva porque no se trat\u00f3 solo de un estilo visual, sino de una forma de pensar que buscaba liberar la imaginaci\u00f3n y cuestionar la realidad establecida.<\/p>\n<p>Estos son algunos de los \u00e1mbitos donde dej\u00f3 su marca:<\/p>\n<ul>\n<li>Artes visuales: inspir\u00f3 a movimientos posteriores como el pop art, el arte conceptual y el hiperrealismo, que heredaron su gusto por las im\u00e1genes impactantes y las combinaciones inesperadas.<\/li>\n<li>Fotograf\u00eda: artistas como Man Ray o Lee Miller aplicaron t\u00e9cnicas surrealistas como el fotomontaje y la sobreimpresi\u00f3n para crear im\u00e1genes inquietantes y po\u00e9ticas.<\/li>\n<li>Cine: directores como Luis Bu\u00f1uel o David Lynch han utilizado narrativas on\u00edricas, saltos il\u00f3gicos y simbolismo cr\u00edptico para sumergir al espectador en mundos que parecen sue\u00f1os.<\/li>\n<li>Literatura: la escritura autom\u00e1tica y la exploraci\u00f3n del subconsciente influyeron en poetas y narradores que buscaban romper con la l\u00f3gica tradicional.<\/li>\n<li>Dise\u00f1o y moda: desde campa\u00f1as publicitarias con im\u00e1genes imposibles hasta colecciones de alta costura que juegan con lo absurdo, el surrealismo sigue siendo un potente recurso creativo.<\/li>\n<li>Cultura popular: videoclips, portadas de discos y videojuegos han adoptado su est\u00e9tica para transmitir misterio, extra\u00f1eza o iron\u00eda.<\/li>\n<\/ul>\n<p>En esencia, el surrealismo cambi\u00f3 las reglas del juego al ense\u00f1arnos que el arte no tiene por qu\u00e9 representar lo que vemos, sino lo que imaginamos o incluso lo que tememos.<\/p>\n<p>M\u00e1s informaci\u00f3n:<\/p>\n<ul>\n<li><a href=\"https:\/\/es.wikipedia.org\/wiki\/Surrealismo\" target=\"_blank\" rel=\"noopener\">Surrealismo &#8211; Wikipedia, la enciclopedia libre<\/a>.<\/li>\n<li><a href=\"https:\/\/www.unprofesor.com\/ciencias-sociales\/caracteristicas-del-surrealismo-en-la-pintura-4416.html\" target=\"_blank\" rel=\"noopener\">Caracter\u00edsticas del SURREALISMO en la pintura<\/a>.<\/li>\n<li><a href=\"https:\/\/historiauniversal.org\/surrealismo\/\" target=\"_blank\" rel=\"noopener\">Surrealismo: definici\u00f3n, historia y caracter\u00edsticas<\/a>.<\/li>\n<li><a href=\"https:\/\/elartehoy.com\/guia-para-interpretar-el-arte-surrealista-y-sus-simbolismos\/\" target=\"_blank\" rel=\"noopener\">Gu\u00eda para interpretar el arte surrealista y sus simbolismos<\/a>.<\/li>\n<li><a href=\"https:\/\/rafaramirez.org\/blog\/index.php\/category\/arte\/historia-del-arte\/\" target=\"_blank\" rel=\"noopener\">M\u00e1s historia del arte y biograf\u00eda de los m\u00e1s destacados pintores<\/a>.<\/li>\n<\/ul>\n","protected":false},"excerpt":{"rendered":"<p>El surrealismo en la pintura fue una de las vanguardias m\u00e1s influyentes del siglo XX, que naci\u00f3 oficialmente en 1924 con el Manifiesto surrealista de Andr\u00e9 Breton. Su objetivo era trascender la realidad visible para explorar el inconsciente, los sue\u00f1os y lo irracional, tomando como referencia las teor\u00edas psicoanal\u00edticas de Sigmund Freud. Rasgos esenciales. Exploraci\u00f3n [&hellip;]<\/p>\n","protected":false},"author":3,"featured_media":10388,"comment_status":"open","ping_status":"closed","sticky":false,"template":"","format":"standard","meta":{"site-container-style":"default","site-container-layout":"default","site-sidebar-layout":"default","disable-article-header":"default","disable-site-header":"default","disable-site-footer":"default","disable-content-area-spacing":"default","_jetpack_newsletter_access":"","_jetpack_dont_email_post_to_subs":false,"_jetpack_newsletter_tier_id":0,"_jetpack_memberships_contains_paywalled_content":false,"_jetpack_feature_clip_id":0,"_jetpack_memberships_contains_paid_content":false,"footnotes":"","jetpack_publicize_message":"","jetpack_publicize_feature_enabled":true,"jetpack_social_post_already_shared":true,"jetpack_social_options":{"image_generator_settings":{"template":"highway","default_image_id":0,"font":"","enabled":false},"version":2},"jetpack_post_was_ever_published":false},"categories":[1290],"tags":[4496,3748,1383,4498,4497,464],"class_list":["post-10379","post","type-post","status-publish","format-standard","has-post-thumbnail","hentry","category-historia-del-arte","tag-el-surrealismo-descifrado","tag-historia-de-la-pintura","tag-historia-del-arte","tag-historia-del-surrealismo","tag-significado","tag-surrealismo"],"yoast_head":"<!-- This site is optimized with the Yoast SEO plugin v28.4 - https:\/\/yoast.com\/product\/yoast-seo-wordpress\/ -->\n<title>Del subconsciente al lienzo: descifrando el arte surrealista. - Blog de Rafael Ram\u00edrez<\/title>\n<meta name=\"description\" content=\"El Surrealismo en la pintura fue una de las vanguardias m\u00e1s influyentes del siglo XX, nacida oficialmente en 1924 con el Manifiesto Surrealis\" \/>\n<meta name=\"robots\" content=\"index, follow, max-snippet:-1, max-image-preview:large, max-video-preview:-1\" \/>\n<link rel=\"canonical\" href=\"https:\/\/rafaramirez.org\/blog\/index.php\/2025\/09\/16\/el-surrealismo-descifrado\/\" \/>\n<meta property=\"og:locale\" content=\"es_ES\" \/>\n<meta property=\"og:type\" content=\"article\" \/>\n<meta property=\"og:title\" content=\"Del subconsciente al lienzo: descifrando el arte surrealista. - Blog de Rafael Ram\u00edrez\" \/>\n<meta property=\"og:description\" content=\"El Surrealismo en la pintura fue una de las vanguardias m\u00e1s influyentes del siglo XX, nacida oficialmente en 1924 con el Manifiesto Surrealis\" \/>\n<meta property=\"og:url\" content=\"https:\/\/rafaramirez.org\/blog\/index.php\/2025\/09\/16\/el-surrealismo-descifrado\/\" \/>\n<meta property=\"og:site_name\" content=\"Blog de Rafael Ram\u00edrez\" \/>\n<meta property=\"article:published_time\" content=\"2025-09-16T06:00:56+00:00\" \/>\n<meta property=\"article:modified_time\" content=\"2026-07-14T09:42:17+00:00\" \/>\n<meta property=\"og:image\" content=\"https:\/\/rafaramirez.org\/blog\/wp-content\/uploads\/2025\/09\/El-Surrealismo_bannerlog.jpg\" \/>\n\t<meta property=\"og:image:width\" content=\"720\" \/>\n\t<meta property=\"og:image:height\" content=\"440\" \/>\n\t<meta property=\"og:image:type\" content=\"image\/jpeg\" \/>\n<meta name=\"author\" content=\"Documentaci\u00f3n e investigaci\u00f3n\" \/>\n<meta name=\"twitter:card\" content=\"summary_large_image\" \/>\n<meta name=\"twitter:site\" content=\"@rafaramirez_ok\" \/>\n<meta name=\"twitter:label1\" content=\"Escrito por\" \/>\n\t<meta name=\"twitter:data1\" content=\"Documentaci\u00f3n e investigaci\u00f3n\" \/>\n\t<meta name=\"twitter:label2\" content=\"Tiempo de lectura\" \/>\n\t<meta name=\"twitter:data2\" content=\"7 minutos\" \/>\n<script type=\"application\/ld+json\" class=\"yoast-schema-graph\">{\"@context\":\"https:\\\/\\\/schema.org\",\"@graph\":[{\"@type\":\"Article\",\"@id\":\"https:\\\/\\\/rafaramirez.org\\\/blog\\\/index.php\\\/2025\\\/09\\\/16\\\/el-surrealismo-descifrado\\\/#article\",\"isPartOf\":{\"@id\":\"https:\\\/\\\/rafaramirez.org\\\/blog\\\/index.php\\\/2025\\\/09\\\/16\\\/el-surrealismo-descifrado\\\/\"},\"author\":{\"name\":\"Documentaci\u00f3n e investigaci\u00f3n\",\"@id\":\"https:\\\/\\\/rafaramirez.org\\\/blog\\\/#\\\/schema\\\/person\\\/8debd05b3d9a1d16fb21af726811617d\"},\"headline\":\"Del subconsciente al lienzo: descifrando el arte surrealista.\",\"datePublished\":\"2025-09-16T06:00:56+00:00\",\"dateModified\":\"2026-07-14T09:42:17+00:00\",\"mainEntityOfPage\":{\"@id\":\"https:\\\/\\\/rafaramirez.org\\\/blog\\\/index.php\\\/2025\\\/09\\\/16\\\/el-surrealismo-descifrado\\\/\"},\"wordCount\":1178,\"commentCount\":0,\"publisher\":{\"@id\":\"https:\\\/\\\/rafaramirez.org\\\/blog\\\/#\\\/schema\\\/person\\\/50f43b6d60c578760d4c17bda54ab6a5\"},\"image\":{\"@id\":\"https:\\\/\\\/rafaramirez.org\\\/blog\\\/index.php\\\/2025\\\/09\\\/16\\\/el-surrealismo-descifrado\\\/#primaryimage\"},\"thumbnailUrl\":\"https:\\\/\\\/rafaramirez.org\\\/blog\\\/wp-content\\\/uploads\\\/2025\\\/09\\\/El-Surrealismo_bannerlog.jpg\",\"keywords\":[\"el surrealismo descifrado\",\"historia de la pintura\",\"historia del arte\",\"historia del surrealismo\",\"significado\",\"surrealismo\"],\"articleSection\":[\"Historia del arte\"],\"inLanguage\":\"es\",\"potentialAction\":[{\"@type\":\"CommentAction\",\"name\":\"Comment\",\"target\":[\"https:\\\/\\\/rafaramirez.org\\\/blog\\\/index.php\\\/2025\\\/09\\\/16\\\/el-surrealismo-descifrado\\\/#respond\"]}]},{\"@type\":\"WebPage\",\"@id\":\"https:\\\/\\\/rafaramirez.org\\\/blog\\\/index.php\\\/2025\\\/09\\\/16\\\/el-surrealismo-descifrado\\\/\",\"url\":\"https:\\\/\\\/rafaramirez.org\\\/blog\\\/index.php\\\/2025\\\/09\\\/16\\\/el-surrealismo-descifrado\\\/\",\"name\":\"Del subconsciente al lienzo: descifrando el arte surrealista. - Blog de Rafael Ram\u00edrez\",\"isPartOf\":{\"@id\":\"https:\\\/\\\/rafaramirez.org\\\/blog\\\/#website\"},\"primaryImageOfPage\":{\"@id\":\"https:\\\/\\\/rafaramirez.org\\\/blog\\\/index.php\\\/2025\\\/09\\\/16\\\/el-surrealismo-descifrado\\\/#primaryimage\"},\"image\":{\"@id\":\"https:\\\/\\\/rafaramirez.org\\\/blog\\\/index.php\\\/2025\\\/09\\\/16\\\/el-surrealismo-descifrado\\\/#primaryimage\"},\"thumbnailUrl\":\"https:\\\/\\\/rafaramirez.org\\\/blog\\\/wp-content\\\/uploads\\\/2025\\\/09\\\/El-Surrealismo_bannerlog.jpg\",\"datePublished\":\"2025-09-16T06:00:56+00:00\",\"dateModified\":\"2026-07-14T09:42:17+00:00\",\"description\":\"El Surrealismo en la pintura fue una de las vanguardias m\u00e1s influyentes del siglo XX, nacida oficialmente en 1924 con el Manifiesto Surrealis\",\"breadcrumb\":{\"@id\":\"https:\\\/\\\/rafaramirez.org\\\/blog\\\/index.php\\\/2025\\\/09\\\/16\\\/el-surrealismo-descifrado\\\/#breadcrumb\"},\"inLanguage\":\"es\",\"potentialAction\":[{\"@type\":\"ReadAction\",\"target\":[\"https:\\\/\\\/rafaramirez.org\\\/blog\\\/index.php\\\/2025\\\/09\\\/16\\\/el-surrealismo-descifrado\\\/\"]}]},{\"@type\":\"ImageObject\",\"inLanguage\":\"es\",\"@id\":\"https:\\\/\\\/rafaramirez.org\\\/blog\\\/index.php\\\/2025\\\/09\\\/16\\\/el-surrealismo-descifrado\\\/#primaryimage\",\"url\":\"https:\\\/\\\/rafaramirez.org\\\/blog\\\/wp-content\\\/uploads\\\/2025\\\/09\\\/El-Surrealismo_bannerlog.jpg\",\"contentUrl\":\"https:\\\/\\\/rafaramirez.org\\\/blog\\\/wp-content\\\/uploads\\\/2025\\\/09\\\/El-Surrealismo_bannerlog.jpg\",\"width\":720,\"height\":440,\"caption\":\"Del Subconsciente al Lienzo: Descifrando el Arte Surrealista. Blog de Rafael Ram\u00edrez.\"},{\"@type\":\"BreadcrumbList\",\"@id\":\"https:\\\/\\\/rafaramirez.org\\\/blog\\\/index.php\\\/2025\\\/09\\\/16\\\/el-surrealismo-descifrado\\\/#breadcrumb\",\"itemListElement\":[{\"@type\":\"ListItem\",\"position\":1,\"name\":\"Portada\",\"item\":\"https:\\\/\\\/rafaramirez.org\\\/blog\\\/\"},{\"@type\":\"ListItem\",\"position\":2,\"name\":\"Del subconsciente al lienzo: descifrando el arte surrealista.\"}]},{\"@type\":\"WebSite\",\"@id\":\"https:\\\/\\\/rafaramirez.org\\\/blog\\\/#website\",\"url\":\"https:\\\/\\\/rafaramirez.org\\\/blog\\\/\",\"name\":\"Blog de Rafael Ram\u00edrez\",\"description\":\"Un sitio social, de arte y cultura\",\"publisher\":{\"@id\":\"https:\\\/\\\/rafaramirez.org\\\/blog\\\/#\\\/schema\\\/person\\\/50f43b6d60c578760d4c17bda54ab6a5\"},\"potentialAction\":[{\"@type\":\"SearchAction\",\"target\":{\"@type\":\"EntryPoint\",\"urlTemplate\":\"https:\\\/\\\/rafaramirez.org\\\/blog\\\/?s={search_term_string}\"},\"query-input\":{\"@type\":\"PropertyValueSpecification\",\"valueRequired\":true,\"valueName\":\"search_term_string\"}}],\"inLanguage\":\"es\"},{\"@type\":[\"Person\",\"Organization\"],\"@id\":\"https:\\\/\\\/rafaramirez.org\\\/blog\\\/#\\\/schema\\\/person\\\/50f43b6d60c578760d4c17bda54ab6a5\",\"name\":\"Rafael Ram\u00edrez\",\"image\":{\"@type\":\"ImageObject\",\"inLanguage\":\"es\",\"@id\":\"https:\\\/\\\/rafaramirez.org\\\/blog\\\/wp-content\\\/uploads\\\/2024\\\/09\\\/RR_socialnetwork.jpg\",\"url\":\"https:\\\/\\\/rafaramirez.org\\\/blog\\\/wp-content\\\/uploads\\\/2024\\\/09\\\/RR_socialnetwork.jpg\",\"contentUrl\":\"https:\\\/\\\/rafaramirez.org\\\/blog\\\/wp-content\\\/uploads\\\/2024\\\/09\\\/RR_socialnetwork.jpg\",\"width\":600,\"height\":606,\"caption\":\"Rafael Ram\u00edrez\"},\"logo\":{\"@id\":\"https:\\\/\\\/rafaramirez.org\\\/blog\\\/wp-content\\\/uploads\\\/2024\\\/09\\\/RR_socialnetwork.jpg\"},\"sameAs\":[\"https:\\\/\\\/www.rafaramirez.org\\\/blog\",\"https:\\\/\\\/www.instagram.com\\\/rafaramirez_ok\\\/\",\"https:\\\/\\\/es.pinterest.com\\\/Ramirez_Rafa\\\/\",\"https:\\\/\\\/x.com\\\/rafaramirez_ok\"]},{\"@type\":\"Person\",\"@id\":\"https:\\\/\\\/rafaramirez.org\\\/blog\\\/#\\\/schema\\\/person\\\/8debd05b3d9a1d16fb21af726811617d\",\"name\":\"Documentaci\u00f3n e investigaci\u00f3n\",\"image\":{\"@type\":\"ImageObject\",\"inLanguage\":\"es\",\"@id\":\"https:\\\/\\\/secure.gravatar.com\\\/avatar\\\/fe70e496579a39c7a8fc4982b89275403b1092eb200623138a32daada9416911?s=96&d=mm&r=g\",\"url\":\"https:\\\/\\\/secure.gravatar.com\\\/avatar\\\/fe70e496579a39c7a8fc4982b89275403b1092eb200623138a32daada9416911?s=96&d=mm&r=g\",\"contentUrl\":\"https:\\\/\\\/secure.gravatar.com\\\/avatar\\\/fe70e496579a39c7a8fc4982b89275403b1092eb200623138a32daada9416911?s=96&d=mm&r=g\",\"caption\":\"Documentaci\u00f3n e investigaci\u00f3n\"},\"url\":\"https:\\\/\\\/rafaramirez.org\\\/blog\\\/index.php\\\/author\\\/admin\\\/\"}]}<\/script>\n<!-- \/ Yoast SEO plugin. -->","yoast_head_json":{"title":"Del subconsciente al lienzo: descifrando el arte surrealista. - Blog de Rafael Ram\u00edrez","description":"El Surrealismo en la pintura fue una de las vanguardias m\u00e1s influyentes del siglo XX, nacida oficialmente en 1924 con el Manifiesto Surrealis","robots":{"index":"index","follow":"follow","max-snippet":"max-snippet:-1","max-image-preview":"max-image-preview:large","max-video-preview":"max-video-preview:-1"},"canonical":"https:\/\/rafaramirez.org\/blog\/index.php\/2025\/09\/16\/el-surrealismo-descifrado\/","og_locale":"es_ES","og_type":"article","og_title":"Del subconsciente al lienzo: descifrando el arte surrealista. - Blog de Rafael Ram\u00edrez","og_description":"El Surrealismo en la pintura fue una de las vanguardias m\u00e1s influyentes del siglo XX, nacida oficialmente en 1924 con el Manifiesto Surrealis","og_url":"https:\/\/rafaramirez.org\/blog\/index.php\/2025\/09\/16\/el-surrealismo-descifrado\/","og_site_name":"Blog de Rafael Ram\u00edrez","article_published_time":"2025-09-16T06:00:56+00:00","article_modified_time":"2026-07-14T09:42:17+00:00","og_image":[{"width":720,"height":440,"url":"https:\/\/rafaramirez.org\/blog\/wp-content\/uploads\/2025\/09\/El-Surrealismo_bannerlog.jpg","type":"image\/jpeg"}],"author":"Documentaci\u00f3n e investigaci\u00f3n","twitter_card":"summary_large_image","twitter_site":"@rafaramirez_ok","twitter_misc":{"Escrito por":"Documentaci\u00f3n e investigaci\u00f3n","Tiempo de lectura":"7 minutos"},"schema":{"@context":"https:\/\/schema.org","@graph":[{"@type":"Article","@id":"https:\/\/rafaramirez.org\/blog\/index.php\/2025\/09\/16\/el-surrealismo-descifrado\/#article","isPartOf":{"@id":"https:\/\/rafaramirez.org\/blog\/index.php\/2025\/09\/16\/el-surrealismo-descifrado\/"},"author":{"name":"Documentaci\u00f3n e investigaci\u00f3n","@id":"https:\/\/rafaramirez.org\/blog\/#\/schema\/person\/8debd05b3d9a1d16fb21af726811617d"},"headline":"Del subconsciente al lienzo: descifrando el arte surrealista.","datePublished":"2025-09-16T06:00:56+00:00","dateModified":"2026-07-14T09:42:17+00:00","mainEntityOfPage":{"@id":"https:\/\/rafaramirez.org\/blog\/index.php\/2025\/09\/16\/el-surrealismo-descifrado\/"},"wordCount":1178,"commentCount":0,"publisher":{"@id":"https:\/\/rafaramirez.org\/blog\/#\/schema\/person\/50f43b6d60c578760d4c17bda54ab6a5"},"image":{"@id":"https:\/\/rafaramirez.org\/blog\/index.php\/2025\/09\/16\/el-surrealismo-descifrado\/#primaryimage"},"thumbnailUrl":"https:\/\/rafaramirez.org\/blog\/wp-content\/uploads\/2025\/09\/El-Surrealismo_bannerlog.jpg","keywords":["el surrealismo descifrado","historia de la pintura","historia del arte","historia del surrealismo","significado","surrealismo"],"articleSection":["Historia del arte"],"inLanguage":"es","potentialAction":[{"@type":"CommentAction","name":"Comment","target":["https:\/\/rafaramirez.org\/blog\/index.php\/2025\/09\/16\/el-surrealismo-descifrado\/#respond"]}]},{"@type":"WebPage","@id":"https:\/\/rafaramirez.org\/blog\/index.php\/2025\/09\/16\/el-surrealismo-descifrado\/","url":"https:\/\/rafaramirez.org\/blog\/index.php\/2025\/09\/16\/el-surrealismo-descifrado\/","name":"Del subconsciente al lienzo: descifrando el arte surrealista. - Blog de Rafael Ram\u00edrez","isPartOf":{"@id":"https:\/\/rafaramirez.org\/blog\/#website"},"primaryImageOfPage":{"@id":"https:\/\/rafaramirez.org\/blog\/index.php\/2025\/09\/16\/el-surrealismo-descifrado\/#primaryimage"},"image":{"@id":"https:\/\/rafaramirez.org\/blog\/index.php\/2025\/09\/16\/el-surrealismo-descifrado\/#primaryimage"},"thumbnailUrl":"https:\/\/rafaramirez.org\/blog\/wp-content\/uploads\/2025\/09\/El-Surrealismo_bannerlog.jpg","datePublished":"2025-09-16T06:00:56+00:00","dateModified":"2026-07-14T09:42:17+00:00","description":"El Surrealismo en la pintura fue una de las vanguardias m\u00e1s influyentes del siglo XX, nacida oficialmente en 1924 con el Manifiesto Surrealis","breadcrumb":{"@id":"https:\/\/rafaramirez.org\/blog\/index.php\/2025\/09\/16\/el-surrealismo-descifrado\/#breadcrumb"},"inLanguage":"es","potentialAction":[{"@type":"ReadAction","target":["https:\/\/rafaramirez.org\/blog\/index.php\/2025\/09\/16\/el-surrealismo-descifrado\/"]}]},{"@type":"ImageObject","inLanguage":"es","@id":"https:\/\/rafaramirez.org\/blog\/index.php\/2025\/09\/16\/el-surrealismo-descifrado\/#primaryimage","url":"https:\/\/rafaramirez.org\/blog\/wp-content\/uploads\/2025\/09\/El-Surrealismo_bannerlog.jpg","contentUrl":"https:\/\/rafaramirez.org\/blog\/wp-content\/uploads\/2025\/09\/El-Surrealismo_bannerlog.jpg","width":720,"height":440,"caption":"Del Subconsciente al Lienzo: Descifrando el Arte Surrealista. Blog de Rafael Ram\u00edrez."},{"@type":"BreadcrumbList","@id":"https:\/\/rafaramirez.org\/blog\/index.php\/2025\/09\/16\/el-surrealismo-descifrado\/#breadcrumb","itemListElement":[{"@type":"ListItem","position":1,"name":"Portada","item":"https:\/\/rafaramirez.org\/blog\/"},{"@type":"ListItem","position":2,"name":"Del subconsciente al lienzo: descifrando el arte surrealista."}]},{"@type":"WebSite","@id":"https:\/\/rafaramirez.org\/blog\/#website","url":"https:\/\/rafaramirez.org\/blog\/","name":"Blog de Rafael Ram\u00edrez","description":"Un sitio social, de arte y cultura","publisher":{"@id":"https:\/\/rafaramirez.org\/blog\/#\/schema\/person\/50f43b6d60c578760d4c17bda54ab6a5"},"potentialAction":[{"@type":"SearchAction","target":{"@type":"EntryPoint","urlTemplate":"https:\/\/rafaramirez.org\/blog\/?s={search_term_string}"},"query-input":{"@type":"PropertyValueSpecification","valueRequired":true,"valueName":"search_term_string"}}],"inLanguage":"es"},{"@type":["Person","Organization"],"@id":"https:\/\/rafaramirez.org\/blog\/#\/schema\/person\/50f43b6d60c578760d4c17bda54ab6a5","name":"Rafael Ram\u00edrez","image":{"@type":"ImageObject","inLanguage":"es","@id":"https:\/\/rafaramirez.org\/blog\/wp-content\/uploads\/2024\/09\/RR_socialnetwork.jpg","url":"https:\/\/rafaramirez.org\/blog\/wp-content\/uploads\/2024\/09\/RR_socialnetwork.jpg","contentUrl":"https:\/\/rafaramirez.org\/blog\/wp-content\/uploads\/2024\/09\/RR_socialnetwork.jpg","width":600,"height":606,"caption":"Rafael Ram\u00edrez"},"logo":{"@id":"https:\/\/rafaramirez.org\/blog\/wp-content\/uploads\/2024\/09\/RR_socialnetwork.jpg"},"sameAs":["https:\/\/www.rafaramirez.org\/blog","https:\/\/www.instagram.com\/rafaramirez_ok\/","https:\/\/es.pinterest.com\/Ramirez_Rafa\/","https:\/\/x.com\/rafaramirez_ok"]},{"@type":"Person","@id":"https:\/\/rafaramirez.org\/blog\/#\/schema\/person\/8debd05b3d9a1d16fb21af726811617d","name":"Documentaci\u00f3n e investigaci\u00f3n","image":{"@type":"ImageObject","inLanguage":"es","@id":"https:\/\/secure.gravatar.com\/avatar\/fe70e496579a39c7a8fc4982b89275403b1092eb200623138a32daada9416911?s=96&d=mm&r=g","url":"https:\/\/secure.gravatar.com\/avatar\/fe70e496579a39c7a8fc4982b89275403b1092eb200623138a32daada9416911?s=96&d=mm&r=g","contentUrl":"https:\/\/secure.gravatar.com\/avatar\/fe70e496579a39c7a8fc4982b89275403b1092eb200623138a32daada9416911?s=96&d=mm&r=g","caption":"Documentaci\u00f3n e investigaci\u00f3n"},"url":"https:\/\/rafaramirez.org\/blog\/index.php\/author\/admin\/"}]}},"jetpack_publicize_connections":[],"jetpack_sharing_enabled":true,"jetpack_likes_enabled":true,"jetpack_featured_media_url":"https:\/\/rafaramirez.org\/blog\/wp-content\/uploads\/2025\/09\/El-Surrealismo_bannerlog.jpg","_links":{"self":[{"href":"https:\/\/rafaramirez.org\/blog\/index.php\/wp-json\/wp\/v2\/posts\/10379","targetHints":{"allow":["GET"]}}],"collection":[{"href":"https:\/\/rafaramirez.org\/blog\/index.php\/wp-json\/wp\/v2\/posts"}],"about":[{"href":"https:\/\/rafaramirez.org\/blog\/index.php\/wp-json\/wp\/v2\/types\/post"}],"author":[{"embeddable":true,"href":"https:\/\/rafaramirez.org\/blog\/index.php\/wp-json\/wp\/v2\/users\/3"}],"replies":[{"embeddable":true,"href":"https:\/\/rafaramirez.org\/blog\/index.php\/wp-json\/wp\/v2\/comments?post=10379"}],"version-history":[{"count":8,"href":"https:\/\/rafaramirez.org\/blog\/index.php\/wp-json\/wp\/v2\/posts\/10379\/revisions"}],"predecessor-version":[{"id":11642,"href":"https:\/\/rafaramirez.org\/blog\/index.php\/wp-json\/wp\/v2\/posts\/10379\/revisions\/11642"}],"wp:featuredmedia":[{"embeddable":true,"href":"https:\/\/rafaramirez.org\/blog\/index.php\/wp-json\/wp\/v2\/media\/10388"}],"wp:attachment":[{"href":"https:\/\/rafaramirez.org\/blog\/index.php\/wp-json\/wp\/v2\/media?parent=10379"}],"wp:term":[{"taxonomy":"category","embeddable":true,"href":"https:\/\/rafaramirez.org\/blog\/index.php\/wp-json\/wp\/v2\/categories?post=10379"},{"taxonomy":"post_tag","embeddable":true,"href":"https:\/\/rafaramirez.org\/blog\/index.php\/wp-json\/wp\/v2\/tags?post=10379"}],"curies":[{"name":"wp","href":"https:\/\/api.w.org\/{rel}","templated":true}]}}