{"id":10253,"date":"2025-09-01T08:00:26","date_gmt":"2025-09-01T06:00:26","guid":{"rendered":"https:\/\/rafaramirez.org\/blog\/?p=10253"},"modified":"2025-09-01T12:29:51","modified_gmt":"2025-09-01T10:29:51","slug":"atardecer-en-malaga-2009-fotografias-de-rafael-ramirez","status":"publish","type":"post","link":"https:\/\/rafaramirez.org\/blog\/index.php\/2025\/09\/01\/atardecer-en-malaga-2009-fotografias-de-rafael-ramirez\/","title":{"rendered":"Atardeceres Imborrables: M\u00e1laga en 2009 a trav\u00e9s del lente de Rafael Ram\u00edrez."},"content":{"rendered":"<p>Cuando el sol comienza su ritual de despedida tras el Mediterr\u00e1neo, M\u00e1laga se ti\u00f1e de fuego y oro. En esta serie de im\u00e1genes captadas por Rafael Ram\u00edrez en 2009, la ciudad se presenta como una sinfon\u00eda de luces y sombras, un poema visual en el que cada encuadre es un verso dedicado al crep\u00fasculo.<\/p>\n<p>Bajo la b\u00f3veda celeste de La Malagueta, aparece una figura recostada en la arena: su silueta, casi et\u00e9rea, se funde con el susurro de las olas. A su lado, los pescadores anclan sus historias en la orilla; sus ca\u00f1as de pescar se perfilan como sue\u00f1os al atardecer y el crep\u00fasculo dibuja sus siluetas como un surco de eternidad.<\/p>\n<p>M\u00e1s all\u00e1, en el Paseo de la Farola, la hist\u00f3rica linterna de M\u00e1laga se recorta en el cielo del atardecer. Su silueta se yergue como una centinela de otra \u00e9poca, custodiando el punto donde el agua besa el cielo. Al pie de esta torre, el aire adquiere un matiz de nostalgia: cada piedra parece impregnada de centenares de despedidas y cada rayo de luz rezuma promesas de un nuevo amanecer.<\/p>\n<p>Un ave cruza el horizonte y su preciso vuelo traza un puente dorado entre el firmamento y la ciudad y casi podemos o\u00edr el rumor de sus alas.<\/p>\n<p>Desde la playa, el perfil urbano se recorta en tonos pastel. Las terrazas del Paseo Mar\u00edtimo brillan con reflejos anaranjados; los edificios se elevan como estrofas de un soneto arquitect\u00f3nico. A medida que se apaga la luz, las fachadas adquieren una gravedad luminosa, como si guardaran el aliento antes de la llegada de la noche.<\/p>\n<p>Finalmente, las palmeras de La Malagueta se alzan en esbelta armon\u00eda contra el cielo anochecido. Sus hojas se mecen con la brisa marina y proyectan sombras danzantes sobre la arena.<\/p>\n<p>Estas fotograf\u00edas no solo nos transportan a un atardecer concreto, sino a la esencia misma de M\u00e1laga: su luz, su brisa, su silencio compartido con el mar.<\/p>\n<style id=\"bwg-style-0\">      #bwg_container1_0 #bwg_container2_0 #bwg_mosaic_thumbnails_div_0 {        width: 100%;        position: relative;        background-color: rgba(255, 255, 255, 0.00);        text-align: center;        justify-content: center;                  margin-left: auto;          margin-right: auto;                    padding-left: 2px;          padding-top: 2px;                }          #bwg_container1_0 #bwg_container2_0 .bwg_mosaic_thumb_spun_0 {        display: block;        position: absolute;\t\t\t\tborder-radius: 0;\t\t\t\tborder: 0px none #CCCCCC;    \t\t    \t\tbackground-color:rgba(0,0,0, 0.30);        -moz-box-sizing: content-box !important;        -webkit-box-sizing: content-box !important;        box-sizing: content-box !important;      }\t\t\t#bwg_container1_0 #bwg_container2_0 .bwg_mosaic_thumb_0 {\t\t\t\tdisplay: block;\t\t\t\t-moz-box-sizing: content-box !important;\t\t\t\t-webkit-box-sizing: content-box !important;\t\t\t\tbox-sizing: content-box !important;\t\t\t\tmargin: 0;\t\t\t\topacity: 1.00;\t\t\t}      #bwg_container1_0 #bwg_container2_0 .bwg_mosaic_thumb_spun_0:hover {        opacity: 1;        backface-visibility: hidden;        -webkit-backface-visibility: hidden;        -moz-backface-visibility: hidden;        -ms-backface-visibility: hidden;        z-index: 102;      }\t     @media only screen and (min-width: 480px) {\t\t#bwg_container1_0 #bwg_container2_0 .bwg-container-0.bwg-mosaic-thumbnails .bwg-item0 img {\t\t\t-webkit-transition: -webkit-transform .3s; transition: transform .3s;\t\t}\t\t#bwg_container1_0 #bwg_container2_0 .bwg-container-0.bwg-mosaic-thumbnails .bwg-item0 img:hover {\t\t\t-ms-transform: scale(1.08);\t\t\t-webkit-transform: scale(1.08);\t\t\ttransform: scale(1.08);\t\t}\t\t      }\t      #bwg_container1_0 #bwg_container2_0 .bwg_mosaic_thumbnails_0 {        background-color: rgba(255, 255, 255, 0.00);        font-size: 0;        position: relative;        text-align: center;        display: inline-block;        visibility: hidden;              }\t  \/*image title styles*\/      #bwg_container1_0 #bwg_container2_0 .bwg_mosaic_title_spun1_0,      #bwg_container1_0 #bwg_container2_0 .bwg-mosaic-thumbnails .bwg_ecommerce_spun1_0 {        position: absolute;        display: block;        opacity: 0;        box-sizing: border-box;        text-align: center;\t\t\t\ttop: 50%;\t\t\t\tleft: 50%;\t\t\t\ttransform: translate(-50%, -50%);      }      #bwg_container1_0 #bwg_container2_0 .bwg-mosaic-thumbnails .bwg_mosaic_title_spun2_0,      #bwg_container1_0 #bwg_container2_0 .bwg-mosaic-thumbnails .bwg_ecommerce_spun2_0 {\t\t    color: #323A45;        font-family: Ubuntu;        font-size: 16px;        font-weight: bold;        text-shadow: ;        vertical-align: middle;        word-wrap: break-word;      }            .bwg_mosaic_play_icon_spun_0 {        display: table;        position: absolute;        left: -10000px;        top: 0px;        opacity: 0;      }      .bwg_mosaic_play_icon_0 {        color: #323A45;        font-size: 32px;        vertical-align: middle;        display: table-cell !important;        z-index: 1;        text-align: center;        margin: 0 auto;      }      #bwg_container1_0 #bwg_container2_0 .bwg_gal_title_0 {        background-color: rgba(0, 0, 0, 0);        color: #323A45;        display: block;        font-family: Ubuntu;        font-size: 16px;        font-weight: bold;        padding: 2px;        text-shadow: ;        text-align: center;      }            @media screen and (max-width: 350px) {      div[class^=\"bwg_mosaic_thumbnails_\"],      span[class^=\"bwg_mosaic_thumb_spun_\"] {      width: 100% !important;      }      img[class^=\"bwg_mosaic_thumb_\"] {      width: 100% !important;      height: auto !important;      margin: 0px auto !important;      }      }      <\/style>    <div id=\"bwg_container1_0\"         class=\"bwg_container bwg_thumbnail bwg_thumbnails_mosaic \"         data-right-click-protection=\"1\"         data-bwg=\"0\"         data-scroll=\"0\"         data-gallery-type=\"thumbnails_mosaic\"         data-gallery-view-type=\"thumbnails_mosaic\"         data-current-url=\"\/blog\/index.php\/wp-json\/wp\/v2\/posts\/10253\"         data-lightbox-url=\"https:\/\/rafaramirez.org\/blog\/wp-admin\/admin-ajax.php?action=GalleryBox&#038;current_view=0&#038;gallery_id=75&#038;tag=0&#038;theme_id=1&#038;shortcode_id=157&#038;sort_by=order&#038;order_by=asc&#038;current_url=%2Fblog%2Findex.php%2Fwp-json%2Fwp%2Fv2%2Fposts%2F10253\"         data-gallery-id=\"75\"         data-popup-width=\"800\"         data-popup-height=\"500\"         data-is-album=\"gallery\"         data-buttons-position=\"bottom\">      <div id=\"bwg_container2_0\">             <div id=\"ajax_loading_0\" class=\"bwg_loading_div_1\">      <div class=\"bwg_loading_div_2\">        <div class=\"bwg_loading_div_3\">          <div id=\"loading_div_0\" class=\"bwg_spider_ajax_loading\">          <\/div>        <\/div>      <\/div>    <\/div>            <form id=\"gal_front_form_0\"              class=\"bwg-hidden\"              method=\"post\"              action=\"#\"              data-current=\"0\"              data-shortcode-id=\"157\"              data-gallery-type=\"thumbnails_mosaic\"              data-gallery-id=\"75\"              data-tag=\"0\"              data-album-id=\"0\"              data-theme-id=\"1\"              data-ajax-url=\"https:\/\/rafaramirez.org\/blog\/wp-admin\/admin-ajax.php?action=bwg_frontend_data\">          <div id=\"bwg_container3_0\" class=\"bwg-background bwg-background-0\">                <div id=\"bwg_mosaic_thumbnails_div_0\"         class=\"bwg-container-0 bwg-container bwg-mosaic-thumbnails\"         data-bwg=\"0\"         data-mosaic-direction=\"vertical\"         data-resizable=\"0\"         data-width=\"250\"         data-height=\"250\"         data-total-width=\"100\"         data-block-id=\"bwg_thumbnails_mosaic_0\"         data-thumb-padding=\"2\"         data-thumb-border=\"0\"         data-title-margin=\"2px\"         data-image-title=\"none\"         data-play-icon=\"1\"         data-ecommerce-icon=\"none\"         data-gallery-id=\"75\"         data-lightbox-url=\"https:\/\/rafaramirez.org\/blog\/wp-admin\/admin-ajax.php?action=GalleryBox&#038;current_view=0&#038;gallery_id=75&#038;tag=0&#038;theme_id=1&#038;shortcode_id=157&#038;sort_by=order&#038;order_by=asc&#038;current_url=%2Fblog%2Findex.php%2Fwp-json%2Fwp%2Fv2%2Fposts%2F10253\"         data-mosaic-thumb-transition=\"1\"         style=\"visibility: hidden\" >      <div id=\"bwg_thumbnails_mosaic_0\" class=\"bwg_mosaic_thumbnails_0\">                  <a  class=\"bwg-a bwg_lightbox bwg_lightbox_0\" href=\"https:\/\/rafaramirez.org\/blog\/wp-content\/uploads\/photo-gallery\/imported_from_media_libray\/file59702_log.jpg?bwg=1755598876\" data-image-id=\"858\" data-elementor-open-lightbox=\"no\">          <div class=\"bwg_mosaic_thumb_spun_0 bwg-item0 bwg-mosaic-thumb-span \">            <img decoding=\"async\" class=\"bwg_mosaic_thumb_0 skip-lazy bwg_img_clear bwg_img_custom \"                 id=\"858\"                 src=\"https:\/\/rafaramirez.org\/blog\/wp-content\/uploads\/photo-gallery\/imported_from_media_libray\/thumb\/file59702_log.jpg?bwg=1755598876\"                 data-src=\"https:\/\/rafaramirez.org\/blog\/wp-content\/uploads\/photo-gallery\/imported_from_media_libray\/thumb\/file59702_log.jpg?bwg=1755598876\"                 data-width=\"500.00\"                 data-height=\"375.00\"                 alt=\"Mirando al mar en la playa de La Malagueta.\"                 title=\"Mirando al mar en la playa de La Malagueta.\" \/>                      <\/div>        <\/a>                <a  class=\"bwg-a bwg_lightbox bwg_lightbox_0\" href=\"https:\/\/rafaramirez.org\/blog\/wp-content\/uploads\/photo-gallery\/imported_from_media_libray\/file59705_log.jpg?bwg=1755598876\" data-image-id=\"859\" data-elementor-open-lightbox=\"no\">          <div class=\"bwg_mosaic_thumb_spun_0 bwg-item0 bwg-mosaic-thumb-span \">            <img decoding=\"async\" class=\"bwg_mosaic_thumb_0 skip-lazy bwg_img_clear bwg_img_custom \"                 id=\"859\"                 src=\"https:\/\/rafaramirez.org\/blog\/wp-content\/uploads\/photo-gallery\/imported_from_media_libray\/thumb\/file59705_log.jpg?bwg=1755598876\"                 data-src=\"https:\/\/rafaramirez.org\/blog\/wp-content\/uploads\/photo-gallery\/imported_from_media_libray\/thumb\/file59705_log.jpg?bwg=1755598876\"                 data-width=\"500.00\"                 data-height=\"375.00\"                 alt=\"Dos pescadores con buque al fondo, playa de La Malagueta.\"                 title=\"Dos pescadores con buque al fondo, playa de La Malagueta.\" \/>                      <\/div>        <\/a>                <a  class=\"bwg-a bwg_lightbox bwg_lightbox_0\" href=\"https:\/\/rafaramirez.org\/blog\/wp-content\/uploads\/photo-gallery\/imported_from_media_libray\/file59721_log.jpg?bwg=1755598876\" data-image-id=\"860\" data-elementor-open-lightbox=\"no\">          <div class=\"bwg_mosaic_thumb_spun_0 bwg-item0 bwg-mosaic-thumb-span \">            <img decoding=\"async\" class=\"bwg_mosaic_thumb_0 skip-lazy bwg_img_clear bwg_img_custom \"                 id=\"860\"                 src=\"https:\/\/rafaramirez.org\/blog\/wp-content\/uploads\/photo-gallery\/imported_from_media_libray\/thumb\/file59721_log.jpg?bwg=1755598876\"                 data-src=\"https:\/\/rafaramirez.org\/blog\/wp-content\/uploads\/photo-gallery\/imported_from_media_libray\/thumb\/file59721_log.jpg?bwg=1755598876\"                 data-width=\"500.00\"                 data-height=\"375.00\"                 alt=\"Surcando el cielo al atardecer. \"                 title=\"Surcando el cielo al atardecer. \" \/>                      <\/div>        <\/a>                <a  class=\"bwg-a bwg_lightbox bwg_lightbox_0\" href=\"https:\/\/rafaramirez.org\/blog\/wp-content\/uploads\/photo-gallery\/imported_from_media_libray\/file59726_log.jpg?bwg=1755598876\" data-image-id=\"861\" data-elementor-open-lightbox=\"no\">          <div class=\"bwg_mosaic_thumb_spun_0 bwg-item0 bwg-mosaic-thumb-span \">            <img decoding=\"async\" class=\"bwg_mosaic_thumb_0 skip-lazy bwg_img_clear bwg_img_custom \"                 id=\"861\"                 src=\"https:\/\/rafaramirez.org\/blog\/wp-content\/uploads\/photo-gallery\/imported_from_media_libray\/thumb\/file59726_log.jpg?bwg=1755598876\"                 data-src=\"https:\/\/rafaramirez.org\/blog\/wp-content\/uploads\/photo-gallery\/imported_from_media_libray\/thumb\/file59726_log.jpg?bwg=1755598876\"                 data-width=\"500.00\"                 data-height=\"375.00\"                 alt=\"Vista del puerto desde la playa de La Malagueta. \"                 title=\"Vista del puerto desde la playa de La Malagueta. \" \/>                      <\/div>        <\/a>                <a  class=\"bwg-a bwg_lightbox bwg_lightbox_0\" href=\"https:\/\/rafaramirez.org\/blog\/wp-content\/uploads\/photo-gallery\/imported_from_media_libray\/file59730_log.jpg?bwg=1755598876\" data-image-id=\"862\" data-elementor-open-lightbox=\"no\">          <div class=\"bwg_mosaic_thumb_spun_0 bwg-item0 bwg-mosaic-thumb-span \">            <img decoding=\"async\" class=\"bwg_mosaic_thumb_0 skip-lazy bwg_img_clear bwg_img_custom \"                 id=\"862\"                 src=\"https:\/\/rafaramirez.org\/blog\/wp-content\/uploads\/photo-gallery\/imported_from_media_libray\/thumb\/file59730_log.jpg?bwg=1755598876\"                 data-src=\"https:\/\/rafaramirez.org\/blog\/wp-content\/uploads\/photo-gallery\/imported_from_media_libray\/thumb\/file59730_log.jpg?bwg=1755598876\"                 data-width=\"500.00\"                 data-height=\"375.00\"                 alt=\"La Farola de M\u00e1laga al atardecer. \"                 title=\"La Farola de M\u00e1laga al atardecer. \" \/>                      <\/div>        <\/a>                <a  class=\"bwg-a bwg_lightbox bwg_lightbox_0\" href=\"https:\/\/rafaramirez.org\/blog\/wp-content\/uploads\/photo-gallery\/imported_from_media_libray\/file59736_log.jpg?bwg=1755598876\" data-image-id=\"863\" data-elementor-open-lightbox=\"no\">          <div class=\"bwg_mosaic_thumb_spun_0 bwg-item0 bwg-mosaic-thumb-span \">            <img decoding=\"async\" class=\"bwg_mosaic_thumb_0 skip-lazy bwg_img_clear bwg_img_custom \"                 id=\"863\"                 src=\"https:\/\/rafaramirez.org\/blog\/wp-content\/uploads\/photo-gallery\/imported_from_media_libray\/thumb\/file59736_log.jpg?bwg=1755598876\"                 data-src=\"https:\/\/rafaramirez.org\/blog\/wp-content\/uploads\/photo-gallery\/imported_from_media_libray\/thumb\/file59736_log.jpg?bwg=1755598876\"                 data-width=\"500.00\"                 data-height=\"375.00\"                 alt=\"Pescador en la playa de La Malagueta. \"                 title=\"Pescador en la playa de La Malagueta. \" \/>                      <\/div>        <\/a>                <a  class=\"bwg-a bwg_lightbox bwg_lightbox_0\" href=\"https:\/\/rafaramirez.org\/blog\/wp-content\/uploads\/photo-gallery\/imported_from_media_libray\/file59741_log.jpg?bwg=1755598876\" data-image-id=\"864\" data-elementor-open-lightbox=\"no\">          <div class=\"bwg_mosaic_thumb_spun_0 bwg-item0 bwg-mosaic-thumb-span \">            <img decoding=\"async\" class=\"bwg_mosaic_thumb_0 skip-lazy bwg_img_clear bwg_img_custom \"                 id=\"864\"                 src=\"https:\/\/rafaramirez.org\/blog\/wp-content\/uploads\/photo-gallery\/imported_from_media_libray\/thumb\/file59741_log.jpg?bwg=1755598876\"                 data-src=\"https:\/\/rafaramirez.org\/blog\/wp-content\/uploads\/photo-gallery\/imported_from_media_libray\/thumb\/file59741_log.jpg?bwg=1755598876\"                 data-width=\"500.00\"                 data-height=\"375.00\"                 alt=\"Vista de la ciudad desde la playa de La Malagueta. \"                 title=\"Vista de la ciudad desde la playa de La Malagueta. \" \/>                      <\/div>        <\/a>                <a  class=\"bwg-a bwg_lightbox bwg_lightbox_0\" href=\"https:\/\/rafaramirez.org\/blog\/wp-content\/uploads\/photo-gallery\/imported_from_media_libray\/file59752_log.jpg?bwg=1755598876\" data-image-id=\"865\" data-elementor-open-lightbox=\"no\">          <div class=\"bwg_mosaic_thumb_spun_0 bwg-item0 bwg-mosaic-thumb-span \">            <img decoding=\"async\" class=\"bwg_mosaic_thumb_0 skip-lazy bwg_img_clear bwg_img_custom \"                 id=\"865\"                 src=\"https:\/\/rafaramirez.org\/blog\/wp-content\/uploads\/photo-gallery\/imported_from_media_libray\/thumb\/file59752_log.jpg?bwg=1755598876\"                 data-src=\"https:\/\/rafaramirez.org\/blog\/wp-content\/uploads\/photo-gallery\/imported_from_media_libray\/thumb\/file59752_log.jpg?bwg=1755598876\"                 data-width=\"375.00\"                 data-height=\"500.00\"                 alt=\"La Farola de M\u00e1laga al atardecer. \"                 title=\"La Farola de M\u00e1laga al atardecer. \" \/>                      <\/div>        <\/a>                <a  class=\"bwg-a bwg_lightbox bwg_lightbox_0\" href=\"https:\/\/rafaramirez.org\/blog\/wp-content\/uploads\/photo-gallery\/imported_from_media_libray\/file59763_log.jpg?bwg=1755598876\" data-image-id=\"866\" data-elementor-open-lightbox=\"no\">          <div class=\"bwg_mosaic_thumb_spun_0 bwg-item0 bwg-mosaic-thumb-span \">            <img decoding=\"async\" class=\"bwg_mosaic_thumb_0 skip-lazy bwg_img_clear bwg_img_custom \"                 id=\"866\"                 src=\"https:\/\/rafaramirez.org\/blog\/wp-content\/uploads\/photo-gallery\/imported_from_media_libray\/thumb\/file59763_log.jpg?bwg=1755598876\"                 data-src=\"https:\/\/rafaramirez.org\/blog\/wp-content\/uploads\/photo-gallery\/imported_from_media_libray\/thumb\/file59763_log.jpg?bwg=1755598876\"                 data-width=\"500.00\"                 data-height=\"375.00\"                 alt=\"Vista nocturna de la ciudad desde la playa de La Malagueta. \"                 title=\"Vista nocturna de la ciudad desde la playa de La Malagueta. \" \/>                      <\/div>        <\/a>                <a  class=\"bwg-a bwg_lightbox bwg_lightbox_0\" href=\"https:\/\/rafaramirez.org\/blog\/wp-content\/uploads\/photo-gallery\/imported_from_media_libray\/file59770_log.jpg?bwg=1755598876\" data-image-id=\"867\" data-elementor-open-lightbox=\"no\">          <div class=\"bwg_mosaic_thumb_spun_0 bwg-item0 bwg-mosaic-thumb-span \">            <img decoding=\"async\" class=\"bwg_mosaic_thumb_0 skip-lazy bwg_img_clear bwg_img_custom \"                 id=\"867\"                 src=\"https:\/\/rafaramirez.org\/blog\/wp-content\/uploads\/photo-gallery\/imported_from_media_libray\/thumb\/file59770_log.jpg?bwg=1755598876\"                 data-src=\"https:\/\/rafaramirez.org\/blog\/wp-content\/uploads\/photo-gallery\/imported_from_media_libray\/thumb\/file59770_log.jpg?bwg=1755598876\"                 data-width=\"500.00\"                 data-height=\"375.00\"                 alt=\"Edificios del Paseo Mar\u00edtimo de M\u00e1laga. \"                 title=\"Edificios del Paseo Mar\u00edtimo de M\u00e1laga. \" \/>                      <\/div>        <\/a>                <a  class=\"bwg-a bwg_lightbox bwg_lightbox_0\" href=\"https:\/\/rafaramirez.org\/blog\/wp-content\/uploads\/photo-gallery\/imported_from_media_libray\/file59780_log.jpg?bwg=1755598876\" data-image-id=\"868\" data-elementor-open-lightbox=\"no\">          <div class=\"bwg_mosaic_thumb_spun_0 bwg-item0 bwg-mosaic-thumb-span \">            <img decoding=\"async\" class=\"bwg_mosaic_thumb_0 skip-lazy bwg_img_clear bwg_img_custom \"                 id=\"868\"                 src=\"https:\/\/rafaramirez.org\/blog\/wp-content\/uploads\/photo-gallery\/imported_from_media_libray\/thumb\/file59780_log.jpg?bwg=1755598876\"                 data-src=\"https:\/\/rafaramirez.org\/blog\/wp-content\/uploads\/photo-gallery\/imported_from_media_libray\/thumb\/file59780_log.jpg?bwg=1755598876\"                 data-width=\"500.00\"                 data-height=\"375.00\"                 alt=\"Palmeras de la playa de La Malagueta al anochecer. \"                 title=\"Palmeras de la playa de La Malagueta al anochecer. \" \/>                      <\/div>        <\/a>                <a  class=\"bwg-a bwg_lightbox bwg_lightbox_0\" href=\"https:\/\/rafaramirez.org\/blog\/wp-content\/uploads\/photo-gallery\/imported_from_media_libray\/file59788_log.jpg?bwg=1755598876\" data-image-id=\"869\" data-elementor-open-lightbox=\"no\">          <div class=\"bwg_mosaic_thumb_spun_0 bwg-item0 bwg-mosaic-thumb-span \">            <img decoding=\"async\" class=\"bwg_mosaic_thumb_0 skip-lazy bwg_img_clear bwg_img_custom \"                 id=\"869\"                 src=\"https:\/\/rafaramirez.org\/blog\/wp-content\/uploads\/photo-gallery\/imported_from_media_libray\/thumb\/file59788_log.jpg?bwg=1755598876\"                 data-src=\"https:\/\/rafaramirez.org\/blog\/wp-content\/uploads\/photo-gallery\/imported_from_media_libray\/thumb\/file59788_log.jpg?bwg=1755598876\"                 data-width=\"500.00\"                 data-height=\"375.00\"                 alt=\"Palmeras de la playa de La Malagueta al anochecer. \"                 title=\"Palmeras de la playa de La Malagueta al anochecer. \" \/>                      <\/div>        <\/a>            <\/div>    <\/div>    <style>      \/*pagination styles*\/      #bwg_container1_0 #bwg_container2_0 .tablenav-pages_0 {\t\t\t\ttext-align: center;\t\t\t\tfont-size: 12px;\t\t\t\tfont-family: Ubuntu;\t\t\t\tfont-weight: bold;\t\t\t\tcolor: #666666;\t\t\t\tmargin: 6px 0 4px;\t\t\t\tdisplay: block;      }      @media only screen and (max-width : 320px) {      #bwg_container1_0 #bwg_container2_0 .displaying-num_0 {     \t display: none;      }      }      #bwg_container1_0 #bwg_container2_0 .displaying-num_0 {\t\t\t\tfont-size: 12px;\t\t\t\tfont-family: Ubuntu;\t\t\t\tfont-weight: bold;\t\t\t\tcolor: #666666;\t\t\t\tmargin-right: 10px;\t\t\t\tvertical-align: middle;      }      #bwg_container1_0 #bwg_container2_0 .paging-input_0 {\t\t\t\tfont-size: 12px;\t\t\t\tfont-family: Ubuntu;\t\t\t\tfont-weight: bold;\t\t\t\tcolor: #666666;\t\t\t\tvertical-align: middle;      }      #bwg_container1_0 #bwg_container2_0 .tablenav-pages_0 a.disabled,      #bwg_container1_0 #bwg_container2_0 .tablenav-pages_0 a.disabled:hover,      #bwg_container1_0 #bwg_container2_0 .tablenav-pages_0 a.disabled:focus,\t\t\t#bwg_container1_0 #bwg_container2_0 .tablenav-pages_0 input.bwg_current_page {\t\t\t\tcursor: default;\t\t\t\tcolor: rgba(102, 102, 102, 0.5);      }      #bwg_container1_0 #bwg_container2_0 .tablenav-pages_0 a,      #bwg_container1_0 #bwg_container2_0 .tablenav-pages_0 input.bwg_current_page {\t\t\t\tcursor: pointer;\t\t\t\ttext-align: center;\t\t\t\tfont-size: 12px;\t\t\t\tfont-family: Ubuntu;\t\t\t\tfont-weight: bold;\t\t\t\tcolor: #666666;\t\t\t\ttext-decoration: none;\t\t\t\tpadding: 3px 6px;\t\t\t\tmargin: 0;\t\t\t\tborder-radius: 0;\t\t\t\tborder-style: solid;\t\t\t\tborder-width: 1px;\t\t\t\tborder-color: #E3E3E3;\t\t\t\t\t\t\t\tbackground-color: rgba(255, 255, 255, 1.00);\t\t\t\tbox-shadow: 0;\t\t\t\ttransition: all 0.3s ease 0s;-webkit-transition: all 0.3s ease 0s;      }      <\/style>      <span class=\"bwg_nav_cont_0\">              <div class=\"tablenav-pages_0\">                  <\/div>                <input type=\"hidden\" id=\"page_number_0\" name=\"page_number_0\" value=\"1\" \/>      <script type=\"text\/javascript\">        if( jQuery('.bwg_nav_cont_0').length > 1 ) {          jQuery('.bwg_nav_cont_0').first().remove()        }        function spider_page_0(cur, x, y, load_more) {          if (typeof load_more == \"undefined\") {            var load_more = false;          }          if (jQuery(cur).hasClass('disabled')) {            return false;          }          var items_county_0 = 1;          switch (y) {            case 1:              if (x >= items_county_0) {                document.getElementById('page_number_0').value = items_county_0;              }              else {                document.getElementById('page_number_0').value = x + 1;              }              break;            case 2:              document.getElementById('page_number_0').value = items_county_0;              break;            case -1:              if (x == 1) {                document.getElementById('page_number_0').value = 1;              }              else {                document.getElementById('page_number_0').value = x - 1;              }              break;            case -2:              document.getElementById('page_number_0').value = 1;              break;\t\t\t\t\t\tcase 0:              document.getElementById('page_number_0').value = x;              break;            default:              document.getElementById('page_number_0').value = 1;          }          bwg_ajax('gal_front_form_0', '0', 'bwg_thumbnails_mosaic_0', '0', '', 'gallery', 0, '', '', load_more, '', 1);        }                    jQuery('.first-page-0').on('click', function () {              spider_page_0(this, 1, -2, 'numeric');              return false;            });            jQuery('.prev-page-0').on('click', function () {              spider_page_0(this, 1, -1, 'numeric');              return false;            });            jQuery('.next-page-0').on('click', function () {              spider_page_0(this, 1, 1, 'numeric');              return false;            });            jQuery('.last-page-0').on('click', function () {              spider_page_0(this, 1, 2, 'numeric');              return false;            });        \t\t\t\t\/* Change page on input enter. *\/        function bwg_change_page_0( e, that ) {          if (  e.key == 'Enter' ) {            var to_page = parseInt(jQuery(that).val());            var pages_count = jQuery(that).parents(\".pagination-links\").data(\"pages-count\");            var current_url_param = jQuery(that).attr('data-url-info');            if (to_page > pages_count) {              to_page = 1;            }\t \t\t\t\t\t\t\t\t\t\t\t\tspider_page_0(this, to_page, 0, 'numeric');\t\t\t\t\t\t\treturn false;\t\t\t\t\t\t          }          return true;        }        jQuery('.bwg_load_btn_0').on('click', function () {            spider_page_0(this, 1, 1, true);            return false;        });      <\/script>      <\/span>                <\/div>        <\/form>        <style>          #bwg_container1_0 #bwg_container2_0 #spider_popup_overlay_0 {          background-color: #EEEEEE;          opacity: 0.60;          }          <\/style>        <div id=\"bwg_spider_popup_loading_0\" class=\"bwg_spider_popup_loading\"><\/div>        <div id=\"spider_popup_overlay_0\" class=\"spider_popup_overlay\" onclick=\"spider_destroypopup(1000)\"><\/div>        <input type=\"hidden\" id=\"bwg_random_seed_0\" value=\"100760252\">                <\/div>    <\/div>    <script>      if (document.readyState === 'complete') {        if( typeof bwg_main_ready == 'function' ) {          if ( jQuery(\"#bwg_container1_0\").height() ) {            bwg_main_ready(jQuery(\"#bwg_container1_0\"));          }        }      } else {        document.addEventListener('DOMContentLoaded', function() {          if( typeof bwg_main_ready == 'function' ) {            if ( jQuery(\"#bwg_container1_0\").height() ) {             bwg_main_ready(jQuery(\"#bwg_container1_0\"));            }          }        });      }    <\/script>    \n<p>M\u00e1s informaci\u00f3n:<\/p>\n<ul>\n<li><a href=\"https:\/\/rafaramirez.org\/blog\/index.php\/category\/arte\/fotografia\/\" target=\"_blank\" rel=\"noopener\">Otras fotograf\u00edas en el blog<\/a>.<\/li>\n<li><a href=\"https:\/\/es.pinterest.com\/Ramirez_Rafa\/\" target=\"_blank\" rel=\"noopener\">En Pinterest<\/a>.<\/li>\n<\/ul>\n","protected":false},"excerpt":{"rendered":"<p>Cuando el sol comienza su ritual de despedida tras el Mediterr\u00e1neo, M\u00e1laga se ti\u00f1e de fuego y oro. En esta serie de im\u00e1genes captadas por Rafael Ram\u00edrez en 2009, la ciudad se presenta como una sinfon\u00eda de luces y sombras, un poema visual en el que cada encuadre es un verso dedicado al crep\u00fasculo. Bajo [&hellip;]<\/p>\n","protected":false},"author":3,"featured_media":10254,"comment_status":"open","ping_status":"closed","sticky":false,"template":"","format":"standard","meta":{"site-container-style":"default","site-container-layout":"default","site-sidebar-layout":"default","disable-article-header":"default","disable-site-header":"default","disable-site-footer":"default","disable-content-area-spacing":"default","_jetpack_newsletter_access":"","_jetpack_dont_email_post_to_subs":false,"_jetpack_newsletter_tier_id":0,"_jetpack_memberships_contains_paywalled_content":false,"_jetpack_feature_clip_id":0,"_jetpack_memberships_contains_paid_content":false,"footnotes":"","jetpack_publicize_message":"","jetpack_publicize_feature_enabled":true,"jetpack_social_post_already_shared":true,"jetpack_social_options":{"image_generator_settings":{"template":"highway","default_image_id":0,"font":"","enabled":false},"version":2},"jetpack_post_was_ever_published":false},"categories":[3],"tags":[4466,4273,771,4427,4465,198,4467,2104],"class_list":["post-10253","post","type-post","status-publish","format-standard","has-post-thumbnail","hentry","category-fotografia","tag-fotografias-de-la-malagueta","tag-fotografias-de-malaga","tag-fotografias-de-rafael-ramirez","tag-fotos-de-2009","tag-fotos-de-la-farola","tag-fotos-de-malaga","tag-paseo-maritimo","tag-playa"],"yoast_head":"<!-- This site is optimized with the Yoast SEO plugin v28.4 - https:\/\/yoast.com\/product\/yoast-seo-wordpress\/ -->\n<title>Atardeceres Imborrables: M\u00e1laga en 2009 a trav\u00e9s del lente de Rafael Ram\u00edrez. - Blog de Rafael Ram\u00edrez<\/title>\n<meta name=\"description\" content=\"Cuando el sol comienza su ritual de despedida tras el Mediterr\u00e1neo, M\u00e1laga se ti\u00f1e de fuego y oro. En esta serie de im\u00e1genes captadas por...\" \/>\n<meta name=\"robots\" content=\"index, follow, max-snippet:-1, max-image-preview:large, max-video-preview:-1\" \/>\n<link rel=\"canonical\" href=\"https:\/\/rafaramirez.org\/blog\/index.php\/2025\/09\/01\/atardecer-en-malaga-2009-fotografias-de-rafael-ramirez\/\" \/>\n<meta property=\"og:locale\" content=\"es_ES\" \/>\n<meta property=\"og:type\" content=\"article\" \/>\n<meta property=\"og:title\" content=\"Atardeceres Imborrables: M\u00e1laga en 2009 a trav\u00e9s del lente de Rafael Ram\u00edrez. - Blog de Rafael Ram\u00edrez\" \/>\n<meta property=\"og:description\" content=\"Cuando el sol comienza su ritual de despedida tras el Mediterr\u00e1neo, M\u00e1laga se ti\u00f1e de fuego y oro. En esta serie de im\u00e1genes captadas por...\" \/>\n<meta property=\"og:url\" content=\"https:\/\/rafaramirez.org\/blog\/index.php\/2025\/09\/01\/atardecer-en-malaga-2009-fotografias-de-rafael-ramirez\/\" \/>\n<meta property=\"og:site_name\" content=\"Blog de Rafael Ram\u00edrez\" \/>\n<meta property=\"article:published_time\" content=\"2025-09-01T06:00:26+00:00\" \/>\n<meta property=\"article:modified_time\" content=\"2025-09-01T10:29:51+00:00\" \/>\n<meta property=\"og:image\" content=\"https:\/\/rafaramirez.org\/blog\/wp-content\/uploads\/2025\/08\/Atardecer-en-Malaga-2009_bannerlog.jpg\" \/>\n\t<meta property=\"og:image:width\" content=\"720\" \/>\n\t<meta property=\"og:image:height\" content=\"440\" \/>\n\t<meta property=\"og:image:type\" content=\"image\/jpeg\" \/>\n<meta name=\"author\" content=\"Documentaci\u00f3n e investigaci\u00f3n\" \/>\n<meta name=\"twitter:card\" content=\"summary_large_image\" \/>\n<meta name=\"twitter:site\" content=\"@rafaramirez_ok\" \/>\n<meta name=\"twitter:label1\" content=\"Escrito por\" \/>\n\t<meta name=\"twitter:data1\" content=\"Documentaci\u00f3n e investigaci\u00f3n\" \/>\n\t<meta name=\"twitter:label2\" content=\"Tiempo de lectura\" \/>\n\t<meta name=\"twitter:data2\" content=\"3 minutos\" \/>\n<script type=\"application\/ld+json\" class=\"yoast-schema-graph\">{\"@context\":\"https:\\\/\\\/schema.org\",\"@graph\":[{\"@type\":\"Article\",\"@id\":\"https:\\\/\\\/rafaramirez.org\\\/blog\\\/index.php\\\/2025\\\/09\\\/01\\\/atardecer-en-malaga-2009-fotografias-de-rafael-ramirez\\\/#article\",\"isPartOf\":{\"@id\":\"https:\\\/\\\/rafaramirez.org\\\/blog\\\/index.php\\\/2025\\\/09\\\/01\\\/atardecer-en-malaga-2009-fotografias-de-rafael-ramirez\\\/\"},\"author\":{\"name\":\"Documentaci\u00f3n e investigaci\u00f3n\",\"@id\":\"https:\\\/\\\/rafaramirez.org\\\/blog\\\/#\\\/schema\\\/person\\\/8debd05b3d9a1d16fb21af726811617d\"},\"headline\":\"Atardeceres Imborrables: M\u00e1laga en 2009 a trav\u00e9s del lente de Rafael Ram\u00edrez.\",\"datePublished\":\"2025-09-01T06:00:26+00:00\",\"dateModified\":\"2025-09-01T10:29:51+00:00\",\"mainEntityOfPage\":{\"@id\":\"https:\\\/\\\/rafaramirez.org\\\/blog\\\/index.php\\\/2025\\\/09\\\/01\\\/atardecer-en-malaga-2009-fotografias-de-rafael-ramirez\\\/\"},\"wordCount\":388,\"commentCount\":0,\"publisher\":{\"@id\":\"https:\\\/\\\/rafaramirez.org\\\/blog\\\/#\\\/schema\\\/person\\\/50f43b6d60c578760d4c17bda54ab6a5\"},\"image\":{\"@id\":\"https:\\\/\\\/rafaramirez.org\\\/blog\\\/index.php\\\/2025\\\/09\\\/01\\\/atardecer-en-malaga-2009-fotografias-de-rafael-ramirez\\\/#primaryimage\"},\"thumbnailUrl\":\"https:\\\/\\\/rafaramirez.org\\\/blog\\\/wp-content\\\/uploads\\\/2025\\\/08\\\/Atardecer-en-Malaga-2009_bannerlog.jpg\",\"keywords\":[\"fotograf\u00edas de La Malagueta\",\"fotograf\u00edas de M\u00e1laga\",\"fotograf\u00edas de Rafael Ram\u00edrez\",\"fotos de 2009\",\"fotos de La Farola\",\"fotos de m\u00e1laga\",\"paseo mar\u00edtimo\",\"playa\"],\"articleSection\":[\"Fotograf\u00eda &amp; Arte digital\"],\"inLanguage\":\"es\",\"potentialAction\":[{\"@type\":\"CommentAction\",\"name\":\"Comment\",\"target\":[\"https:\\\/\\\/rafaramirez.org\\\/blog\\\/index.php\\\/2025\\\/09\\\/01\\\/atardecer-en-malaga-2009-fotografias-de-rafael-ramirez\\\/#respond\"]}]},{\"@type\":\"WebPage\",\"@id\":\"https:\\\/\\\/rafaramirez.org\\\/blog\\\/index.php\\\/2025\\\/09\\\/01\\\/atardecer-en-malaga-2009-fotografias-de-rafael-ramirez\\\/\",\"url\":\"https:\\\/\\\/rafaramirez.org\\\/blog\\\/index.php\\\/2025\\\/09\\\/01\\\/atardecer-en-malaga-2009-fotografias-de-rafael-ramirez\\\/\",\"name\":\"Atardeceres Imborrables: M\u00e1laga en 2009 a trav\u00e9s del lente de Rafael Ram\u00edrez. - Blog de Rafael Ram\u00edrez\",\"isPartOf\":{\"@id\":\"https:\\\/\\\/rafaramirez.org\\\/blog\\\/#website\"},\"primaryImageOfPage\":{\"@id\":\"https:\\\/\\\/rafaramirez.org\\\/blog\\\/index.php\\\/2025\\\/09\\\/01\\\/atardecer-en-malaga-2009-fotografias-de-rafael-ramirez\\\/#primaryimage\"},\"image\":{\"@id\":\"https:\\\/\\\/rafaramirez.org\\\/blog\\\/index.php\\\/2025\\\/09\\\/01\\\/atardecer-en-malaga-2009-fotografias-de-rafael-ramirez\\\/#primaryimage\"},\"thumbnailUrl\":\"https:\\\/\\\/rafaramirez.org\\\/blog\\\/wp-content\\\/uploads\\\/2025\\\/08\\\/Atardecer-en-Malaga-2009_bannerlog.jpg\",\"datePublished\":\"2025-09-01T06:00:26+00:00\",\"dateModified\":\"2025-09-01T10:29:51+00:00\",\"description\":\"Cuando el sol comienza su ritual de despedida tras el Mediterr\u00e1neo, M\u00e1laga se ti\u00f1e de fuego y oro. En esta serie de im\u00e1genes captadas por...\",\"breadcrumb\":{\"@id\":\"https:\\\/\\\/rafaramirez.org\\\/blog\\\/index.php\\\/2025\\\/09\\\/01\\\/atardecer-en-malaga-2009-fotografias-de-rafael-ramirez\\\/#breadcrumb\"},\"inLanguage\":\"es\",\"potentialAction\":[{\"@type\":\"ReadAction\",\"target\":[\"https:\\\/\\\/rafaramirez.org\\\/blog\\\/index.php\\\/2025\\\/09\\\/01\\\/atardecer-en-malaga-2009-fotografias-de-rafael-ramirez\\\/\"]}]},{\"@type\":\"ImageObject\",\"inLanguage\":\"es\",\"@id\":\"https:\\\/\\\/rafaramirez.org\\\/blog\\\/index.php\\\/2025\\\/09\\\/01\\\/atardecer-en-malaga-2009-fotografias-de-rafael-ramirez\\\/#primaryimage\",\"url\":\"https:\\\/\\\/rafaramirez.org\\\/blog\\\/wp-content\\\/uploads\\\/2025\\\/08\\\/Atardecer-en-Malaga-2009_bannerlog.jpg\",\"contentUrl\":\"https:\\\/\\\/rafaramirez.org\\\/blog\\\/wp-content\\\/uploads\\\/2025\\\/08\\\/Atardecer-en-Malaga-2009_bannerlog.jpg\",\"width\":720,\"height\":440,\"caption\":\"Atardecer en M\u00e1laga 2009. Fotograf\u00edas de Rafael Ram\u00edrez.\"},{\"@type\":\"BreadcrumbList\",\"@id\":\"https:\\\/\\\/rafaramirez.org\\\/blog\\\/index.php\\\/2025\\\/09\\\/01\\\/atardecer-en-malaga-2009-fotografias-de-rafael-ramirez\\\/#breadcrumb\",\"itemListElement\":[{\"@type\":\"ListItem\",\"position\":1,\"name\":\"Portada\",\"item\":\"https:\\\/\\\/rafaramirez.org\\\/blog\\\/\"},{\"@type\":\"ListItem\",\"position\":2,\"name\":\"Atardeceres Imborrables: M\u00e1laga en 2009 a trav\u00e9s del lente de Rafael Ram\u00edrez.\"}]},{\"@type\":\"WebSite\",\"@id\":\"https:\\\/\\\/rafaramirez.org\\\/blog\\\/#website\",\"url\":\"https:\\\/\\\/rafaramirez.org\\\/blog\\\/\",\"name\":\"Blog de Rafael Ram\u00edrez\",\"description\":\"Un sitio social, de arte y cultura\",\"publisher\":{\"@id\":\"https:\\\/\\\/rafaramirez.org\\\/blog\\\/#\\\/schema\\\/person\\\/50f43b6d60c578760d4c17bda54ab6a5\"},\"potentialAction\":[{\"@type\":\"SearchAction\",\"target\":{\"@type\":\"EntryPoint\",\"urlTemplate\":\"https:\\\/\\\/rafaramirez.org\\\/blog\\\/?s={search_term_string}\"},\"query-input\":{\"@type\":\"PropertyValueSpecification\",\"valueRequired\":true,\"valueName\":\"search_term_string\"}}],\"inLanguage\":\"es\"},{\"@type\":[\"Person\",\"Organization\"],\"@id\":\"https:\\\/\\\/rafaramirez.org\\\/blog\\\/#\\\/schema\\\/person\\\/50f43b6d60c578760d4c17bda54ab6a5\",\"name\":\"Rafael Ram\u00edrez\",\"image\":{\"@type\":\"ImageObject\",\"inLanguage\":\"es\",\"@id\":\"https:\\\/\\\/rafaramirez.org\\\/blog\\\/wp-content\\\/uploads\\\/2024\\\/09\\\/RR_socialnetwork.jpg\",\"url\":\"https:\\\/\\\/rafaramirez.org\\\/blog\\\/wp-content\\\/uploads\\\/2024\\\/09\\\/RR_socialnetwork.jpg\",\"contentUrl\":\"https:\\\/\\\/rafaramirez.org\\\/blog\\\/wp-content\\\/uploads\\\/2024\\\/09\\\/RR_socialnetwork.jpg\",\"width\":600,\"height\":606,\"caption\":\"Rafael Ram\u00edrez\"},\"logo\":{\"@id\":\"https:\\\/\\\/rafaramirez.org\\\/blog\\\/wp-content\\\/uploads\\\/2024\\\/09\\\/RR_socialnetwork.jpg\"},\"sameAs\":[\"https:\\\/\\\/www.rafaramirez.org\\\/blog\",\"https:\\\/\\\/www.instagram.com\\\/rafaramirez_ok\\\/\",\"https:\\\/\\\/es.pinterest.com\\\/Ramirez_Rafa\\\/\",\"https:\\\/\\\/x.com\\\/rafaramirez_ok\"]},{\"@type\":\"Person\",\"@id\":\"https:\\\/\\\/rafaramirez.org\\\/blog\\\/#\\\/schema\\\/person\\\/8debd05b3d9a1d16fb21af726811617d\",\"name\":\"Documentaci\u00f3n e investigaci\u00f3n\",\"image\":{\"@type\":\"ImageObject\",\"inLanguage\":\"es\",\"@id\":\"https:\\\/\\\/secure.gravatar.com\\\/avatar\\\/fe70e496579a39c7a8fc4982b89275403b1092eb200623138a32daada9416911?s=96&d=mm&r=g\",\"url\":\"https:\\\/\\\/secure.gravatar.com\\\/avatar\\\/fe70e496579a39c7a8fc4982b89275403b1092eb200623138a32daada9416911?s=96&d=mm&r=g\",\"contentUrl\":\"https:\\\/\\\/secure.gravatar.com\\\/avatar\\\/fe70e496579a39c7a8fc4982b89275403b1092eb200623138a32daada9416911?s=96&d=mm&r=g\",\"caption\":\"Documentaci\u00f3n e investigaci\u00f3n\"},\"url\":\"https:\\\/\\\/rafaramirez.org\\\/blog\\\/index.php\\\/author\\\/admin\\\/\"}]}<\/script>\n<!-- \/ Yoast SEO plugin. -->","yoast_head_json":{"title":"Atardeceres Imborrables: M\u00e1laga en 2009 a trav\u00e9s del lente de Rafael Ram\u00edrez. - Blog de Rafael Ram\u00edrez","description":"Cuando el sol comienza su ritual de despedida tras el Mediterr\u00e1neo, M\u00e1laga se ti\u00f1e de fuego y oro. En esta serie de im\u00e1genes captadas por...","robots":{"index":"index","follow":"follow","max-snippet":"max-snippet:-1","max-image-preview":"max-image-preview:large","max-video-preview":"max-video-preview:-1"},"canonical":"https:\/\/rafaramirez.org\/blog\/index.php\/2025\/09\/01\/atardecer-en-malaga-2009-fotografias-de-rafael-ramirez\/","og_locale":"es_ES","og_type":"article","og_title":"Atardeceres Imborrables: M\u00e1laga en 2009 a trav\u00e9s del lente de Rafael Ram\u00edrez. - Blog de Rafael Ram\u00edrez","og_description":"Cuando el sol comienza su ritual de despedida tras el Mediterr\u00e1neo, M\u00e1laga se ti\u00f1e de fuego y oro. En esta serie de im\u00e1genes captadas por...","og_url":"https:\/\/rafaramirez.org\/blog\/index.php\/2025\/09\/01\/atardecer-en-malaga-2009-fotografias-de-rafael-ramirez\/","og_site_name":"Blog de Rafael Ram\u00edrez","article_published_time":"2025-09-01T06:00:26+00:00","article_modified_time":"2025-09-01T10:29:51+00:00","og_image":[{"width":720,"height":440,"url":"https:\/\/rafaramirez.org\/blog\/wp-content\/uploads\/2025\/08\/Atardecer-en-Malaga-2009_bannerlog.jpg","type":"image\/jpeg"}],"author":"Documentaci\u00f3n e investigaci\u00f3n","twitter_card":"summary_large_image","twitter_site":"@rafaramirez_ok","twitter_misc":{"Escrito por":"Documentaci\u00f3n e investigaci\u00f3n","Tiempo de lectura":"3 minutos"},"schema":{"@context":"https:\/\/schema.org","@graph":[{"@type":"Article","@id":"https:\/\/rafaramirez.org\/blog\/index.php\/2025\/09\/01\/atardecer-en-malaga-2009-fotografias-de-rafael-ramirez\/#article","isPartOf":{"@id":"https:\/\/rafaramirez.org\/blog\/index.php\/2025\/09\/01\/atardecer-en-malaga-2009-fotografias-de-rafael-ramirez\/"},"author":{"name":"Documentaci\u00f3n e investigaci\u00f3n","@id":"https:\/\/rafaramirez.org\/blog\/#\/schema\/person\/8debd05b3d9a1d16fb21af726811617d"},"headline":"Atardeceres Imborrables: M\u00e1laga en 2009 a trav\u00e9s del lente de Rafael Ram\u00edrez.","datePublished":"2025-09-01T06:00:26+00:00","dateModified":"2025-09-01T10:29:51+00:00","mainEntityOfPage":{"@id":"https:\/\/rafaramirez.org\/blog\/index.php\/2025\/09\/01\/atardecer-en-malaga-2009-fotografias-de-rafael-ramirez\/"},"wordCount":388,"commentCount":0,"publisher":{"@id":"https:\/\/rafaramirez.org\/blog\/#\/schema\/person\/50f43b6d60c578760d4c17bda54ab6a5"},"image":{"@id":"https:\/\/rafaramirez.org\/blog\/index.php\/2025\/09\/01\/atardecer-en-malaga-2009-fotografias-de-rafael-ramirez\/#primaryimage"},"thumbnailUrl":"https:\/\/rafaramirez.org\/blog\/wp-content\/uploads\/2025\/08\/Atardecer-en-Malaga-2009_bannerlog.jpg","keywords":["fotograf\u00edas de La Malagueta","fotograf\u00edas de M\u00e1laga","fotograf\u00edas de Rafael Ram\u00edrez","fotos de 2009","fotos de La Farola","fotos de m\u00e1laga","paseo mar\u00edtimo","playa"],"articleSection":["Fotograf\u00eda &amp; Arte digital"],"inLanguage":"es","potentialAction":[{"@type":"CommentAction","name":"Comment","target":["https:\/\/rafaramirez.org\/blog\/index.php\/2025\/09\/01\/atardecer-en-malaga-2009-fotografias-de-rafael-ramirez\/#respond"]}]},{"@type":"WebPage","@id":"https:\/\/rafaramirez.org\/blog\/index.php\/2025\/09\/01\/atardecer-en-malaga-2009-fotografias-de-rafael-ramirez\/","url":"https:\/\/rafaramirez.org\/blog\/index.php\/2025\/09\/01\/atardecer-en-malaga-2009-fotografias-de-rafael-ramirez\/","name":"Atardeceres Imborrables: M\u00e1laga en 2009 a trav\u00e9s del lente de Rafael Ram\u00edrez. - Blog de Rafael Ram\u00edrez","isPartOf":{"@id":"https:\/\/rafaramirez.org\/blog\/#website"},"primaryImageOfPage":{"@id":"https:\/\/rafaramirez.org\/blog\/index.php\/2025\/09\/01\/atardecer-en-malaga-2009-fotografias-de-rafael-ramirez\/#primaryimage"},"image":{"@id":"https:\/\/rafaramirez.org\/blog\/index.php\/2025\/09\/01\/atardecer-en-malaga-2009-fotografias-de-rafael-ramirez\/#primaryimage"},"thumbnailUrl":"https:\/\/rafaramirez.org\/blog\/wp-content\/uploads\/2025\/08\/Atardecer-en-Malaga-2009_bannerlog.jpg","datePublished":"2025-09-01T06:00:26+00:00","dateModified":"2025-09-01T10:29:51+00:00","description":"Cuando el sol comienza su ritual de despedida tras el Mediterr\u00e1neo, M\u00e1laga se ti\u00f1e de fuego y oro. En esta serie de im\u00e1genes captadas por...","breadcrumb":{"@id":"https:\/\/rafaramirez.org\/blog\/index.php\/2025\/09\/01\/atardecer-en-malaga-2009-fotografias-de-rafael-ramirez\/#breadcrumb"},"inLanguage":"es","potentialAction":[{"@type":"ReadAction","target":["https:\/\/rafaramirez.org\/blog\/index.php\/2025\/09\/01\/atardecer-en-malaga-2009-fotografias-de-rafael-ramirez\/"]}]},{"@type":"ImageObject","inLanguage":"es","@id":"https:\/\/rafaramirez.org\/blog\/index.php\/2025\/09\/01\/atardecer-en-malaga-2009-fotografias-de-rafael-ramirez\/#primaryimage","url":"https:\/\/rafaramirez.org\/blog\/wp-content\/uploads\/2025\/08\/Atardecer-en-Malaga-2009_bannerlog.jpg","contentUrl":"https:\/\/rafaramirez.org\/blog\/wp-content\/uploads\/2025\/08\/Atardecer-en-Malaga-2009_bannerlog.jpg","width":720,"height":440,"caption":"Atardecer en M\u00e1laga 2009. Fotograf\u00edas de Rafael Ram\u00edrez."},{"@type":"BreadcrumbList","@id":"https:\/\/rafaramirez.org\/blog\/index.php\/2025\/09\/01\/atardecer-en-malaga-2009-fotografias-de-rafael-ramirez\/#breadcrumb","itemListElement":[{"@type":"ListItem","position":1,"name":"Portada","item":"https:\/\/rafaramirez.org\/blog\/"},{"@type":"ListItem","position":2,"name":"Atardeceres Imborrables: M\u00e1laga en 2009 a trav\u00e9s del lente de Rafael Ram\u00edrez."}]},{"@type":"WebSite","@id":"https:\/\/rafaramirez.org\/blog\/#website","url":"https:\/\/rafaramirez.org\/blog\/","name":"Blog de Rafael Ram\u00edrez","description":"Un sitio social, de arte y cultura","publisher":{"@id":"https:\/\/rafaramirez.org\/blog\/#\/schema\/person\/50f43b6d60c578760d4c17bda54ab6a5"},"potentialAction":[{"@type":"SearchAction","target":{"@type":"EntryPoint","urlTemplate":"https:\/\/rafaramirez.org\/blog\/?s={search_term_string}"},"query-input":{"@type":"PropertyValueSpecification","valueRequired":true,"valueName":"search_term_string"}}],"inLanguage":"es"},{"@type":["Person","Organization"],"@id":"https:\/\/rafaramirez.org\/blog\/#\/schema\/person\/50f43b6d60c578760d4c17bda54ab6a5","name":"Rafael Ram\u00edrez","image":{"@type":"ImageObject","inLanguage":"es","@id":"https:\/\/rafaramirez.org\/blog\/wp-content\/uploads\/2024\/09\/RR_socialnetwork.jpg","url":"https:\/\/rafaramirez.org\/blog\/wp-content\/uploads\/2024\/09\/RR_socialnetwork.jpg","contentUrl":"https:\/\/rafaramirez.org\/blog\/wp-content\/uploads\/2024\/09\/RR_socialnetwork.jpg","width":600,"height":606,"caption":"Rafael Ram\u00edrez"},"logo":{"@id":"https:\/\/rafaramirez.org\/blog\/wp-content\/uploads\/2024\/09\/RR_socialnetwork.jpg"},"sameAs":["https:\/\/www.rafaramirez.org\/blog","https:\/\/www.instagram.com\/rafaramirez_ok\/","https:\/\/es.pinterest.com\/Ramirez_Rafa\/","https:\/\/x.com\/rafaramirez_ok"]},{"@type":"Person","@id":"https:\/\/rafaramirez.org\/blog\/#\/schema\/person\/8debd05b3d9a1d16fb21af726811617d","name":"Documentaci\u00f3n e investigaci\u00f3n","image":{"@type":"ImageObject","inLanguage":"es","@id":"https:\/\/secure.gravatar.com\/avatar\/fe70e496579a39c7a8fc4982b89275403b1092eb200623138a32daada9416911?s=96&d=mm&r=g","url":"https:\/\/secure.gravatar.com\/avatar\/fe70e496579a39c7a8fc4982b89275403b1092eb200623138a32daada9416911?s=96&d=mm&r=g","contentUrl":"https:\/\/secure.gravatar.com\/avatar\/fe70e496579a39c7a8fc4982b89275403b1092eb200623138a32daada9416911?s=96&d=mm&r=g","caption":"Documentaci\u00f3n e investigaci\u00f3n"},"url":"https:\/\/rafaramirez.org\/blog\/index.php\/author\/admin\/"}]}},"jetpack_publicize_connections":[],"jetpack_sharing_enabled":true,"jetpack_likes_enabled":true,"jetpack_featured_media_url":"https:\/\/rafaramirez.org\/blog\/wp-content\/uploads\/2025\/08\/Atardecer-en-Malaga-2009_bannerlog.jpg","_links":{"self":[{"href":"https:\/\/rafaramirez.org\/blog\/index.php\/wp-json\/wp\/v2\/posts\/10253","targetHints":{"allow":["GET"]}}],"collection":[{"href":"https:\/\/rafaramirez.org\/blog\/index.php\/wp-json\/wp\/v2\/posts"}],"about":[{"href":"https:\/\/rafaramirez.org\/blog\/index.php\/wp-json\/wp\/v2\/types\/post"}],"author":[{"embeddable":true,"href":"https:\/\/rafaramirez.org\/blog\/index.php\/wp-json\/wp\/v2\/users\/3"}],"replies":[{"embeddable":true,"href":"https:\/\/rafaramirez.org\/blog\/index.php\/wp-json\/wp\/v2\/comments?post=10253"}],"version-history":[{"count":7,"href":"https:\/\/rafaramirez.org\/blog\/index.php\/wp-json\/wp\/v2\/posts\/10253\/revisions"}],"predecessor-version":[{"id":10368,"href":"https:\/\/rafaramirez.org\/blog\/index.php\/wp-json\/wp\/v2\/posts\/10253\/revisions\/10368"}],"wp:featuredmedia":[{"embeddable":true,"href":"https:\/\/rafaramirez.org\/blog\/index.php\/wp-json\/wp\/v2\/media\/10254"}],"wp:attachment":[{"href":"https:\/\/rafaramirez.org\/blog\/index.php\/wp-json\/wp\/v2\/media?parent=10253"}],"wp:term":[{"taxonomy":"category","embeddable":true,"href":"https:\/\/rafaramirez.org\/blog\/index.php\/wp-json\/wp\/v2\/categories?post=10253"},{"taxonomy":"post_tag","embeddable":true,"href":"https:\/\/rafaramirez.org\/blog\/index.php\/wp-json\/wp\/v2\/tags?post=10253"}],"curies":[{"name":"wp","href":"https:\/\/api.w.org\/{rel}","templated":true}]}}