{"id":10225,"date":"2025-08-29T08:00:16","date_gmt":"2025-08-29T06:00:16","guid":{"rendered":"https:\/\/rafaramirez.org\/blog\/?p=10225"},"modified":"2026-07-14T11:42:28","modified_gmt":"2026-07-14T09:42:28","slug":"wassily-kandinsky-el-arte-como-sinfonia-espiritual","status":"publish","type":"post","link":"https:\/\/rafaramirez.org\/blog\/index.php\/2025\/08\/29\/wassily-kandinsky-el-arte-como-sinfonia-espiritual\/","title":{"rendered":"Wassily Kandinsky: El arte como sinfon\u00eda espiritual."},"content":{"rendered":"<p>Wassily Kandinsky naci\u00f3 en Mosc\u00fa el 16 de diciembre de 1866 y se convirti\u00f3 en una de las figuras clave del arte abstracto. Aunque en un primer momento quiso dedicarse al Derecho, estudi\u00f3 Econom\u00eda y Legislaci\u00f3n en la Universidad de Mosc\u00fa. Sin embargo, a los treinta a\u00f1os decidi\u00f3 abandonar la vida acad\u00e9mica y entregarse por completo a la pintura, por lo que se mud\u00f3 a M\u00fanich para formarse en la escuela de Anton A\u017ebe y en la Academia de Bellas Artes de la ciudad.<\/p>\n<h3>Evoluci\u00f3n.<\/h3>\n<p>Su transici\u00f3n del <a href=\"https:\/\/rafaramirez.org\/blog\/index.php\/2025\/10\/23\/realismo-del-mito-a-la-realidad-el-arte-que-retrato-la-vida-comun\/\" target=\"_blank\" rel=\"noopener\">realismo<\/a> al color puro se vio marcada por una profunda fascinaci\u00f3n por la m\u00fasica y las culturas populares rusas. En sus primeros cuadros a\u00fan se aprecia la influencia del postimpresionismo y el fauvismo, pero pronto descubri\u00f3 que la fuerza expresiva no resid\u00eda en la representaci\u00f3n del objeto, sino en la relaci\u00f3n arm\u00f3nica entre el color y la forma. Entre 1908 y 1910, tras varios viajes por Europa y el norte de \u00c1frica, redescubri\u00f3 la naturaleza desde la s\u00edntesis y la simplificaci\u00f3n, lo que le permiti\u00f3 avanzar hacia una pintura libre de referencias figurativas.<\/p>\n<p>En 1911, junto con Franz Marc y August Macke, fund\u00f3 el grupo Der Blaue Reiter (El jinete azul), que se convirti\u00f3 en un espacio de di\u00e1logo entre la m\u00fasica, la poes\u00eda, las artes populares y la pintura. Kandinsky clasific\u00f3 sus obras en tres series: las impresiones, inspiradas directamente en la naturaleza; las improvisaciones, que buscaban plasmar sensaciones interiores, y las composiciones, fruto de una meditaci\u00f3n m\u00e1s rigurosa, aunque siempre guiada por el instinto creativo. El uso de l\u00edneas negras, formas geom\u00e9tricas y colores intensos defini\u00f3 su est\u00e9tica en esos a\u00f1os de experimentaci\u00f3n.<\/p>\n<figure id=\"attachment_10228\" aria-describedby=\"caption-attachment-10228\" style=\"width: 202px\" class=\"wp-caption aligncenter\"><a href=\"https:\/\/rafaramirez.org\/blog\/wp-content\/uploads\/2025\/08\/Wassily-Kandinsky_portrait_color_ok.jpg\" target=\"_blank\" rel=\"noopener\"><img loading=\"lazy\" decoding=\"async\" class=\"wp-image-10228 size-medium\" src=\"https:\/\/rafaramirez.org\/blog\/wp-content\/uploads\/2025\/08\/Wassily-Kandinsky_portrait_color_ok-202x300.jpg\" alt=\"Retrato del pintor Wassily Kandinsky. Blog de Rafael Ram\u00edrez. \" width=\"202\" height=\"300\" srcset=\"https:\/\/rafaramirez.org\/blog\/wp-content\/uploads\/2025\/08\/Wassily-Kandinsky_portrait_color_ok-202x300.jpg 202w, https:\/\/rafaramirez.org\/blog\/wp-content\/uploads\/2025\/08\/Wassily-Kandinsky_portrait_color_ok.jpg 607w\" sizes=\"auto, (max-width: 202px) 100vw, 202px\" \/><\/a><figcaption id=\"caption-attachment-10228\" class=\"wp-caption-text\">Retrato del pintor Wassily Kandinsky. Blog de Rafael Ram\u00edrez.<\/figcaption><\/figure>\n<h3>La Guerra Mundial.<\/h3>\n<p>Con el estallido de la Primera Guerra Mundial, regres\u00f3 a Rusia, donde particip\u00f3 en la reorganizaci\u00f3n cultural del nuevo r\u00e9gimen sovi\u00e9tico y ayud\u00f3 a fundar el Museo de la Cultura de la Pintura. Sin embargo, su \u00abperspectiva espiritual\u00bb chocaba con el materialismo imperante, por lo que en 1922 regres\u00f3 a Alemania para incorporarse como profesor a la Bauhaus de Weimar. All\u00ed imparti\u00f3 su visi\u00f3n del arte como manifestaci\u00f3n del \u00abalma\u00bb y foment\u00f3 la interdisciplinariedad entre pintura, arquitectura y dise\u00f1o industrial.<\/p>\n<p>Obras como Composici\u00f3n VII o Amarillo-Rojo-Azul reflejan la madurez de un lenguaje pict\u00f3rico que, pese a su aparente rigidez geom\u00e9trica, busca resonar en el espectador como una pieza musical. En sus escritos, sobre todo en De lo espiritual en el arte (1910), ahond\u00f3 en la teor\u00eda de los colores como veh\u00edculos de emociones, estableciendo puentes con las investigaciones de Arnold Sch\u00f6nberg en m\u00fasica y allanando el camino para movimientos posteriores como el expresionismo abstracto o el neoplasticismo.<\/p>\n<p>Tras el cierre de la Bauhaus por los nazis, se instal\u00f3 en Francia en 1933, donde vivi\u00f3 hasta su muerte el 13 de diciembre de 1944. Durante esos \u00faltimos a\u00f1os, continu\u00f3 pintando con una libertad cada vez mayor y su obra pas\u00f3 a simbolizar la posibilidad de elevar la creaci\u00f3n visual a experiencias espirituales universales, m\u00e1s all\u00e1 de la representaci\u00f3n mim\u00e9tica de la realidad.<\/p>\n<p>La obra de Kandinsky sigue viva en galer\u00edas de todo el mundo. Su apuesta por una pintura esencial, nacida de la intuici\u00f3n y el color, sent\u00f3 las bases del arte abstracto y demostr\u00f3 que la pintura puede ser un lenguaje aut\u00f3nomo capaz de suscitar emociones tan directas como las de la m\u00fasica o la poes\u00eda. De este modo, su obra no solo transform\u00f3 la pl\u00e1stica del siglo XX, sino que sigue inspirando a artistas que buscan en la abstracci\u00f3n una forma de elevar el esp\u00edritu humano.<\/p>\n<h3>Influencia de Kandinsky en otros artistas.<\/h3>\n<p>Desde sus ensayos sobre el color y la forma hasta sus lienzos m\u00e1s audaces, Kandinsky inaugur\u00f3 una forma de entender la pintura como experiencia sensorial y espiritual. Su propuesta de desvincular el arte de toda referencia figurativa cal\u00f3 r\u00e1pidamente entre los artistas de vanguardia, que empezaron a ver el lienzo como un espacio abierto a la m\u00fasica, la poes\u00eda y la emoci\u00f3n pura. As\u00ed, en las d\u00e9cadas de 1920 y 1930, movimientos como el constructivismo ruso y la abstracci\u00f3n l\u00edrica europea encontraron en sus teor\u00edas una br\u00fajula para explorar la geometr\u00eda como veh\u00edculo de lo intangible.<\/p>\n<p>A partir de mediados de siglo, esta herencia cristaliz\u00f3 en la corriente del expresionismo abstracto norteamericano. Artistas como Jackson Pollock y Mark Rothko se inspiraron directamente en su visi\u00f3n del color como \u00abmedio para ejercer una influencia directa sobre el alma\u00bb y en su convicci\u00f3n de que la pintura deb\u00eda tener el mismo efecto en el espectador que un concierto visual. El resultado fueron campos de color expansivos y acciones sobre el lienzo que buscaban capturar la espontaneidad y la musicalidad de sus \u00abimprovisaciones\u00bb y \u00abcomposiciones\u00bb tempranas.<\/p>\n<p>Hoy en d\u00eda, la influencia de Kandinsky sigue viva en creadores de \u00e1mbitos muy diversos, desde artistas digitales que experimentan con el p\u00edxel como pigmento hasta dise\u00f1adores gr\u00e1ficos que recurren a la sinestesia como principio compositivo. Su legado es la certeza de que la abstracci\u00f3n puede convertirse en un lenguaje aut\u00f3nomo capaz de articular sensaciones universales, m\u00e1s all\u00e1 de la representaci\u00f3n del mundo.<\/p>\n<h3>Principales obras de Kandinsky.<\/h3>\n<p>Wassily Kandinsky dej\u00f3 un vasto y profundamente influyente legado pict\u00f3rico, con obras que marcaron hitos en la evoluci\u00f3n del arte abstracto. Entre sus obras m\u00e1s destacadas se encuentran:<\/p>\n<ul>\n<li><strong>Pareja a caballo<\/strong> (1906): una obra temprana que a\u00fan conserva elementos figurativos, con ecos del folclore ruso y una atm\u00f3sfera rom\u00e1ntica que anticipa su transici\u00f3n hacia la abstracci\u00f3n.\n<p><figure id=\"attachment_10229\" aria-describedby=\"caption-attachment-10229\" style=\"width: 268px\" class=\"wp-caption aligncenter\"><a href=\"https:\/\/rafaramirez.org\/blog\/wp-content\/uploads\/2025\/08\/Pareja-a-caballo-1906.jpg\" target=\"_blank\" rel=\"noopener\"><img loading=\"lazy\" decoding=\"async\" class=\"wp-image-10229 size-medium\" src=\"https:\/\/rafaramirez.org\/blog\/wp-content\/uploads\/2025\/08\/Pareja-a-caballo-1906-268x300.jpg\" alt=\"Pareja a caballo (1906). Wassily Kandinsky. Blog de Rafael Ram\u00edrez. \" width=\"268\" height=\"300\" srcset=\"https:\/\/rafaramirez.org\/blog\/wp-content\/uploads\/2025\/08\/Pareja-a-caballo-1906-268x300.jpg 268w, https:\/\/rafaramirez.org\/blog\/wp-content\/uploads\/2025\/08\/Pareja-a-caballo-1906-916x1024.jpg 916w, https:\/\/rafaramirez.org\/blog\/wp-content\/uploads\/2025\/08\/Pareja-a-caballo-1906-768x859.jpg 768w, https:\/\/rafaramirez.org\/blog\/wp-content\/uploads\/2025\/08\/Pareja-a-caballo-1906.jpg 1000w\" sizes=\"auto, (max-width: 268px) 100vw, 268px\" \/><\/a><figcaption id=\"caption-attachment-10229\" class=\"wp-caption-text\">Pareja a caballo (1906). Wassily Kandinsky. Blog de Rafael Ram\u00edrez.<\/figcaption><\/figure><\/li>\n<li class=\"ps-2\"><strong>Estudio para la composici\u00f3n II<\/strong> (1910): pieza clave en su per\u00edodo de transformaci\u00f3n, en el que las formas comienzan a disolverse y el color adquiere un protagonismo emocional.\n<p><figure id=\"attachment_10230\" aria-describedby=\"caption-attachment-10230\" style=\"width: 300px\" class=\"wp-caption aligncenter\"><a href=\"https:\/\/rafaramirez.org\/blog\/wp-content\/uploads\/2025\/08\/Estudio-para-la-composicion-II-1910.jpg\" target=\"_blank\" rel=\"noopener\"><img loading=\"lazy\" decoding=\"async\" class=\"wp-image-10230 size-medium\" src=\"https:\/\/rafaramirez.org\/blog\/wp-content\/uploads\/2025\/08\/Estudio-para-la-composicion-II-1910-300x222.jpg\" alt=\"Estudio para la composici\u00f3n II (1910). Wassily Kandinsky. Blog de Rafael Ram\u00edrez. \" width=\"300\" height=\"222\" srcset=\"https:\/\/rafaramirez.org\/blog\/wp-content\/uploads\/2025\/08\/Estudio-para-la-composicion-II-1910-300x222.jpg 300w, https:\/\/rafaramirez.org\/blog\/wp-content\/uploads\/2025\/08\/Estudio-para-la-composicion-II-1910-1024x758.jpg 1024w, https:\/\/rafaramirez.org\/blog\/wp-content\/uploads\/2025\/08\/Estudio-para-la-composicion-II-1910-768x569.jpg 768w, https:\/\/rafaramirez.org\/blog\/wp-content\/uploads\/2025\/08\/Estudio-para-la-composicion-II-1910.jpg 1063w\" sizes=\"auto, (max-width: 300px) 100vw, 300px\" \/><\/a><figcaption id=\"caption-attachment-10230\" class=\"wp-caption-text\">Estudio para la composici\u00f3n II (1910). Wassily Kandinsky. Blog de Rafael Ram\u00edrez.<\/figcaption><\/figure><\/li>\n<li class=\"ps-2\"><strong>En azul<\/strong> (1911) y <strong>C\u00edrculos dentro de c\u00edrculo<\/strong> (1911): ejemplos de su exploraci\u00f3n sinest\u00e9sica, en los que el color y la forma se organizan como si fueran notas musicales.\n<p><figure id=\"attachment_10231\" aria-describedby=\"caption-attachment-10231\" style=\"width: 300px\" class=\"wp-caption aligncenter\"><a href=\"https:\/\/rafaramirez.org\/blog\/wp-content\/uploads\/2025\/08\/En-azul-1911.jpg\" target=\"_blank\" rel=\"noopener\"><img loading=\"lazy\" decoding=\"async\" class=\"wp-image-10231 size-medium\" src=\"https:\/\/rafaramirez.org\/blog\/wp-content\/uploads\/2025\/08\/En-azul-1911-300x250.jpg\" alt=\"En azul (1911). Wassily Kandinsky. Blog de Rafael Ram\u00edrez. \" width=\"300\" height=\"250\" srcset=\"https:\/\/rafaramirez.org\/blog\/wp-content\/uploads\/2025\/08\/En-azul-1911-300x250.jpg 300w, https:\/\/rafaramirez.org\/blog\/wp-content\/uploads\/2025\/08\/En-azul-1911-1024x853.jpg 1024w, https:\/\/rafaramirez.org\/blog\/wp-content\/uploads\/2025\/08\/En-azul-1911-768x640.jpg 768w, https:\/\/rafaramirez.org\/blog\/wp-content\/uploads\/2025\/08\/En-azul-1911.jpg 1200w\" sizes=\"auto, (max-width: 300px) 100vw, 300px\" \/><\/a><figcaption id=\"caption-attachment-10231\" class=\"wp-caption-text\">En azul (1911). Wassily Kandinsky. Blog de Rafael Ram\u00edrez.<\/figcaption><\/figure><\/li>\n<li class=\"ps-2\"><strong>Composici\u00f3n VIII<\/strong> (1923): una obra geom\u00e9trica y equilibrada que refleja su etapa en la Bauhaus, con l\u00edneas, c\u00edrculos y colores en armon\u00eda matem\u00e1tica.\n<p><figure id=\"attachment_10232\" aria-describedby=\"caption-attachment-10232\" style=\"width: 300px\" class=\"wp-caption aligncenter\"><a href=\"https:\/\/rafaramirez.org\/blog\/wp-content\/uploads\/2025\/08\/Composicion-VIII-1923.jpg\" target=\"_blank\" rel=\"noopener\"><img loading=\"lazy\" decoding=\"async\" class=\"wp-image-10232 size-medium\" src=\"https:\/\/rafaramirez.org\/blog\/wp-content\/uploads\/2025\/08\/Composicion-VIII-1923-300x190.jpg\" alt=\"Composici\u00f3n VIII (1923). Wassily Kandinsky. Blog de Rafael Ram\u00edrez. \" width=\"300\" height=\"190\" srcset=\"https:\/\/rafaramirez.org\/blog\/wp-content\/uploads\/2025\/08\/Composicion-VIII-1923-300x190.jpg 300w, https:\/\/rafaramirez.org\/blog\/wp-content\/uploads\/2025\/08\/Composicion-VIII-1923-768x486.jpg 768w, https:\/\/rafaramirez.org\/blog\/wp-content\/uploads\/2025\/08\/Composicion-VIII-1923.jpg 1024w\" sizes=\"auto, (max-width: 300px) 100vw, 300px\" \/><\/a><figcaption id=\"caption-attachment-10232\" class=\"wp-caption-text\">Composici\u00f3n VIII (1923). Wassily Kandinsky. Blog de Rafael Ram\u00edrez.<\/figcaption><\/figure><\/li>\n<li class=\"ps-2\"><strong>En blanco II<\/strong> (1923): donde el fondo blanco sirve como espacio de pureza para acentos crom\u00e1ticos que entablan un di\u00e1logo entre s\u00ed.\n<p><figure id=\"attachment_10233\" aria-describedby=\"caption-attachment-10233\" style=\"width: 269px\" class=\"wp-caption aligncenter\"><a href=\"https:\/\/rafaramirez.org\/blog\/wp-content\/uploads\/2025\/08\/En-blanco-II-1923.jpeg\" target=\"_blank\" rel=\"noopener\"><img loading=\"lazy\" decoding=\"async\" class=\"wp-image-10233 size-medium\" src=\"https:\/\/rafaramirez.org\/blog\/wp-content\/uploads\/2025\/08\/En-blanco-II-1923-269x300.jpeg\" alt=\"En blanco II (1923). Wassily Kandinsky. Blog de Rafael Ram\u00edrez. \" width=\"269\" height=\"300\" srcset=\"https:\/\/rafaramirez.org\/blog\/wp-content\/uploads\/2025\/08\/En-blanco-II-1923-269x300.jpeg 269w, https:\/\/rafaramirez.org\/blog\/wp-content\/uploads\/2025\/08\/En-blanco-II-1923-768x857.jpeg 768w, https:\/\/rafaramirez.org\/blog\/wp-content\/uploads\/2025\/08\/En-blanco-II-1923.jpeg 907w\" sizes=\"auto, (max-width: 269px) 100vw, 269px\" \/><\/a><figcaption id=\"caption-attachment-10233\" class=\"wp-caption-text\">En blanco II (1923). Wassily Kandinsky. Blog de Rafael Ram\u00edrez.<\/figcaption><\/figure><\/li>\n<li class=\"ps-2\"><strong>Composici\u00f3n IX<\/strong> (1936) y <strong>Composici\u00f3n X<\/strong> (1939): lienzos densos y din\u00e1micos que condensan su madurez art\u00edstica, con estructuras aparentemente ca\u00f3ticas pero profundamente r\u00edtmicas.\n<p><figure id=\"attachment_10234\" aria-describedby=\"caption-attachment-10234\" style=\"width: 300px\" class=\"wp-caption aligncenter\"><a href=\"https:\/\/rafaramirez.org\/blog\/wp-content\/uploads\/2025\/08\/Composicion-IX-1936.jpg\" target=\"_blank\" rel=\"noopener\"><img loading=\"lazy\" decoding=\"async\" class=\"wp-image-10234 size-medium\" src=\"https:\/\/rafaramirez.org\/blog\/wp-content\/uploads\/2025\/08\/Composicion-IX-1936-300x173.jpg\" alt=\"Composici\u00f3n IX (1936). Wassily Kandinsky. Blog de Rafael Ram\u00edrez. \" width=\"300\" height=\"173\" srcset=\"https:\/\/rafaramirez.org\/blog\/wp-content\/uploads\/2025\/08\/Composicion-IX-1936-300x173.jpg 300w, https:\/\/rafaramirez.org\/blog\/wp-content\/uploads\/2025\/08\/Composicion-IX-1936-768x443.jpg 768w, https:\/\/rafaramirez.org\/blog\/wp-content\/uploads\/2025\/08\/Composicion-IX-1936.jpg 900w\" sizes=\"auto, (max-width: 300px) 100vw, 300px\" \/><\/a><figcaption id=\"caption-attachment-10234\" class=\"wp-caption-text\">Composici\u00f3n IX (1936). Wassily Kandinsky. Blog de Rafael Ram\u00edrez.<\/figcaption><\/figure><\/li>\n<\/ul>\n<figure id=\"attachment_10235\" aria-describedby=\"caption-attachment-10235\" style=\"width: 300px\" class=\"wp-caption aligncenter\"><a href=\"https:\/\/rafaramirez.org\/blog\/wp-content\/uploads\/2025\/08\/Composicion-X-1939.jpg\" target=\"_blank\" rel=\"noopener\"><img loading=\"lazy\" decoding=\"async\" class=\"wp-image-10235 size-medium\" src=\"https:\/\/rafaramirez.org\/blog\/wp-content\/uploads\/2025\/08\/Composicion-X-1939-300x201.jpg\" alt=\"Composici\u00f3n X (1939). Wassily Kandinsky. Blog de Rafael Ram\u00edrez. \" width=\"300\" height=\"201\" srcset=\"https:\/\/rafaramirez.org\/blog\/wp-content\/uploads\/2025\/08\/Composicion-X-1939-300x201.jpg 300w, https:\/\/rafaramirez.org\/blog\/wp-content\/uploads\/2025\/08\/Composicion-X-1939.jpg 755w\" sizes=\"auto, (max-width: 300px) 100vw, 300px\" \/><\/a><figcaption id=\"caption-attachment-10235\" class=\"wp-caption-text\">Composici\u00f3n X (1939). Wassily Kandinsky. Blog de Rafael Ram\u00edrez.<\/figcaption><\/figure>\n<ul>\n<li class=\"ps-2\"><strong>Cielo azul<\/strong> (1940), <strong>Alrededor del c\u00edrculo<\/strong> (1940) y <strong>Alrededor de la l\u00ednea<\/strong> (1943): obras de sus \u00faltimos a\u00f1os, en las que la geometr\u00eda se simplifica y se convierte en s\u00edmbolo de lo espiritual y lo infinito.\n<p><figure id=\"attachment_10236\" aria-describedby=\"caption-attachment-10236\" style=\"width: 219px\" class=\"wp-caption aligncenter\"><a href=\"https:\/\/rafaramirez.org\/blog\/wp-content\/uploads\/2025\/08\/Cielo-azul-1940.jpg\" target=\"_blank\" rel=\"noopener\"><img loading=\"lazy\" decoding=\"async\" class=\"wp-image-10236 size-medium\" src=\"https:\/\/rafaramirez.org\/blog\/wp-content\/uploads\/2025\/08\/Cielo-azul-1940-219x300.jpg\" alt=\"Cielo azul (1940). Wassily Kandinsky. Blog de Rafael Ram\u00edrez. \" width=\"219\" height=\"300\" srcset=\"https:\/\/rafaramirez.org\/blog\/wp-content\/uploads\/2025\/08\/Cielo-azul-1940-219x300.jpg 219w, https:\/\/rafaramirez.org\/blog\/wp-content\/uploads\/2025\/08\/Cielo-azul-1940-748x1024.jpg 748w, https:\/\/rafaramirez.org\/blog\/wp-content\/uploads\/2025\/08\/Cielo-azul-1940-768x1052.jpg 768w, https:\/\/rafaramirez.org\/blog\/wp-content\/uploads\/2025\/08\/Cielo-azul-1940.jpg 876w\" sizes=\"auto, (max-width: 219px) 100vw, 219px\" \/><\/a><figcaption id=\"caption-attachment-10236\" class=\"wp-caption-text\">Cielo azul (1940). Wassily Kandinsky. Blog de Rafael Ram\u00edrez.<\/figcaption><\/figure><\/li>\n<\/ul>\n<figure id=\"attachment_10237\" aria-describedby=\"caption-attachment-10237\" style=\"width: 300px\" class=\"wp-caption aligncenter\"><a href=\"https:\/\/rafaramirez.org\/blog\/wp-content\/uploads\/2025\/08\/Alrededor-del-circulo-1940.webp\" target=\"_blank\" rel=\"noopener\"><img loading=\"lazy\" decoding=\"async\" class=\"wp-image-10237 size-medium\" src=\"https:\/\/rafaramirez.org\/blog\/wp-content\/uploads\/2025\/08\/Alrededor-del-circulo-1940-300x168.webp\" alt=\"Alrededor del c\u00edrculo (1940). Wassily Kandinsky. Blog de Rafael Ram\u00edrez. \" width=\"300\" height=\"168\" srcset=\"https:\/\/rafaramirez.org\/blog\/wp-content\/uploads\/2025\/08\/Alrededor-del-circulo-1940-300x168.webp 300w, https:\/\/rafaramirez.org\/blog\/wp-content\/uploads\/2025\/08\/Alrededor-del-circulo-1940-1024x573.webp 1024w, https:\/\/rafaramirez.org\/blog\/wp-content\/uploads\/2025\/08\/Alrededor-del-circulo-1940-768x430.webp 768w, https:\/\/rafaramirez.org\/blog\/wp-content\/uploads\/2025\/08\/Alrededor-del-circulo-1940.webp 1248w\" sizes=\"auto, (max-width: 300px) 100vw, 300px\" \/><\/a><figcaption id=\"caption-attachment-10237\" class=\"wp-caption-text\">Alrededor del c\u00edrculo (1940). Wassily Kandinsky. Blog de Rafael Ram\u00edrez.<\/figcaption><\/figure>\n<figure id=\"attachment_10238\" aria-describedby=\"caption-attachment-10238\" style=\"width: 300px\" class=\"wp-caption aligncenter\"><a href=\"https:\/\/rafaramirez.org\/blog\/wp-content\/uploads\/2025\/08\/Alrededor-de-la-linea-1943.jpg\" target=\"_blank\" rel=\"noopener\"><img loading=\"lazy\" decoding=\"async\" class=\"wp-image-10238 size-medium\" src=\"https:\/\/rafaramirez.org\/blog\/wp-content\/uploads\/2025\/08\/Alrededor-de-la-linea-1943-300x215.jpg\" alt=\"Alrededor de la l\u00ednea (1943). Wassily Kandinsky. Blog de Rafael Ram\u00edrez. \" width=\"300\" height=\"215\" srcset=\"https:\/\/rafaramirez.org\/blog\/wp-content\/uploads\/2025\/08\/Alrededor-de-la-linea-1943-300x215.jpg 300w, https:\/\/rafaramirez.org\/blog\/wp-content\/uploads\/2025\/08\/Alrededor-de-la-linea-1943-768x551.jpg 768w, https:\/\/rafaramirez.org\/blog\/wp-content\/uploads\/2025\/08\/Alrededor-de-la-linea-1943.jpg 1000w\" sizes=\"auto, (max-width: 300px) 100vw, 300px\" \/><\/a><figcaption id=\"caption-attachment-10238\" class=\"wp-caption-text\">Alrededor de la l\u00ednea (1943). Wassily Kandinsky. Blog de Rafael Ram\u00edrez.<\/figcaption><\/figure>\n<p>Cada una de estas obras representa una etapa distinta de su evoluci\u00f3n, desde el simbolismo inicial hasta la abstracci\u00f3n m\u00e1s pura, y juntas trazan el mapa de una revoluci\u00f3n est\u00e9tica que transform\u00f3 para siempre la manera de entender la pintura.<\/p>\n<p>M\u00e1s informaci\u00f3n:<\/p>\n<ul>\n<li><a href=\"https:\/\/es.wikipedia.org\/wiki\/Vasili_Kandinski\" target=\"_blank\" rel=\"noopener\">Vasili Kandinski &#8211; Wikipedia, la enciclopedia libre<\/a>.<\/li>\n<li><a href=\"https:\/\/www.culturagenial.com\/es\/kandinsky-arte-abstracto-obras-esenciales\/\" target=\"_blank\" rel=\"noopener\">Kandinsky y el arte abstracto: 11 obras esenciales &#8211; Cultura Genial<\/a>.<\/li>\n<li><a href=\"https:\/\/www.infobae.com\/america\/cultura-america\/2017\/12\/14\/10-grandes-obras-de-kandinski-el-maestro-del-arte-abstracto\/\" target=\"_blank\" rel=\"noopener\">10 grandes obras de Kandinski, el maestro del arte abstracto &#8211; Infobae<\/a>.<\/li>\n<li><a href=\"https:\/\/rafaramirez.org\/blog\/index.php\/category\/arte\/historia-del-arte\/\" target=\"_blank\" rel=\"noopener\">M\u00e1s historia de la pintura y de sus protagonistas<\/a>.<\/li>\n<\/ul>\n","protected":false},"excerpt":{"rendered":"<p>Wassily Kandinsky naci\u00f3 en Mosc\u00fa el 16 de diciembre de 1866 y se convirti\u00f3 en una de las figuras clave del arte abstracto. Aunque en un primer momento quiso dedicarse al Derecho, estudi\u00f3 Econom\u00eda y Legislaci\u00f3n en la Universidad de Mosc\u00fa. Sin embargo, a los treinta a\u00f1os decidi\u00f3 abandonar la vida acad\u00e9mica y entregarse por [&hellip;]<\/p>\n","protected":false},"author":3,"featured_media":10240,"comment_status":"open","ping_status":"closed","sticky":false,"template":"","format":"standard","meta":{"site-container-style":"default","site-container-layout":"default","site-sidebar-layout":"default","disable-article-header":"default","disable-site-header":"default","disable-site-footer":"default","disable-content-area-spacing":"default","_jetpack_newsletter_access":"","_jetpack_dont_email_post_to_subs":false,"_jetpack_newsletter_tier_id":0,"_jetpack_memberships_contains_paywalled_content":false,"_jetpack_feature_clip_id":0,"_jetpack_memberships_contains_paid_content":false,"footnotes":"","jetpack_publicize_message":"","jetpack_publicize_feature_enabled":true,"jetpack_social_post_already_shared":true,"jetpack_social_options":{"image_generator_settings":{"template":"highway","default_image_id":0,"font":"","enabled":false},"version":2},"jetpack_post_was_ever_published":false},"categories":[1290],"tags":[3804,4456,3748,1383,4083],"class_list":["post-10225","post","type-post","status-publish","format-standard","has-post-thumbnail","hentry","category-historia-del-arte","tag-biografia-de-pintores","tag-biografia-wassily-kandinsky","tag-historia-de-la-pintura","tag-historia-del-arte","tag-wassily-kandinsky"],"yoast_head":"<!-- This site is optimized with the Yoast SEO plugin v28.4 - https:\/\/yoast.com\/product\/yoast-seo-wordpress\/ -->\n<title>Wassily Kandinsky: El arte como sinfon\u00eda espiritual. - Blog de Rafael Ram\u00edrez<\/title>\n<meta name=\"description\" content=\"Wassily Kandinsky naci\u00f3 en Mosc\u00fa el 16 de diciembre de 1866 y se convirti\u00f3 en una de las figuras claves que dieron forma al arte abstracto.\" \/>\n<meta name=\"robots\" content=\"index, follow, max-snippet:-1, max-image-preview:large, max-video-preview:-1\" \/>\n<link rel=\"canonical\" href=\"https:\/\/rafaramirez.org\/blog\/index.php\/2025\/08\/29\/wassily-kandinsky-el-arte-como-sinfonia-espiritual\/\" \/>\n<meta property=\"og:locale\" content=\"es_ES\" \/>\n<meta property=\"og:type\" content=\"article\" \/>\n<meta property=\"og:title\" content=\"Wassily Kandinsky: El arte como sinfon\u00eda espiritual. - Blog de Rafael Ram\u00edrez\" \/>\n<meta property=\"og:description\" content=\"Wassily Kandinsky naci\u00f3 en Mosc\u00fa el 16 de diciembre de 1866 y se convirti\u00f3 en una de las figuras claves que dieron forma al arte abstracto.\" \/>\n<meta property=\"og:url\" content=\"https:\/\/rafaramirez.org\/blog\/index.php\/2025\/08\/29\/wassily-kandinsky-el-arte-como-sinfonia-espiritual\/\" \/>\n<meta property=\"og:site_name\" content=\"Blog de Rafael Ram\u00edrez\" \/>\n<meta property=\"article:published_time\" content=\"2025-08-29T06:00:16+00:00\" \/>\n<meta property=\"article:modified_time\" content=\"2026-07-14T09:42:28+00:00\" \/>\n<meta property=\"og:image\" content=\"https:\/\/rafaramirez.org\/blog\/wp-content\/uploads\/2025\/08\/Wassily-Kandinsky_bannerlog.jpg\" \/>\n\t<meta property=\"og:image:width\" content=\"720\" \/>\n\t<meta property=\"og:image:height\" content=\"440\" \/>\n\t<meta property=\"og:image:type\" content=\"image\/jpeg\" \/>\n<meta name=\"author\" content=\"Documentaci\u00f3n e investigaci\u00f3n\" \/>\n<meta name=\"twitter:card\" content=\"summary_large_image\" \/>\n<meta name=\"twitter:site\" content=\"@rafaramirez_ok\" \/>\n<meta name=\"twitter:label1\" content=\"Escrito por\" \/>\n\t<meta name=\"twitter:data1\" content=\"Documentaci\u00f3n e investigaci\u00f3n\" \/>\n\t<meta name=\"twitter:label2\" content=\"Tiempo de lectura\" \/>\n\t<meta name=\"twitter:data2\" content=\"9 minutos\" \/>\n<script type=\"application\/ld+json\" class=\"yoast-schema-graph\">{\"@context\":\"https:\\\/\\\/schema.org\",\"@graph\":[{\"@type\":\"Article\",\"@id\":\"https:\\\/\\\/rafaramirez.org\\\/blog\\\/index.php\\\/2025\\\/08\\\/29\\\/wassily-kandinsky-el-arte-como-sinfonia-espiritual\\\/#article\",\"isPartOf\":{\"@id\":\"https:\\\/\\\/rafaramirez.org\\\/blog\\\/index.php\\\/2025\\\/08\\\/29\\\/wassily-kandinsky-el-arte-como-sinfonia-espiritual\\\/\"},\"author\":{\"name\":\"Documentaci\u00f3n e investigaci\u00f3n\",\"@id\":\"https:\\\/\\\/rafaramirez.org\\\/blog\\\/#\\\/schema\\\/person\\\/8debd05b3d9a1d16fb21af726811617d\"},\"headline\":\"Wassily Kandinsky: El arte como sinfon\u00eda espiritual.\",\"datePublished\":\"2025-08-29T06:00:16+00:00\",\"dateModified\":\"2026-07-14T09:42:28+00:00\",\"mainEntityOfPage\":{\"@id\":\"https:\\\/\\\/rafaramirez.org\\\/blog\\\/index.php\\\/2025\\\/08\\\/29\\\/wassily-kandinsky-el-arte-como-sinfonia-espiritual\\\/\"},\"wordCount\":1429,\"commentCount\":0,\"publisher\":{\"@id\":\"https:\\\/\\\/rafaramirez.org\\\/blog\\\/#\\\/schema\\\/person\\\/50f43b6d60c578760d4c17bda54ab6a5\"},\"image\":{\"@id\":\"https:\\\/\\\/rafaramirez.org\\\/blog\\\/index.php\\\/2025\\\/08\\\/29\\\/wassily-kandinsky-el-arte-como-sinfonia-espiritual\\\/#primaryimage\"},\"thumbnailUrl\":\"https:\\\/\\\/rafaramirez.org\\\/blog\\\/wp-content\\\/uploads\\\/2025\\\/08\\\/Wassily-Kandinsky_bannerlog.jpg\",\"keywords\":[\"biograf\u00eda de pintores\",\"biograf\u00eda Wassily Kandinsky\",\"historia de la pintura\",\"historia del arte\",\"Wassily Kandinsky\"],\"articleSection\":[\"Historia del arte\"],\"inLanguage\":\"es\",\"potentialAction\":[{\"@type\":\"CommentAction\",\"name\":\"Comment\",\"target\":[\"https:\\\/\\\/rafaramirez.org\\\/blog\\\/index.php\\\/2025\\\/08\\\/29\\\/wassily-kandinsky-el-arte-como-sinfonia-espiritual\\\/#respond\"]}]},{\"@type\":\"WebPage\",\"@id\":\"https:\\\/\\\/rafaramirez.org\\\/blog\\\/index.php\\\/2025\\\/08\\\/29\\\/wassily-kandinsky-el-arte-como-sinfonia-espiritual\\\/\",\"url\":\"https:\\\/\\\/rafaramirez.org\\\/blog\\\/index.php\\\/2025\\\/08\\\/29\\\/wassily-kandinsky-el-arte-como-sinfonia-espiritual\\\/\",\"name\":\"Wassily Kandinsky: El arte como sinfon\u00eda espiritual. - Blog de Rafael Ram\u00edrez\",\"isPartOf\":{\"@id\":\"https:\\\/\\\/rafaramirez.org\\\/blog\\\/#website\"},\"primaryImageOfPage\":{\"@id\":\"https:\\\/\\\/rafaramirez.org\\\/blog\\\/index.php\\\/2025\\\/08\\\/29\\\/wassily-kandinsky-el-arte-como-sinfonia-espiritual\\\/#primaryimage\"},\"image\":{\"@id\":\"https:\\\/\\\/rafaramirez.org\\\/blog\\\/index.php\\\/2025\\\/08\\\/29\\\/wassily-kandinsky-el-arte-como-sinfonia-espiritual\\\/#primaryimage\"},\"thumbnailUrl\":\"https:\\\/\\\/rafaramirez.org\\\/blog\\\/wp-content\\\/uploads\\\/2025\\\/08\\\/Wassily-Kandinsky_bannerlog.jpg\",\"datePublished\":\"2025-08-29T06:00:16+00:00\",\"dateModified\":\"2026-07-14T09:42:28+00:00\",\"description\":\"Wassily Kandinsky naci\u00f3 en Mosc\u00fa el 16 de diciembre de 1866 y se convirti\u00f3 en una de las figuras claves que dieron forma al arte abstracto.\",\"breadcrumb\":{\"@id\":\"https:\\\/\\\/rafaramirez.org\\\/blog\\\/index.php\\\/2025\\\/08\\\/29\\\/wassily-kandinsky-el-arte-como-sinfonia-espiritual\\\/#breadcrumb\"},\"inLanguage\":\"es\",\"potentialAction\":[{\"@type\":\"ReadAction\",\"target\":[\"https:\\\/\\\/rafaramirez.org\\\/blog\\\/index.php\\\/2025\\\/08\\\/29\\\/wassily-kandinsky-el-arte-como-sinfonia-espiritual\\\/\"]}]},{\"@type\":\"ImageObject\",\"inLanguage\":\"es\",\"@id\":\"https:\\\/\\\/rafaramirez.org\\\/blog\\\/index.php\\\/2025\\\/08\\\/29\\\/wassily-kandinsky-el-arte-como-sinfonia-espiritual\\\/#primaryimage\",\"url\":\"https:\\\/\\\/rafaramirez.org\\\/blog\\\/wp-content\\\/uploads\\\/2025\\\/08\\\/Wassily-Kandinsky_bannerlog.jpg\",\"contentUrl\":\"https:\\\/\\\/rafaramirez.org\\\/blog\\\/wp-content\\\/uploads\\\/2025\\\/08\\\/Wassily-Kandinsky_bannerlog.jpg\",\"width\":720,\"height\":440,\"caption\":\"Wassily Kandinsky. Blog de Rafael Ram\u00edrez.\"},{\"@type\":\"BreadcrumbList\",\"@id\":\"https:\\\/\\\/rafaramirez.org\\\/blog\\\/index.php\\\/2025\\\/08\\\/29\\\/wassily-kandinsky-el-arte-como-sinfonia-espiritual\\\/#breadcrumb\",\"itemListElement\":[{\"@type\":\"ListItem\",\"position\":1,\"name\":\"Portada\",\"item\":\"https:\\\/\\\/rafaramirez.org\\\/blog\\\/\"},{\"@type\":\"ListItem\",\"position\":2,\"name\":\"Wassily Kandinsky: El arte como sinfon\u00eda espiritual.\"}]},{\"@type\":\"WebSite\",\"@id\":\"https:\\\/\\\/rafaramirez.org\\\/blog\\\/#website\",\"url\":\"https:\\\/\\\/rafaramirez.org\\\/blog\\\/\",\"name\":\"Blog de Rafael Ram\u00edrez\",\"description\":\"Un sitio social, de arte y cultura\",\"publisher\":{\"@id\":\"https:\\\/\\\/rafaramirez.org\\\/blog\\\/#\\\/schema\\\/person\\\/50f43b6d60c578760d4c17bda54ab6a5\"},\"potentialAction\":[{\"@type\":\"SearchAction\",\"target\":{\"@type\":\"EntryPoint\",\"urlTemplate\":\"https:\\\/\\\/rafaramirez.org\\\/blog\\\/?s={search_term_string}\"},\"query-input\":{\"@type\":\"PropertyValueSpecification\",\"valueRequired\":true,\"valueName\":\"search_term_string\"}}],\"inLanguage\":\"es\"},{\"@type\":[\"Person\",\"Organization\"],\"@id\":\"https:\\\/\\\/rafaramirez.org\\\/blog\\\/#\\\/schema\\\/person\\\/50f43b6d60c578760d4c17bda54ab6a5\",\"name\":\"Rafael Ram\u00edrez\",\"image\":{\"@type\":\"ImageObject\",\"inLanguage\":\"es\",\"@id\":\"https:\\\/\\\/rafaramirez.org\\\/blog\\\/wp-content\\\/uploads\\\/2024\\\/09\\\/RR_socialnetwork.jpg\",\"url\":\"https:\\\/\\\/rafaramirez.org\\\/blog\\\/wp-content\\\/uploads\\\/2024\\\/09\\\/RR_socialnetwork.jpg\",\"contentUrl\":\"https:\\\/\\\/rafaramirez.org\\\/blog\\\/wp-content\\\/uploads\\\/2024\\\/09\\\/RR_socialnetwork.jpg\",\"width\":600,\"height\":606,\"caption\":\"Rafael Ram\u00edrez\"},\"logo\":{\"@id\":\"https:\\\/\\\/rafaramirez.org\\\/blog\\\/wp-content\\\/uploads\\\/2024\\\/09\\\/RR_socialnetwork.jpg\"},\"sameAs\":[\"https:\\\/\\\/www.rafaramirez.org\\\/blog\",\"https:\\\/\\\/www.instagram.com\\\/rafaramirez_ok\\\/\",\"https:\\\/\\\/es.pinterest.com\\\/Ramirez_Rafa\\\/\",\"https:\\\/\\\/x.com\\\/rafaramirez_ok\"]},{\"@type\":\"Person\",\"@id\":\"https:\\\/\\\/rafaramirez.org\\\/blog\\\/#\\\/schema\\\/person\\\/8debd05b3d9a1d16fb21af726811617d\",\"name\":\"Documentaci\u00f3n e investigaci\u00f3n\",\"image\":{\"@type\":\"ImageObject\",\"inLanguage\":\"es\",\"@id\":\"https:\\\/\\\/secure.gravatar.com\\\/avatar\\\/fe70e496579a39c7a8fc4982b89275403b1092eb200623138a32daada9416911?s=96&d=mm&r=g\",\"url\":\"https:\\\/\\\/secure.gravatar.com\\\/avatar\\\/fe70e496579a39c7a8fc4982b89275403b1092eb200623138a32daada9416911?s=96&d=mm&r=g\",\"contentUrl\":\"https:\\\/\\\/secure.gravatar.com\\\/avatar\\\/fe70e496579a39c7a8fc4982b89275403b1092eb200623138a32daada9416911?s=96&d=mm&r=g\",\"caption\":\"Documentaci\u00f3n e investigaci\u00f3n\"},\"url\":\"https:\\\/\\\/rafaramirez.org\\\/blog\\\/index.php\\\/author\\\/admin\\\/\"}]}<\/script>\n<!-- \/ Yoast SEO plugin. -->","yoast_head_json":{"title":"Wassily Kandinsky: El arte como sinfon\u00eda espiritual. - Blog de Rafael Ram\u00edrez","description":"Wassily Kandinsky naci\u00f3 en Mosc\u00fa el 16 de diciembre de 1866 y se convirti\u00f3 en una de las figuras claves que dieron forma al arte abstracto.","robots":{"index":"index","follow":"follow","max-snippet":"max-snippet:-1","max-image-preview":"max-image-preview:large","max-video-preview":"max-video-preview:-1"},"canonical":"https:\/\/rafaramirez.org\/blog\/index.php\/2025\/08\/29\/wassily-kandinsky-el-arte-como-sinfonia-espiritual\/","og_locale":"es_ES","og_type":"article","og_title":"Wassily Kandinsky: El arte como sinfon\u00eda espiritual. - Blog de Rafael Ram\u00edrez","og_description":"Wassily Kandinsky naci\u00f3 en Mosc\u00fa el 16 de diciembre de 1866 y se convirti\u00f3 en una de las figuras claves que dieron forma al arte abstracto.","og_url":"https:\/\/rafaramirez.org\/blog\/index.php\/2025\/08\/29\/wassily-kandinsky-el-arte-como-sinfonia-espiritual\/","og_site_name":"Blog de Rafael Ram\u00edrez","article_published_time":"2025-08-29T06:00:16+00:00","article_modified_time":"2026-07-14T09:42:28+00:00","og_image":[{"width":720,"height":440,"url":"https:\/\/rafaramirez.org\/blog\/wp-content\/uploads\/2025\/08\/Wassily-Kandinsky_bannerlog.jpg","type":"image\/jpeg"}],"author":"Documentaci\u00f3n e investigaci\u00f3n","twitter_card":"summary_large_image","twitter_site":"@rafaramirez_ok","twitter_misc":{"Escrito por":"Documentaci\u00f3n e investigaci\u00f3n","Tiempo de lectura":"9 minutos"},"schema":{"@context":"https:\/\/schema.org","@graph":[{"@type":"Article","@id":"https:\/\/rafaramirez.org\/blog\/index.php\/2025\/08\/29\/wassily-kandinsky-el-arte-como-sinfonia-espiritual\/#article","isPartOf":{"@id":"https:\/\/rafaramirez.org\/blog\/index.php\/2025\/08\/29\/wassily-kandinsky-el-arte-como-sinfonia-espiritual\/"},"author":{"name":"Documentaci\u00f3n e investigaci\u00f3n","@id":"https:\/\/rafaramirez.org\/blog\/#\/schema\/person\/8debd05b3d9a1d16fb21af726811617d"},"headline":"Wassily Kandinsky: El arte como sinfon\u00eda espiritual.","datePublished":"2025-08-29T06:00:16+00:00","dateModified":"2026-07-14T09:42:28+00:00","mainEntityOfPage":{"@id":"https:\/\/rafaramirez.org\/blog\/index.php\/2025\/08\/29\/wassily-kandinsky-el-arte-como-sinfonia-espiritual\/"},"wordCount":1429,"commentCount":0,"publisher":{"@id":"https:\/\/rafaramirez.org\/blog\/#\/schema\/person\/50f43b6d60c578760d4c17bda54ab6a5"},"image":{"@id":"https:\/\/rafaramirez.org\/blog\/index.php\/2025\/08\/29\/wassily-kandinsky-el-arte-como-sinfonia-espiritual\/#primaryimage"},"thumbnailUrl":"https:\/\/rafaramirez.org\/blog\/wp-content\/uploads\/2025\/08\/Wassily-Kandinsky_bannerlog.jpg","keywords":["biograf\u00eda de pintores","biograf\u00eda Wassily Kandinsky","historia de la pintura","historia del arte","Wassily Kandinsky"],"articleSection":["Historia del arte"],"inLanguage":"es","potentialAction":[{"@type":"CommentAction","name":"Comment","target":["https:\/\/rafaramirez.org\/blog\/index.php\/2025\/08\/29\/wassily-kandinsky-el-arte-como-sinfonia-espiritual\/#respond"]}]},{"@type":"WebPage","@id":"https:\/\/rafaramirez.org\/blog\/index.php\/2025\/08\/29\/wassily-kandinsky-el-arte-como-sinfonia-espiritual\/","url":"https:\/\/rafaramirez.org\/blog\/index.php\/2025\/08\/29\/wassily-kandinsky-el-arte-como-sinfonia-espiritual\/","name":"Wassily Kandinsky: El arte como sinfon\u00eda espiritual. - Blog de Rafael Ram\u00edrez","isPartOf":{"@id":"https:\/\/rafaramirez.org\/blog\/#website"},"primaryImageOfPage":{"@id":"https:\/\/rafaramirez.org\/blog\/index.php\/2025\/08\/29\/wassily-kandinsky-el-arte-como-sinfonia-espiritual\/#primaryimage"},"image":{"@id":"https:\/\/rafaramirez.org\/blog\/index.php\/2025\/08\/29\/wassily-kandinsky-el-arte-como-sinfonia-espiritual\/#primaryimage"},"thumbnailUrl":"https:\/\/rafaramirez.org\/blog\/wp-content\/uploads\/2025\/08\/Wassily-Kandinsky_bannerlog.jpg","datePublished":"2025-08-29T06:00:16+00:00","dateModified":"2026-07-14T09:42:28+00:00","description":"Wassily Kandinsky naci\u00f3 en Mosc\u00fa el 16 de diciembre de 1866 y se convirti\u00f3 en una de las figuras claves que dieron forma al arte abstracto.","breadcrumb":{"@id":"https:\/\/rafaramirez.org\/blog\/index.php\/2025\/08\/29\/wassily-kandinsky-el-arte-como-sinfonia-espiritual\/#breadcrumb"},"inLanguage":"es","potentialAction":[{"@type":"ReadAction","target":["https:\/\/rafaramirez.org\/blog\/index.php\/2025\/08\/29\/wassily-kandinsky-el-arte-como-sinfonia-espiritual\/"]}]},{"@type":"ImageObject","inLanguage":"es","@id":"https:\/\/rafaramirez.org\/blog\/index.php\/2025\/08\/29\/wassily-kandinsky-el-arte-como-sinfonia-espiritual\/#primaryimage","url":"https:\/\/rafaramirez.org\/blog\/wp-content\/uploads\/2025\/08\/Wassily-Kandinsky_bannerlog.jpg","contentUrl":"https:\/\/rafaramirez.org\/blog\/wp-content\/uploads\/2025\/08\/Wassily-Kandinsky_bannerlog.jpg","width":720,"height":440,"caption":"Wassily Kandinsky. Blog de Rafael Ram\u00edrez."},{"@type":"BreadcrumbList","@id":"https:\/\/rafaramirez.org\/blog\/index.php\/2025\/08\/29\/wassily-kandinsky-el-arte-como-sinfonia-espiritual\/#breadcrumb","itemListElement":[{"@type":"ListItem","position":1,"name":"Portada","item":"https:\/\/rafaramirez.org\/blog\/"},{"@type":"ListItem","position":2,"name":"Wassily Kandinsky: El arte como sinfon\u00eda espiritual."}]},{"@type":"WebSite","@id":"https:\/\/rafaramirez.org\/blog\/#website","url":"https:\/\/rafaramirez.org\/blog\/","name":"Blog de Rafael Ram\u00edrez","description":"Un sitio social, de arte y cultura","publisher":{"@id":"https:\/\/rafaramirez.org\/blog\/#\/schema\/person\/50f43b6d60c578760d4c17bda54ab6a5"},"potentialAction":[{"@type":"SearchAction","target":{"@type":"EntryPoint","urlTemplate":"https:\/\/rafaramirez.org\/blog\/?s={search_term_string}"},"query-input":{"@type":"PropertyValueSpecification","valueRequired":true,"valueName":"search_term_string"}}],"inLanguage":"es"},{"@type":["Person","Organization"],"@id":"https:\/\/rafaramirez.org\/blog\/#\/schema\/person\/50f43b6d60c578760d4c17bda54ab6a5","name":"Rafael Ram\u00edrez","image":{"@type":"ImageObject","inLanguage":"es","@id":"https:\/\/rafaramirez.org\/blog\/wp-content\/uploads\/2024\/09\/RR_socialnetwork.jpg","url":"https:\/\/rafaramirez.org\/blog\/wp-content\/uploads\/2024\/09\/RR_socialnetwork.jpg","contentUrl":"https:\/\/rafaramirez.org\/blog\/wp-content\/uploads\/2024\/09\/RR_socialnetwork.jpg","width":600,"height":606,"caption":"Rafael Ram\u00edrez"},"logo":{"@id":"https:\/\/rafaramirez.org\/blog\/wp-content\/uploads\/2024\/09\/RR_socialnetwork.jpg"},"sameAs":["https:\/\/www.rafaramirez.org\/blog","https:\/\/www.instagram.com\/rafaramirez_ok\/","https:\/\/es.pinterest.com\/Ramirez_Rafa\/","https:\/\/x.com\/rafaramirez_ok"]},{"@type":"Person","@id":"https:\/\/rafaramirez.org\/blog\/#\/schema\/person\/8debd05b3d9a1d16fb21af726811617d","name":"Documentaci\u00f3n e investigaci\u00f3n","image":{"@type":"ImageObject","inLanguage":"es","@id":"https:\/\/secure.gravatar.com\/avatar\/fe70e496579a39c7a8fc4982b89275403b1092eb200623138a32daada9416911?s=96&d=mm&r=g","url":"https:\/\/secure.gravatar.com\/avatar\/fe70e496579a39c7a8fc4982b89275403b1092eb200623138a32daada9416911?s=96&d=mm&r=g","contentUrl":"https:\/\/secure.gravatar.com\/avatar\/fe70e496579a39c7a8fc4982b89275403b1092eb200623138a32daada9416911?s=96&d=mm&r=g","caption":"Documentaci\u00f3n e investigaci\u00f3n"},"url":"https:\/\/rafaramirez.org\/blog\/index.php\/author\/admin\/"}]}},"jetpack_publicize_connections":[],"jetpack_sharing_enabled":true,"jetpack_likes_enabled":true,"jetpack_featured_media_url":"https:\/\/rafaramirez.org\/blog\/wp-content\/uploads\/2025\/08\/Wassily-Kandinsky_bannerlog.jpg","_links":{"self":[{"href":"https:\/\/rafaramirez.org\/blog\/index.php\/wp-json\/wp\/v2\/posts\/10225","targetHints":{"allow":["GET"]}}],"collection":[{"href":"https:\/\/rafaramirez.org\/blog\/index.php\/wp-json\/wp\/v2\/posts"}],"about":[{"href":"https:\/\/rafaramirez.org\/blog\/index.php\/wp-json\/wp\/v2\/types\/post"}],"author":[{"embeddable":true,"href":"https:\/\/rafaramirez.org\/blog\/index.php\/wp-json\/wp\/v2\/users\/3"}],"replies":[{"embeddable":true,"href":"https:\/\/rafaramirez.org\/blog\/index.php\/wp-json\/wp\/v2\/comments?post=10225"}],"version-history":[{"count":6,"href":"https:\/\/rafaramirez.org\/blog\/index.php\/wp-json\/wp\/v2\/posts\/10225\/revisions"}],"predecessor-version":[{"id":11643,"href":"https:\/\/rafaramirez.org\/blog\/index.php\/wp-json\/wp\/v2\/posts\/10225\/revisions\/11643"}],"wp:featuredmedia":[{"embeddable":true,"href":"https:\/\/rafaramirez.org\/blog\/index.php\/wp-json\/wp\/v2\/media\/10240"}],"wp:attachment":[{"href":"https:\/\/rafaramirez.org\/blog\/index.php\/wp-json\/wp\/v2\/media?parent=10225"}],"wp:term":[{"taxonomy":"category","embeddable":true,"href":"https:\/\/rafaramirez.org\/blog\/index.php\/wp-json\/wp\/v2\/categories?post=10225"},{"taxonomy":"post_tag","embeddable":true,"href":"https:\/\/rafaramirez.org\/blog\/index.php\/wp-json\/wp\/v2\/tags?post=10225"}],"curies":[{"name":"wp","href":"https:\/\/api.w.org\/{rel}","templated":true}]}}