{"id":10207,"date":"2025-08-28T08:00:55","date_gmt":"2025-08-28T06:00:55","guid":{"rendered":"https:\/\/rafaramirez.org\/blog\/?p=10207"},"modified":"2025-08-28T10:15:28","modified_gmt":"2025-08-28T08:15:28","slug":"baumgartner-paul-auster-lectura-recomendada","status":"publish","type":"post","link":"https:\/\/rafaramirez.org\/blog\/index.php\/2025\/08\/28\/baumgartner-paul-auster-lectura-recomendada\/","title":{"rendered":"\u00abBaumgartner\u00bb, de Paul Auster y su eleg\u00eda luminosa sobre el amor, la memoria y la vejez."},"content":{"rendered":"<p>Hoy os hablo de \u00abBaumgartner\u00bb, de Paul Auster. La novela, publicada en febrero de 2024 por Seix Barral y traducida por Benito G\u00f3mez Ib\u00e1\u00f1ez, supone el regreso de Paul Auster a la narrativa y se presenta en la colecci\u00f3n Biblioteca Formentor en una edici\u00f3n de tapa blanda con un formato sencillo pero elegante que invita a sumergirse en su lectura sin reservas.<\/p>\n<p>Baumgartner, de 71 a\u00f1os, es un escritor y profesor universitario exc\u00e9ntrico y, a la vez, sorprendentemente tierno, que vive anclado en el recuerdo de Anna, su esposa, fallecida en un accidente hace nueve a\u00f1os. La historia comienza en 1968, cuando ambos se conocen como estudiantes sin un c\u00e9ntimo en Nueva York, y narra la pasi\u00f3n que los mantuvo unidos durante cuarenta a\u00f1os, hasta el golpe definitivo de la p\u00e9rdida. Esa relaci\u00f3n profunda marca cada uno de los pasajes que Auster va desplegando, dibujando un retrato \u00edntimo y sincero de lo que significa amar y sobrevivir al duelo.<\/p>\n<p>La novela alterna el presente del protagonista, que lidia con la vejez y la soledad, con saltos al pasado: su juventud en Newark, los a\u00f1os felices junto a Anna y los fascinantes relatos sobre la vida de su padre, un revolucionario fracasado en Europa del Este. Esa estructura de memorias fragmentadas funciona como un mosaico emocional en el que la biograf\u00eda familiar se entrelaza con una profunda reflexi\u00f3n sobre c\u00f3mo cambia nuestra forma de amar con el paso de las d\u00e9cadas. Cada recuerdo aporta una pieza m\u00e1s a la construcci\u00f3n de su identidad y de la propia memoria colectiva que Auster explora con delicadeza.<\/p>\n<p>M\u00e1s all\u00e1 de la an\u00e9cdota, este libro es una celebraci\u00f3n de la memoria como consuelo y una reflexi\u00f3n sobre el azar y los ecos del pasado que tanto fascinan al autor. Booklist calific\u00f3 a \u00abBaumgartner\u00bb como \u00abuna revelaci\u00f3n magn\u00edfica y llena de suspense de los dramas ocultos de cualquier vida\u00bb, mientras que Publishers Weekly lo defini\u00f3 como \u00abuna novela preciosa sobre el consuelo de la memoria\u00bb y un libro \u00abpara subrayar\u00bb. Al mismo tiempo, en Babelio se sugiere que esos recuerdos podr\u00edan volverse amargos, pero se transforman en una forma de resiliencia que empuja al protagonista a reorganizarse y compartir los a\u00f1os que le quedan.<\/p>\n<p>En la obra de Auster, \u00abBaumgartner\u00bb retoma temas recurrentes como la soledad, el poder de la narraci\u00f3n y la naturaleza imprevisible del destino, pero esta vez con una ternura inusitada. No es solo un relato de amor y p\u00e9rdida, sino un canto a la manera en que las historias personales moldean nuestro presente y nos empujan a buscar compa\u00f1\u00eda, incluso cuando todo parece terreno bald\u00edo. En ese sentido, \u00abBaumgartner\u00bb se lee como un eco \u00edntimo de la infinita b\u00fasqueda de sentido que late en la obra de Paul Auster.<\/p>\n<h3>Cr\u00edtica literaria.<\/h3>\n<p>Desde la primera p\u00e1gina, la novela despliega ese tono \u00edntimo y reflexivo caracter\u00edstico de Paul Auster, con una prosa serena que evoca la cadencia de la memoria. El ritmo es pausado: no hay urgencia narrativa ni giros argumentales vertiginosos, sino un vaiv\u00e9n entre pasado y presente que imita la forma en que recordamos los momentos m\u00e1s importantes de nuestra vida. Esta lentitud puede resultar hipn\u00f3tica, pero en ocasiones tambi\u00e9n puede suponer una barrera para quienes esperen cl\u00edmax evidentes o conflictos externos muy marcados.<\/p>\n<p>Baumgartner, el protagonista, funciona m\u00e1s como un recept\u00e1culo de emociones que como un personaje en constante transformaci\u00f3n. Auster lo describe con delicadeza, mostrando su melancol\u00eda, su ternura y esa curiosidad obstinada por los peque\u00f1os detalles de la vida cotidiana. Sin embargo, esa misma contenci\u00f3n puede dejar a algunos lectores con la sensaci\u00f3n de que falta carne narrativa: los di\u00e1logos son escasos y la acci\u00f3n se conserva casi siempre en el plano interno.<\/p>\n<p>De hecho, el verdadero motor de la novela es el duelo y la forma en que el recuerdo de Anna impregna cada p\u00e1gina. Auster examina el amor como una sucesi\u00f3n de instantes que perduran m\u00e1s all\u00e1 de la muerte y, a trav\u00e9s de pinceladas fragmentarias, construye un mosaico emocional. Esta aproximaci\u00f3n, a medio camino entre el ensayo y la ficci\u00f3n, destaca cuando el autor cuestiona los caprichos del destino y la fuerza redentora que puede tener volver al pasado.<\/p>\n<p>En lo estil\u00edstico, el autor apuesta por la claridad y la elegancia. Evita las florituras innecesarias y se apoya en im\u00e1genes sencillas: un caf\u00e9 compartido, un paseo por Nueva York o un silencio en una clase universitaria. Esta econom\u00eda de medios contribuye al tono contemplativo, pero tambi\u00e9n deja al lector con la responsabilidad de completar los matices que el texto apenas bosqueja. Para algunos, es un ejercicio de complicidad gratificante; para otros, una austeridad excesiva.<\/p>\n<p>Uno de los aciertos de \u00abBaumgartner\u00bb radica en su exploraci\u00f3n de la vejez y la soledad, temas menos tratados en la obra de Auster, que suele centrarse en personajes m\u00e1s j\u00f3venes o en situaciones l\u00edmite. En esta ocasi\u00f3n, el autor abraza la fragilidad de la tercera edad y muestra c\u00f3mo el proceso de envejecimiento puede convertirse en una forma de apertura hacia el mundo interior. Esta novedad aporta un aire fresco, incluso para los seguidores m\u00e1s devotos de su narrativa.<\/p>\n<p>Aun as\u00ed, el libro no escapa a ciertas reiteraciones: el leitmotiv del azar, que ya hemos visto antes en \u00ab4321\u00bb o \u00abEl palacio de la luna\u00bb, reaparece sin grandes variaciones. El lector fiel disfrutar\u00e1 de ese eco familiar, pero quien busque un giro radical en la po\u00e9tica de Auster podr\u00eda sentirse decepcionado. Sin duda, \u00abBaumgartner\u00bb, se presenta como una variaci\u00f3n l\u00edrica de sus obsesiones de siempre: un canto apacible al poder transformador de la memoria.<\/p>\n<p>En conclusi\u00f3n, esta novela es recomendable para quienes valoran la introspecci\u00f3n y la calidez de una voz que combina sabidur\u00eda y sencillez. Si esperas una trama trepidante, quiz\u00e1 debas buscar en otro lugar, pero si te apetece dejarte llevar por un narrador que disecciona el coraz\u00f3n humano con pulso firme y coraz\u00f3n abierto, \u00abBaumgartner\u00bb te ofrecer\u00e1 momentos de pura resonancia emocional.<\/p>\n<figure id=\"attachment_10216\" aria-describedby=\"caption-attachment-10216\" style=\"width: 174px\" class=\"wp-caption aligncenter\"><a href=\"https:\/\/rafaramirez.org\/blog\/wp-content\/uploads\/2025\/08\/baumgartner-de-paul-auster_portada_ok.jpg\" target=\"_blank\" rel=\"noopener\"><img loading=\"lazy\" decoding=\"async\" class=\"wp-image-10216 size-medium\" src=\"https:\/\/rafaramirez.org\/blog\/wp-content\/uploads\/2025\/08\/baumgartner-de-paul-auster_portada_ok-174x300.jpg\" alt=\"&quot;Baumgartner&quot; de Paul Auster. Lectura recomendada. Blog de Rafael Ram\u00edrez. \" width=\"174\" height=\"300\" srcset=\"https:\/\/rafaramirez.org\/blog\/wp-content\/uploads\/2025\/08\/baumgartner-de-paul-auster_portada_ok-174x300.jpg 174w, https:\/\/rafaramirez.org\/blog\/wp-content\/uploads\/2025\/08\/baumgartner-de-paul-auster_portada_ok.jpg 581w\" sizes=\"auto, (max-width: 174px) 100vw, 174px\" \/><\/a><figcaption id=\"caption-attachment-10216\" class=\"wp-caption-text\">\u00abBaumgartner\u00bb de Paul Auster. Lectura recomendada. Blog de Rafael Ram\u00edrez.<\/figcaption><\/figure>\n<h3>Ficha t\u00e9cnica.<\/h3>\n<ul>\n<li><strong>T\u00edtulo:<\/strong> <em>Baumgartner<\/em><\/li>\n<li><strong>Autor:<\/strong> Paul Auster<\/li>\n<li><strong>Editorial:<\/strong> Seix Barral<\/li>\n<li><strong>Colecci\u00f3n:<\/strong> Biblioteca Formentor<\/li>\n<li><strong>Traductor:<\/strong> Benito G\u00f3mez Ib\u00e1\u00f1ez<\/li>\n<li><strong>ISBN:<\/strong> 9788432243295<\/li>\n<li><strong>Idioma:<\/strong> Castellano<\/li>\n<li><strong>N\u00famero de p\u00e1ginas:<\/strong> 264<\/li>\n<li><strong>Encuadernaci\u00f3n:<\/strong> Tapa blanda<\/li>\n<li><strong>Fecha de lanzamiento:<\/strong> 28 de febrero de 2024<\/li>\n<li><strong>A\u00f1o de edici\u00f3n:<\/strong> 2024<\/li>\n<li><strong>Plaza de edici\u00f3n:<\/strong> Barcelona<\/li>\n<\/ul>\n<h3>Sobre su autor.<\/h3>\n<p>Paul Auster fue uno de los escritores estadounidenses m\u00e1s influyentes de la literatura contempor\u00e1nea, conocido por su estilo introspectivo, su fascinaci\u00f3n por el azar y su capacidad para entrelazar lo cotidiano con lo metaf\u00edsico. Naci\u00f3 el 3 de febrero de 1947 en Newark, Nueva Jersey, en el seno de una familia jud\u00eda de clase media de ascendencia polaca. Estudi\u00f3 literatura francesa, italiana e inglesa en la Universidad de Columbia y, tras graduarse en 1970, vivi\u00f3 varios a\u00f1os en Par\u00eds, donde se dedic\u00f3 a traducir a autores franceses como Mallarm\u00e9, Sartre y Simenon.<\/p>\n<p>Comenz\u00f3 su carrera literaria con poes\u00eda y ensayos, pero fue en 1982 cuando public\u00f3 su primera novela, La invenci\u00f3n de la soledad, una obra autobiogr\u00e1fica que marc\u00f3 el tono de su futura narrativa: introspectiva, fragmentaria y profundamente emocional. Auster alcanz\u00f3 el reconocimiento internacional con La trilog\u00eda de Nueva York (1985-1986), una serie de novelas que reinventan el g\u00e9nero negro desde una perspectiva posmoderna, con influencias de Kafka, Beckett y Cervantes.<\/p>\n<p>A lo largo de su trayectoria, escribi\u00f3 obras como El palacio de la luna, Leviat\u00e1n, La m\u00fasica del azar, El libro de las ilusiones y 4321, su ambiciosa novela de 2017 que fue finalista del premio Booker. Tambi\u00e9n incursion\u00f3 en el cine como guionista y director con pel\u00edculas como Smoke y Blue in the Face. Su estilo se caracteriza por una prosa sobria, elegante y cargada de simbolismo, en la que el azar, la identidad y la memoria son temas recurrentes.<\/p>\n<p>Durante su carrera, recibi\u00f3 numerosos galardones, entre ellos el Premio Pr\u00edncipe de Asturias de las Letras en 2006 y el Premio M\u00e9dicis Extranjero en 1993. Falleci\u00f3 el 30 de abril de 2024 en Nueva York, a los 77 a\u00f1os. Su legado permanece como el de un arquitecto de la casualidad, un narrador que supo convertir lo incierto en literatura esencial.<\/p>\n<figure id=\"attachment_10217\" aria-describedby=\"caption-attachment-10217\" style=\"width: 225px\" class=\"wp-caption aligncenter\"><a href=\"https:\/\/rafaramirez.org\/blog\/wp-content\/uploads\/2025\/08\/Paul_Auster_portrait_ok.jpg\" target=\"_blank\" rel=\"noopener\"><img loading=\"lazy\" decoding=\"async\" class=\"wp-image-10217 size-medium\" src=\"https:\/\/rafaramirez.org\/blog\/wp-content\/uploads\/2025\/08\/Paul_Auster_portrait_ok-225x300.jpg\" alt=\"El escritor Paul Auster. Blog de Rafael Ram\u00edrez. Fuente: Wikipedia.\" width=\"225\" height=\"300\" srcset=\"https:\/\/rafaramirez.org\/blog\/wp-content\/uploads\/2025\/08\/Paul_Auster_portrait_ok-225x300.jpg 225w, https:\/\/rafaramirez.org\/blog\/wp-content\/uploads\/2025\/08\/Paul_Auster_portrait_ok.jpg 750w\" sizes=\"auto, (max-width: 225px) 100vw, 225px\" \/><\/a><figcaption id=\"caption-attachment-10217\" class=\"wp-caption-text\">El escritor Paul Auster. Blog de Rafael Ram\u00edrez. Fuente: Wikipedia.<\/figcaption><\/figure>\n<p>M\u00e1s informaci\u00f3n:<\/p>\n<ul>\n<li><a href=\"https:\/\/www.casadellibro.com\/libro-baumgartner\/9788432243295\/14508104\" target=\"_blank\" rel=\"noopener\">BAUMGARTNER | Paul Auster | Seix Barral | Casa del Libro<\/a>.<\/li>\n<li><a href=\"https:\/\/www.lecturalia.com\/libro\/111954\/baumgartner\" target=\"_blank\" rel=\"noopener\">Baumgartner &#8211; Libro de Paul Auster: rese\u00f1a, resumen y opiniones<\/a>.<\/li>\n<li><a href=\"https:\/\/es.wikipedia.org\/wiki\/Paul_Auster\" target=\"_blank\" rel=\"noopener\">Paul Auster &#8211; Wikipedia, la enciclopedia libre<\/a>.<\/li>\n<li><a href=\"https:\/\/rafaramirez.org\/blog\/index.php\/category\/arte\/literatura\/\" target=\"_blank\" rel=\"noopener\">Otra lectura recomendada<\/a>.<\/li>\n<\/ul>\n","protected":false},"excerpt":{"rendered":"<p>Hoy os hablo de \u00abBaumgartner\u00bb, de Paul Auster. La novela, publicada en febrero de 2024 por Seix Barral y traducida por Benito G\u00f3mez Ib\u00e1\u00f1ez, supone el regreso de Paul Auster a la narrativa y se presenta en la colecci\u00f3n Biblioteca Formentor en una edici\u00f3n de tapa blanda con un formato sencillo pero elegante que invita [&hellip;]<\/p>\n","protected":false},"author":1,"featured_media":10218,"comment_status":"open","ping_status":"closed","sticky":false,"template":"","format":"standard","meta":{"site-container-style":"default","site-container-layout":"default","site-sidebar-layout":"default","disable-article-header":"default","disable-site-header":"default","disable-site-footer":"default","disable-content-area-spacing":"default","_jetpack_newsletter_access":"","_jetpack_dont_email_post_to_subs":false,"_jetpack_newsletter_tier_id":0,"_jetpack_memberships_contains_paywalled_content":false,"_jetpack_feature_clip_id":0,"_jetpack_memberships_contains_paid_content":false,"footnotes":"","jetpack_publicize_message":"","jetpack_publicize_feature_enabled":true,"jetpack_social_post_already_shared":true,"jetpack_social_options":{"image_generator_settings":{"template":"highway","default_image_id":0,"font":"","enabled":false},"version":2},"jetpack_post_was_ever_published":false},"categories":[710],"tags":[4451,4452,1585,3610,4454,4455,4453],"class_list":["post-10207","post","type-post","status-publish","format-standard","has-post-thumbnail","hentry","category-literatura","tag-baumgartner-de-paul-auster","tag-baumgartner","tag-critica-literaria","tag-lectura-recomendada","tag-libros-de-2024","tag-mejores-libros-de-2024","tag-paul-auster"],"yoast_head":"<!-- This site is optimized with the Yoast SEO plugin v28.4 - https:\/\/yoast.com\/product\/yoast-seo-wordpress\/ -->\n<title>&quot;Baumgartner&quot;, de Paul Auster y su eleg\u00eda luminosa sobre el amor, la memoria y la vejez. - Blog de Rafael Ram\u00edrez<\/title>\n<meta name=\"description\" content=\"Hoy os hablo de &quot;Baumgartner&quot; de Paul Auster. La novela, publicada en febrero de 2024 por Seix Barral y traducida por Benito G\u00f3mez Ib\u00e1\u00f1ez,\" \/>\n<meta name=\"robots\" content=\"index, follow, max-snippet:-1, max-image-preview:large, max-video-preview:-1\" \/>\n<link rel=\"canonical\" href=\"https:\/\/rafaramirez.org\/blog\/index.php\/2025\/08\/28\/baumgartner-paul-auster-lectura-recomendada\/\" \/>\n<meta property=\"og:locale\" content=\"es_ES\" \/>\n<meta property=\"og:type\" content=\"article\" \/>\n<meta property=\"og:title\" content=\"&quot;Baumgartner&quot;, de Paul Auster y su eleg\u00eda luminosa sobre el amor, la memoria y la vejez. - Blog de Rafael Ram\u00edrez\" \/>\n<meta property=\"og:description\" content=\"Hoy os hablo de &quot;Baumgartner&quot; de Paul Auster. La novela, publicada en febrero de 2024 por Seix Barral y traducida por Benito G\u00f3mez Ib\u00e1\u00f1ez,\" \/>\n<meta property=\"og:url\" content=\"https:\/\/rafaramirez.org\/blog\/index.php\/2025\/08\/28\/baumgartner-paul-auster-lectura-recomendada\/\" \/>\n<meta property=\"og:site_name\" content=\"Blog de Rafael Ram\u00edrez\" \/>\n<meta property=\"article:published_time\" content=\"2025-08-28T06:00:55+00:00\" \/>\n<meta property=\"article:modified_time\" content=\"2025-08-28T08:15:28+00:00\" \/>\n<meta property=\"og:image\" content=\"https:\/\/rafaramirez.org\/blog\/wp-content\/uploads\/2025\/08\/Baumgartner-de-Paul-Auster_bannerlog.jpg\" \/>\n\t<meta property=\"og:image:width\" content=\"720\" \/>\n\t<meta property=\"og:image:height\" content=\"440\" \/>\n\t<meta property=\"og:image:type\" content=\"image\/jpeg\" \/>\n<meta name=\"author\" content=\"Rafael Ram\u00edrez\" \/>\n<meta name=\"twitter:card\" content=\"summary_large_image\" \/>\n<meta name=\"twitter:creator\" content=\"@rafaramirez_ok\" \/>\n<meta name=\"twitter:site\" content=\"@rafaramirez_ok\" \/>\n<meta name=\"twitter:label1\" content=\"Escrito por\" \/>\n\t<meta name=\"twitter:data1\" content=\"Rafael Ram\u00edrez\" \/>\n\t<meta name=\"twitter:label2\" content=\"Tiempo de lectura\" \/>\n\t<meta name=\"twitter:data2\" content=\"7 minutos\" \/>\n<script type=\"application\/ld+json\" class=\"yoast-schema-graph\">{\"@context\":\"https:\\\/\\\/schema.org\",\"@graph\":[{\"@type\":\"Article\",\"@id\":\"https:\\\/\\\/rafaramirez.org\\\/blog\\\/index.php\\\/2025\\\/08\\\/28\\\/baumgartner-paul-auster-lectura-recomendada\\\/#article\",\"isPartOf\":{\"@id\":\"https:\\\/\\\/rafaramirez.org\\\/blog\\\/index.php\\\/2025\\\/08\\\/28\\\/baumgartner-paul-auster-lectura-recomendada\\\/\"},\"author\":{\"name\":\"Rafael Ram\u00edrez\",\"@id\":\"https:\\\/\\\/rafaramirez.org\\\/blog\\\/#\\\/schema\\\/person\\\/50f43b6d60c578760d4c17bda54ab6a5\"},\"headline\":\"\u00abBaumgartner\u00bb, de Paul Auster y su eleg\u00eda luminosa sobre el amor, la memoria y la vejez.\",\"datePublished\":\"2025-08-28T06:00:55+00:00\",\"dateModified\":\"2025-08-28T08:15:28+00:00\",\"mainEntityOfPage\":{\"@id\":\"https:\\\/\\\/rafaramirez.org\\\/blog\\\/index.php\\\/2025\\\/08\\\/28\\\/baumgartner-paul-auster-lectura-recomendada\\\/\"},\"wordCount\":1505,\"commentCount\":0,\"publisher\":{\"@id\":\"https:\\\/\\\/rafaramirez.org\\\/blog\\\/#\\\/schema\\\/person\\\/50f43b6d60c578760d4c17bda54ab6a5\"},\"image\":{\"@id\":\"https:\\\/\\\/rafaramirez.org\\\/blog\\\/index.php\\\/2025\\\/08\\\/28\\\/baumgartner-paul-auster-lectura-recomendada\\\/#primaryimage\"},\"thumbnailUrl\":\"https:\\\/\\\/rafaramirez.org\\\/blog\\\/wp-content\\\/uploads\\\/2025\\\/08\\\/Baumgartner-de-Paul-Auster_bannerlog.jpg\",\"keywords\":[\"\\\"Baumgartner\\\" de Paul Auster\",\"Baumgartner\",\"cr\u00edtica literaria\",\"lectura recomendada\",\"libros de 2024\",\"mejores libros de 2024\",\"Paul Auster\"],\"articleSection\":[\"Literatura\"],\"inLanguage\":\"es\",\"potentialAction\":[{\"@type\":\"CommentAction\",\"name\":\"Comment\",\"target\":[\"https:\\\/\\\/rafaramirez.org\\\/blog\\\/index.php\\\/2025\\\/08\\\/28\\\/baumgartner-paul-auster-lectura-recomendada\\\/#respond\"]}]},{\"@type\":\"WebPage\",\"@id\":\"https:\\\/\\\/rafaramirez.org\\\/blog\\\/index.php\\\/2025\\\/08\\\/28\\\/baumgartner-paul-auster-lectura-recomendada\\\/\",\"url\":\"https:\\\/\\\/rafaramirez.org\\\/blog\\\/index.php\\\/2025\\\/08\\\/28\\\/baumgartner-paul-auster-lectura-recomendada\\\/\",\"name\":\"\\\"Baumgartner\\\", de Paul Auster y su eleg\u00eda luminosa sobre el amor, la memoria y la vejez. - Blog de Rafael Ram\u00edrez\",\"isPartOf\":{\"@id\":\"https:\\\/\\\/rafaramirez.org\\\/blog\\\/#website\"},\"primaryImageOfPage\":{\"@id\":\"https:\\\/\\\/rafaramirez.org\\\/blog\\\/index.php\\\/2025\\\/08\\\/28\\\/baumgartner-paul-auster-lectura-recomendada\\\/#primaryimage\"},\"image\":{\"@id\":\"https:\\\/\\\/rafaramirez.org\\\/blog\\\/index.php\\\/2025\\\/08\\\/28\\\/baumgartner-paul-auster-lectura-recomendada\\\/#primaryimage\"},\"thumbnailUrl\":\"https:\\\/\\\/rafaramirez.org\\\/blog\\\/wp-content\\\/uploads\\\/2025\\\/08\\\/Baumgartner-de-Paul-Auster_bannerlog.jpg\",\"datePublished\":\"2025-08-28T06:00:55+00:00\",\"dateModified\":\"2025-08-28T08:15:28+00:00\",\"description\":\"Hoy os hablo de \\\"Baumgartner\\\" de Paul Auster. La novela, publicada en febrero de 2024 por Seix Barral y traducida por Benito G\u00f3mez Ib\u00e1\u00f1ez,\",\"breadcrumb\":{\"@id\":\"https:\\\/\\\/rafaramirez.org\\\/blog\\\/index.php\\\/2025\\\/08\\\/28\\\/baumgartner-paul-auster-lectura-recomendada\\\/#breadcrumb\"},\"inLanguage\":\"es\",\"potentialAction\":[{\"@type\":\"ReadAction\",\"target\":[\"https:\\\/\\\/rafaramirez.org\\\/blog\\\/index.php\\\/2025\\\/08\\\/28\\\/baumgartner-paul-auster-lectura-recomendada\\\/\"]}]},{\"@type\":\"ImageObject\",\"inLanguage\":\"es\",\"@id\":\"https:\\\/\\\/rafaramirez.org\\\/blog\\\/index.php\\\/2025\\\/08\\\/28\\\/baumgartner-paul-auster-lectura-recomendada\\\/#primaryimage\",\"url\":\"https:\\\/\\\/rafaramirez.org\\\/blog\\\/wp-content\\\/uploads\\\/2025\\\/08\\\/Baumgartner-de-Paul-Auster_bannerlog.jpg\",\"contentUrl\":\"https:\\\/\\\/rafaramirez.org\\\/blog\\\/wp-content\\\/uploads\\\/2025\\\/08\\\/Baumgartner-de-Paul-Auster_bannerlog.jpg\",\"width\":720,\"height\":440,\"caption\":\"\\\"Baumgartner\\\" de Paul Auster. Lectura recomendada. Blog de Rafael Ram\u00edrez.\"},{\"@type\":\"BreadcrumbList\",\"@id\":\"https:\\\/\\\/rafaramirez.org\\\/blog\\\/index.php\\\/2025\\\/08\\\/28\\\/baumgartner-paul-auster-lectura-recomendada\\\/#breadcrumb\",\"itemListElement\":[{\"@type\":\"ListItem\",\"position\":1,\"name\":\"Portada\",\"item\":\"https:\\\/\\\/rafaramirez.org\\\/blog\\\/\"},{\"@type\":\"ListItem\",\"position\":2,\"name\":\"\u00abBaumgartner\u00bb, de Paul Auster y su eleg\u00eda luminosa sobre el amor, la memoria y la vejez.\"}]},{\"@type\":\"WebSite\",\"@id\":\"https:\\\/\\\/rafaramirez.org\\\/blog\\\/#website\",\"url\":\"https:\\\/\\\/rafaramirez.org\\\/blog\\\/\",\"name\":\"Blog de Rafael Ram\u00edrez\",\"description\":\"Un sitio social, de arte y cultura\",\"publisher\":{\"@id\":\"https:\\\/\\\/rafaramirez.org\\\/blog\\\/#\\\/schema\\\/person\\\/50f43b6d60c578760d4c17bda54ab6a5\"},\"potentialAction\":[{\"@type\":\"SearchAction\",\"target\":{\"@type\":\"EntryPoint\",\"urlTemplate\":\"https:\\\/\\\/rafaramirez.org\\\/blog\\\/?s={search_term_string}\"},\"query-input\":{\"@type\":\"PropertyValueSpecification\",\"valueRequired\":true,\"valueName\":\"search_term_string\"}}],\"inLanguage\":\"es\"},{\"@type\":[\"Person\",\"Organization\"],\"@id\":\"https:\\\/\\\/rafaramirez.org\\\/blog\\\/#\\\/schema\\\/person\\\/50f43b6d60c578760d4c17bda54ab6a5\",\"name\":\"Rafael Ram\u00edrez\",\"image\":{\"@type\":\"ImageObject\",\"inLanguage\":\"es\",\"@id\":\"https:\\\/\\\/rafaramirez.org\\\/blog\\\/wp-content\\\/uploads\\\/2024\\\/09\\\/RR_socialnetwork.jpg\",\"url\":\"https:\\\/\\\/rafaramirez.org\\\/blog\\\/wp-content\\\/uploads\\\/2024\\\/09\\\/RR_socialnetwork.jpg\",\"contentUrl\":\"https:\\\/\\\/rafaramirez.org\\\/blog\\\/wp-content\\\/uploads\\\/2024\\\/09\\\/RR_socialnetwork.jpg\",\"width\":600,\"height\":606,\"caption\":\"Rafael Ram\u00edrez\"},\"logo\":{\"@id\":\"https:\\\/\\\/rafaramirez.org\\\/blog\\\/wp-content\\\/uploads\\\/2024\\\/09\\\/RR_socialnetwork.jpg\"},\"sameAs\":[\"https:\\\/\\\/www.rafaramirez.org\\\/blog\",\"https:\\\/\\\/www.instagram.com\\\/rafaramirez_ok\\\/\",\"https:\\\/\\\/es.pinterest.com\\\/Ramirez_Rafa\\\/\",\"https:\\\/\\\/x.com\\\/rafaramirez_ok\"],\"url\":\"https:\\\/\\\/rafaramirez.org\\\/blog\\\/index.php\\\/author\\\/rafaell_qm6j97da\\\/\"}]}<\/script>\n<!-- \/ Yoast SEO plugin. -->","yoast_head_json":{"title":"\"Baumgartner\", de Paul Auster y su eleg\u00eda luminosa sobre el amor, la memoria y la vejez. - Blog de Rafael Ram\u00edrez","description":"Hoy os hablo de \"Baumgartner\" de Paul Auster. La novela, publicada en febrero de 2024 por Seix Barral y traducida por Benito G\u00f3mez Ib\u00e1\u00f1ez,","robots":{"index":"index","follow":"follow","max-snippet":"max-snippet:-1","max-image-preview":"max-image-preview:large","max-video-preview":"max-video-preview:-1"},"canonical":"https:\/\/rafaramirez.org\/blog\/index.php\/2025\/08\/28\/baumgartner-paul-auster-lectura-recomendada\/","og_locale":"es_ES","og_type":"article","og_title":"\"Baumgartner\", de Paul Auster y su eleg\u00eda luminosa sobre el amor, la memoria y la vejez. - Blog de Rafael Ram\u00edrez","og_description":"Hoy os hablo de \"Baumgartner\" de Paul Auster. La novela, publicada en febrero de 2024 por Seix Barral y traducida por Benito G\u00f3mez Ib\u00e1\u00f1ez,","og_url":"https:\/\/rafaramirez.org\/blog\/index.php\/2025\/08\/28\/baumgartner-paul-auster-lectura-recomendada\/","og_site_name":"Blog de Rafael Ram\u00edrez","article_published_time":"2025-08-28T06:00:55+00:00","article_modified_time":"2025-08-28T08:15:28+00:00","og_image":[{"width":720,"height":440,"url":"https:\/\/rafaramirez.org\/blog\/wp-content\/uploads\/2025\/08\/Baumgartner-de-Paul-Auster_bannerlog.jpg","type":"image\/jpeg"}],"author":"Rafael Ram\u00edrez","twitter_card":"summary_large_image","twitter_creator":"@rafaramirez_ok","twitter_site":"@rafaramirez_ok","twitter_misc":{"Escrito por":"Rafael Ram\u00edrez","Tiempo de lectura":"7 minutos"},"schema":{"@context":"https:\/\/schema.org","@graph":[{"@type":"Article","@id":"https:\/\/rafaramirez.org\/blog\/index.php\/2025\/08\/28\/baumgartner-paul-auster-lectura-recomendada\/#article","isPartOf":{"@id":"https:\/\/rafaramirez.org\/blog\/index.php\/2025\/08\/28\/baumgartner-paul-auster-lectura-recomendada\/"},"author":{"name":"Rafael Ram\u00edrez","@id":"https:\/\/rafaramirez.org\/blog\/#\/schema\/person\/50f43b6d60c578760d4c17bda54ab6a5"},"headline":"\u00abBaumgartner\u00bb, de Paul Auster y su eleg\u00eda luminosa sobre el amor, la memoria y la vejez.","datePublished":"2025-08-28T06:00:55+00:00","dateModified":"2025-08-28T08:15:28+00:00","mainEntityOfPage":{"@id":"https:\/\/rafaramirez.org\/blog\/index.php\/2025\/08\/28\/baumgartner-paul-auster-lectura-recomendada\/"},"wordCount":1505,"commentCount":0,"publisher":{"@id":"https:\/\/rafaramirez.org\/blog\/#\/schema\/person\/50f43b6d60c578760d4c17bda54ab6a5"},"image":{"@id":"https:\/\/rafaramirez.org\/blog\/index.php\/2025\/08\/28\/baumgartner-paul-auster-lectura-recomendada\/#primaryimage"},"thumbnailUrl":"https:\/\/rafaramirez.org\/blog\/wp-content\/uploads\/2025\/08\/Baumgartner-de-Paul-Auster_bannerlog.jpg","keywords":["\"Baumgartner\" de Paul Auster","Baumgartner","cr\u00edtica literaria","lectura recomendada","libros de 2024","mejores libros de 2024","Paul Auster"],"articleSection":["Literatura"],"inLanguage":"es","potentialAction":[{"@type":"CommentAction","name":"Comment","target":["https:\/\/rafaramirez.org\/blog\/index.php\/2025\/08\/28\/baumgartner-paul-auster-lectura-recomendada\/#respond"]}]},{"@type":"WebPage","@id":"https:\/\/rafaramirez.org\/blog\/index.php\/2025\/08\/28\/baumgartner-paul-auster-lectura-recomendada\/","url":"https:\/\/rafaramirez.org\/blog\/index.php\/2025\/08\/28\/baumgartner-paul-auster-lectura-recomendada\/","name":"\"Baumgartner\", de Paul Auster y su eleg\u00eda luminosa sobre el amor, la memoria y la vejez. - Blog de Rafael Ram\u00edrez","isPartOf":{"@id":"https:\/\/rafaramirez.org\/blog\/#website"},"primaryImageOfPage":{"@id":"https:\/\/rafaramirez.org\/blog\/index.php\/2025\/08\/28\/baumgartner-paul-auster-lectura-recomendada\/#primaryimage"},"image":{"@id":"https:\/\/rafaramirez.org\/blog\/index.php\/2025\/08\/28\/baumgartner-paul-auster-lectura-recomendada\/#primaryimage"},"thumbnailUrl":"https:\/\/rafaramirez.org\/blog\/wp-content\/uploads\/2025\/08\/Baumgartner-de-Paul-Auster_bannerlog.jpg","datePublished":"2025-08-28T06:00:55+00:00","dateModified":"2025-08-28T08:15:28+00:00","description":"Hoy os hablo de \"Baumgartner\" de Paul Auster. La novela, publicada en febrero de 2024 por Seix Barral y traducida por Benito G\u00f3mez Ib\u00e1\u00f1ez,","breadcrumb":{"@id":"https:\/\/rafaramirez.org\/blog\/index.php\/2025\/08\/28\/baumgartner-paul-auster-lectura-recomendada\/#breadcrumb"},"inLanguage":"es","potentialAction":[{"@type":"ReadAction","target":["https:\/\/rafaramirez.org\/blog\/index.php\/2025\/08\/28\/baumgartner-paul-auster-lectura-recomendada\/"]}]},{"@type":"ImageObject","inLanguage":"es","@id":"https:\/\/rafaramirez.org\/blog\/index.php\/2025\/08\/28\/baumgartner-paul-auster-lectura-recomendada\/#primaryimage","url":"https:\/\/rafaramirez.org\/blog\/wp-content\/uploads\/2025\/08\/Baumgartner-de-Paul-Auster_bannerlog.jpg","contentUrl":"https:\/\/rafaramirez.org\/blog\/wp-content\/uploads\/2025\/08\/Baumgartner-de-Paul-Auster_bannerlog.jpg","width":720,"height":440,"caption":"\"Baumgartner\" de Paul Auster. Lectura recomendada. Blog de Rafael Ram\u00edrez."},{"@type":"BreadcrumbList","@id":"https:\/\/rafaramirez.org\/blog\/index.php\/2025\/08\/28\/baumgartner-paul-auster-lectura-recomendada\/#breadcrumb","itemListElement":[{"@type":"ListItem","position":1,"name":"Portada","item":"https:\/\/rafaramirez.org\/blog\/"},{"@type":"ListItem","position":2,"name":"\u00abBaumgartner\u00bb, de Paul Auster y su eleg\u00eda luminosa sobre el amor, la memoria y la vejez."}]},{"@type":"WebSite","@id":"https:\/\/rafaramirez.org\/blog\/#website","url":"https:\/\/rafaramirez.org\/blog\/","name":"Blog de Rafael Ram\u00edrez","description":"Un sitio social, de arte y cultura","publisher":{"@id":"https:\/\/rafaramirez.org\/blog\/#\/schema\/person\/50f43b6d60c578760d4c17bda54ab6a5"},"potentialAction":[{"@type":"SearchAction","target":{"@type":"EntryPoint","urlTemplate":"https:\/\/rafaramirez.org\/blog\/?s={search_term_string}"},"query-input":{"@type":"PropertyValueSpecification","valueRequired":true,"valueName":"search_term_string"}}],"inLanguage":"es"},{"@type":["Person","Organization"],"@id":"https:\/\/rafaramirez.org\/blog\/#\/schema\/person\/50f43b6d60c578760d4c17bda54ab6a5","name":"Rafael Ram\u00edrez","image":{"@type":"ImageObject","inLanguage":"es","@id":"https:\/\/rafaramirez.org\/blog\/wp-content\/uploads\/2024\/09\/RR_socialnetwork.jpg","url":"https:\/\/rafaramirez.org\/blog\/wp-content\/uploads\/2024\/09\/RR_socialnetwork.jpg","contentUrl":"https:\/\/rafaramirez.org\/blog\/wp-content\/uploads\/2024\/09\/RR_socialnetwork.jpg","width":600,"height":606,"caption":"Rafael Ram\u00edrez"},"logo":{"@id":"https:\/\/rafaramirez.org\/blog\/wp-content\/uploads\/2024\/09\/RR_socialnetwork.jpg"},"sameAs":["https:\/\/www.rafaramirez.org\/blog","https:\/\/www.instagram.com\/rafaramirez_ok\/","https:\/\/es.pinterest.com\/Ramirez_Rafa\/","https:\/\/x.com\/rafaramirez_ok"],"url":"https:\/\/rafaramirez.org\/blog\/index.php\/author\/rafaell_qm6j97da\/"}]}},"jetpack_publicize_connections":[],"jetpack_sharing_enabled":true,"jetpack_likes_enabled":true,"jetpack_featured_media_url":"https:\/\/rafaramirez.org\/blog\/wp-content\/uploads\/2025\/08\/Baumgartner-de-Paul-Auster_bannerlog.jpg","_links":{"self":[{"href":"https:\/\/rafaramirez.org\/blog\/index.php\/wp-json\/wp\/v2\/posts\/10207","targetHints":{"allow":["GET"]}}],"collection":[{"href":"https:\/\/rafaramirez.org\/blog\/index.php\/wp-json\/wp\/v2\/posts"}],"about":[{"href":"https:\/\/rafaramirez.org\/blog\/index.php\/wp-json\/wp\/v2\/types\/post"}],"author":[{"embeddable":true,"href":"https:\/\/rafaramirez.org\/blog\/index.php\/wp-json\/wp\/v2\/users\/1"}],"replies":[{"embeddable":true,"href":"https:\/\/rafaramirez.org\/blog\/index.php\/wp-json\/wp\/v2\/comments?post=10207"}],"version-history":[{"count":8,"href":"https:\/\/rafaramirez.org\/blog\/index.php\/wp-json\/wp\/v2\/posts\/10207\/revisions"}],"predecessor-version":[{"id":10341,"href":"https:\/\/rafaramirez.org\/blog\/index.php\/wp-json\/wp\/v2\/posts\/10207\/revisions\/10341"}],"wp:featuredmedia":[{"embeddable":true,"href":"https:\/\/rafaramirez.org\/blog\/index.php\/wp-json\/wp\/v2\/media\/10218"}],"wp:attachment":[{"href":"https:\/\/rafaramirez.org\/blog\/index.php\/wp-json\/wp\/v2\/media?parent=10207"}],"wp:term":[{"taxonomy":"category","embeddable":true,"href":"https:\/\/rafaramirez.org\/blog\/index.php\/wp-json\/wp\/v2\/categories?post=10207"},{"taxonomy":"post_tag","embeddable":true,"href":"https:\/\/rafaramirez.org\/blog\/index.php\/wp-json\/wp\/v2\/tags?post=10207"}],"curies":[{"name":"wp","href":"https:\/\/api.w.org\/{rel}","templated":true}]}}