{"id":10138,"date":"2025-08-25T08:00:41","date_gmt":"2025-08-25T06:00:41","guid":{"rendered":"https:\/\/rafaramirez.org\/blog\/?p=10138"},"modified":"2025-07-29T12:32:38","modified_gmt":"2025-07-29T10:32:38","slug":"semana-mundial-del-agua-2025","status":"publish","type":"post","link":"https:\/\/rafaramirez.org\/blog\/index.php\/2025\/08\/25\/semana-mundial-del-agua-2025\/","title":{"rendered":"Semana Mundial del Agua 2025: impulsando la seguridad h\u00eddrica y clim\u00e1tica."},"content":{"rendered":"<p>La <strong>Semana Mundial del Agua<\/strong> es una conferencia anual organizada por el Instituto Internacional del Agua de Estocolmo (SIWI, por sus siglas en ingl\u00e9s) para promover la cooperaci\u00f3n intersectorial y transfronteriza en la gesti\u00f3n del agua. En ella se re\u00fanen responsables pol\u00edticos, cient\u00edficos, empresas y representantes de la sociedad civil para debatir soluciones que marquen una diferencia real en torno a los desaf\u00edos h\u00eddricos globales.<\/p>\n<h3>Fechas y lugar.<\/h3>\n<p>La edici\u00f3n de 2025 se celebrar\u00e1 del 24 al 28 de agosto, con sesiones presenciales en Estocolmo (Suecia) y participaci\u00f3n virtual a trav\u00e9s de una plataforma digital. Esta modalidad h\u00edbrida facilitar\u00e1 el acceso de ponentes y asistentes de todo el mundo.<\/p>\n<h3>Tema de 2025.<\/h3>\n<p>El lema de este a\u00f1o es \u201cAgua para la acci\u00f3n clim\u00e1tica\u201d. Se centra en el papel esencial del agua para mitigar el cambio clim\u00e1tico y aumentar la resiliencia frente a sus efectos, abordando las emergencias relacionadas con la degradaci\u00f3n medioambiental y la p\u00e9rdida de biodiversidad.<\/p>\n<h3>Objetivos y enfoque.<\/h3>\n<ul>\n<li>Impulsar la gesti\u00f3n del agua como herramienta clave para la adaptaci\u00f3n y mitigaci\u00f3n del cambio clim\u00e1tico.<\/li>\n<li>Fomentar alianzas multisectoriales y transfronterizas para acelerar el logro de los Objetivos de Desarrollo Sostenible.<\/li>\n<li>Promover tecnolog\u00edas y pol\u00edticas innovadoras que garanticen la seguridad h\u00eddrica y la salud de los ecosistemas.<\/li>\n<\/ul>\n<h3>El problema del acceso al agua potable.<\/h3>\n<p>Seg\u00fan un informe conjunto de UNICEF y la Organizaci\u00f3n Mundial de la Salud de 2019, m\u00e1s de 2200 millones de personas en todo el mundo carecen de acceso a servicios de agua potable gestionados de manera segura. Adem\u00e1s, 4200 millones de personas no disponen de servicios de saneamiento gestionados de manera segura y 3000 millones carecen de instalaciones b\u00e1sicas para el lavado de manos. Aunque se han producido avances significativos desde el a\u00f1o 2000, a\u00fan existen desigualdades en la calidad de los servicios prestados. Por ejemplo, 785 millones de personas beben agua superficial sin tratar y ocho de cada diez personas en zonas rurales carecen de acceso a estos servicios.<\/p>\n<figure id=\"attachment_5473\" aria-describedby=\"caption-attachment-5473\" style=\"width: 300px\" class=\"wp-caption aligncenter\"><a href=\"https:\/\/rafaramirez.org\/blog\/wp-content\/uploads\/2024\/08\/frog-2403334.jpg\" target=\"_blank\" rel=\"noopener\"><img loading=\"lazy\" decoding=\"async\" class=\"wp-image-5473 size-medium\" src=\"https:\/\/rafaramirez.org\/blog\/wp-content\/uploads\/2024\/08\/frog-2403334-300x225.jpg\" alt=\"Semana Mundial del Agua 2025. Blog de Rafael Ram\u00edrez.\" width=\"300\" height=\"225\" srcset=\"https:\/\/rafaramirez.org\/blog\/wp-content\/uploads\/2024\/08\/frog-2403334-300x225.jpg 300w, https:\/\/rafaramirez.org\/blog\/wp-content\/uploads\/2024\/08\/frog-2403334-1024x768.jpg 1024w, https:\/\/rafaramirez.org\/blog\/wp-content\/uploads\/2024\/08\/frog-2403334-768x576.jpg 768w, https:\/\/rafaramirez.org\/blog\/wp-content\/uploads\/2024\/08\/frog-2403334.jpg 1400w\" sizes=\"auto, (max-width: 300px) 100vw, 300px\" \/><\/a><figcaption id=\"caption-attachment-5473\" class=\"wp-caption-text\">Semana Mundial del Agua 2025. Blog de Rafael Ram\u00edrez.<\/figcaption><\/figure>\n<h3>Actividades clave.<\/h3>\n<ul>\n<li>Serie de seminarios de SIWI: an\u00e1lisis en profundidad desde distintas perspectivas.<\/li>\n<li>Centre Stage: espacio central de debate y networking.<\/li>\n<li>Premio Stockholm Water Prize: galard\u00f3n considerado el \u00abNobel del agua\u00bb.<\/li>\n<li>Premio Stockholm Junior Water Prize: concurso para j\u00f3venes investigadores de entre 15 y 20 a\u00f1os.<\/li>\n<li>Foros tem\u00e1ticos, talleres y presentaciones de proyectos de impacto.<\/li>\n<\/ul>\n<h3>Inscripci\u00f3n y participaci\u00f3n.<\/h3>\n<p>La Semana Mundial del Agua ofrece distintas v\u00edas de participaci\u00f3n: asistencia presencial, acceso a contenidos en l\u00ednea y suscripci\u00f3n al bolet\u00edn de noticias. Las inscripciones y el programa completo est\u00e1n disponibles en la plataforma oficial del evento.<\/p>\n<h3>Importancia y contexto global.<\/h3>\n<p>Este encuentro anual es un momento crucial para la acci\u00f3n colectiva en materia de agua, ya que fomenta alianzas y pol\u00edticas que trascienden fronteras. Al reunir a participantes de diversos sectores, se traza un camino firme hacia una gesti\u00f3n h\u00eddrica sostenible y clim\u00e1ticamente inteligente para el futuro.<\/p>\n<p>M\u00e1s informaci\u00f3n:<\/p>\n<ul>\n<li style=\"list-style-type: none;\">\n<ul>\n<li><a href=\"https:\/\/www.un-igrac.org\/es\/latest\/events\/world-water-week-2025-stockholm-sweden\/\" target=\"_blank\" rel=\"noopener\">Semana Mundial del Agua 2025 | Estocolmo, Suecia &#8211; IGRAC<\/a>.<\/li>\n<li><a href=\"https:\/\/www.worldwaterweek.org\/programme\" target=\"_blank\" rel=\"noopener\">In Stockholm or online<\/a>.<\/li>\n<li><a href=\"https:\/\/www.unicef.org\/es\/comunicados-prensa\/1-de-cada-3-personas-en-el-mundo-no-tiene-acceso-a-agua-potable\" target=\"_blank\" rel=\"noopener\">UNICEF.org<\/a><\/li>\n<\/ul>\n<\/li>\n<\/ul>\n","protected":false},"excerpt":{"rendered":"<p>La Semana Mundial del Agua es una conferencia anual organizada por el Instituto Internacional del Agua de Estocolmo (SIWI, por sus siglas en ingl\u00e9s) para promover la cooperaci\u00f3n intersectorial y transfronteriza en la gesti\u00f3n del agua. En ella se re\u00fanen responsables pol\u00edticos, cient\u00edficos, empresas y representantes de la sociedad civil para debatir soluciones que marquen [&hellip;]<\/p>\n","protected":false},"author":1,"featured_media":10142,"comment_status":"open","ping_status":"closed","sticky":false,"template":"","format":"standard","meta":{"site-container-style":"default","site-container-layout":"default","site-sidebar-layout":"default","disable-article-header":"default","disable-site-header":"default","disable-site-footer":"default","disable-content-area-spacing":"default","_jetpack_newsletter_access":"","_jetpack_dont_email_post_to_subs":false,"_jetpack_newsletter_tier_id":0,"_jetpack_memberships_contains_paywalled_content":false,"_jetpack_feature_clip_id":0,"_jetpack_memberships_contains_paid_content":false,"footnotes":"","jetpack_publicize_message":"","jetpack_publicize_feature_enabled":true,"jetpack_social_post_already_shared":true,"jetpack_social_options":{"image_generator_settings":{"template":"highway","default_image_id":0,"font":"","enabled":false},"version":2},"jetpack_post_was_ever_published":false},"categories":[1291,15],"tags":[1652,3129,3135,3136,1323,228,3134,330,2330,3132,3133,336,338,998,3128,3137,3131,3130],"class_list":["post-10138","post","type-post","status-publish","format-standard","has-post-thumbnail","hentry","category-efemerides","category-noticias-sociales","tag-1652","tag-bridging-borders-water-for-a-peaceful-and-sustainable-future","tag-colaboracion-publico-privada","tag-educacion-y-concienciacion","tag-efemerides","tag-informe","tag-inversiones-en-infraestructura","tag-noticias-sociales","tag-objetivos-de-desarrollo-sostenible","tag-ods","tag-ods-6","tag-oms","tag-organizacion-mundial-de-la-salud","tag-problema-social","tag-semana-mundial-del-agua","tag-tecnologia-y-soluciones-innovadoras","tag-unicef","tag-uniendo-fronteras-agua-para-un-futuro-pacifico-y-sostenible"],"yoast_head":"<!-- This site is optimized with the Yoast SEO plugin v28.4 - https:\/\/yoast.com\/product\/yoast-seo-wordpress\/ -->\n<title>Semana Mundial del Agua 2025: impulsando la seguridad h\u00eddrica y clim\u00e1tica. - Blog de Rafael Ram\u00edrez<\/title>\n<meta name=\"description\" content=\"La Semana Mundial del Agua es la conferencia anual organizada por el Stockholm International Water Institute (SIWI)para promover la...\" \/>\n<meta name=\"robots\" content=\"index, follow, max-snippet:-1, max-image-preview:large, max-video-preview:-1\" \/>\n<link rel=\"canonical\" href=\"https:\/\/rafaramirez.org\/blog\/index.php\/2025\/08\/25\/semana-mundial-del-agua-2025\/\" \/>\n<meta property=\"og:locale\" content=\"es_ES\" \/>\n<meta property=\"og:type\" content=\"article\" \/>\n<meta property=\"og:title\" content=\"Semana Mundial del Agua 2025: impulsando la seguridad h\u00eddrica y clim\u00e1tica. - Blog de Rafael Ram\u00edrez\" \/>\n<meta property=\"og:description\" content=\"La Semana Mundial del Agua es la conferencia anual organizada por el Stockholm International Water Institute (SIWI)para promover la...\" \/>\n<meta property=\"og:url\" content=\"https:\/\/rafaramirez.org\/blog\/index.php\/2025\/08\/25\/semana-mundial-del-agua-2025\/\" \/>\n<meta property=\"og:site_name\" content=\"Blog de Rafael Ram\u00edrez\" \/>\n<meta property=\"article:published_time\" content=\"2025-08-25T06:00:41+00:00\" \/>\n<meta property=\"og:image\" content=\"https:\/\/rafaramirez.org\/blog\/wp-content\/uploads\/2025\/08\/semana-mundial-del-agua-2025_bannerlog.jpg\" \/>\n\t<meta property=\"og:image:width\" content=\"720\" \/>\n\t<meta property=\"og:image:height\" content=\"440\" \/>\n\t<meta property=\"og:image:type\" content=\"image\/jpeg\" \/>\n<meta name=\"author\" content=\"Rafael Ram\u00edrez\" \/>\n<meta name=\"twitter:card\" content=\"summary_large_image\" \/>\n<meta name=\"twitter:creator\" content=\"@rafaramirez_ok\" \/>\n<meta name=\"twitter:site\" content=\"@rafaramirez_ok\" \/>\n<meta name=\"twitter:label1\" content=\"Escrito por\" \/>\n\t<meta name=\"twitter:data1\" content=\"Rafael Ram\u00edrez\" \/>\n\t<meta name=\"twitter:label2\" content=\"Tiempo de lectura\" \/>\n\t<meta name=\"twitter:data2\" content=\"3 minutos\" \/>\n<script type=\"application\/ld+json\" class=\"yoast-schema-graph\">{\"@context\":\"https:\\\/\\\/schema.org\",\"@graph\":[{\"@type\":\"Article\",\"@id\":\"https:\\\/\\\/rafaramirez.org\\\/blog\\\/index.php\\\/2025\\\/08\\\/25\\\/semana-mundial-del-agua-2025\\\/#article\",\"isPartOf\":{\"@id\":\"https:\\\/\\\/rafaramirez.org\\\/blog\\\/index.php\\\/2025\\\/08\\\/25\\\/semana-mundial-del-agua-2025\\\/\"},\"author\":{\"name\":\"Rafael Ram\u00edrez\",\"@id\":\"https:\\\/\\\/rafaramirez.org\\\/blog\\\/#\\\/schema\\\/person\\\/50f43b6d60c578760d4c17bda54ab6a5\"},\"headline\":\"Semana Mundial del Agua 2025: impulsando la seguridad h\u00eddrica y clim\u00e1tica.\",\"datePublished\":\"2025-08-25T06:00:41+00:00\",\"mainEntityOfPage\":{\"@id\":\"https:\\\/\\\/rafaramirez.org\\\/blog\\\/index.php\\\/2025\\\/08\\\/25\\\/semana-mundial-del-agua-2025\\\/\"},\"wordCount\":554,\"commentCount\":0,\"publisher\":{\"@id\":\"https:\\\/\\\/rafaramirez.org\\\/blog\\\/#\\\/schema\\\/person\\\/50f43b6d60c578760d4c17bda54ab6a5\"},\"image\":{\"@id\":\"https:\\\/\\\/rafaramirez.org\\\/blog\\\/index.php\\\/2025\\\/08\\\/25\\\/semana-mundial-del-agua-2025\\\/#primaryimage\"},\"thumbnailUrl\":\"https:\\\/\\\/rafaramirez.org\\\/blog\\\/wp-content\\\/uploads\\\/2025\\\/08\\\/semana-mundial-del-agua-2025_bannerlog.jpg\",\"keywords\":[\"2024\",\"Bridging Borders: Water for a Peaceful and Sustainable Future\",\"Colaboraci\u00f3n p\u00fablico-privada\",\"Educaci\u00f3n y concienciaci\u00f3n\",\"efem\u00e9rides\",\"informe\",\"Inversiones en infraestructura\",\"noticias sociales\",\"Objetivos de Desarrollo Sostenible\",\"ODS\",\"ODS 6\",\"oms\",\"organizacion mundial de la salud\",\"problema social\",\"Semana Mundial del Agua\",\"Tecnolog\u00eda y soluciones innovadoras\",\"UNICEF\",\"Uniendo fronteras: Agua para un futuro pac\u00edfico y sostenible\"],\"articleSection\":[\"Efem\u00e9rides\",\"Informe social\"],\"inLanguage\":\"es\",\"potentialAction\":[{\"@type\":\"CommentAction\",\"name\":\"Comment\",\"target\":[\"https:\\\/\\\/rafaramirez.org\\\/blog\\\/index.php\\\/2025\\\/08\\\/25\\\/semana-mundial-del-agua-2025\\\/#respond\"]}]},{\"@type\":\"WebPage\",\"@id\":\"https:\\\/\\\/rafaramirez.org\\\/blog\\\/index.php\\\/2025\\\/08\\\/25\\\/semana-mundial-del-agua-2025\\\/\",\"url\":\"https:\\\/\\\/rafaramirez.org\\\/blog\\\/index.php\\\/2025\\\/08\\\/25\\\/semana-mundial-del-agua-2025\\\/\",\"name\":\"Semana Mundial del Agua 2025: impulsando la seguridad h\u00eddrica y clim\u00e1tica. - Blog de Rafael Ram\u00edrez\",\"isPartOf\":{\"@id\":\"https:\\\/\\\/rafaramirez.org\\\/blog\\\/#website\"},\"primaryImageOfPage\":{\"@id\":\"https:\\\/\\\/rafaramirez.org\\\/blog\\\/index.php\\\/2025\\\/08\\\/25\\\/semana-mundial-del-agua-2025\\\/#primaryimage\"},\"image\":{\"@id\":\"https:\\\/\\\/rafaramirez.org\\\/blog\\\/index.php\\\/2025\\\/08\\\/25\\\/semana-mundial-del-agua-2025\\\/#primaryimage\"},\"thumbnailUrl\":\"https:\\\/\\\/rafaramirez.org\\\/blog\\\/wp-content\\\/uploads\\\/2025\\\/08\\\/semana-mundial-del-agua-2025_bannerlog.jpg\",\"datePublished\":\"2025-08-25T06:00:41+00:00\",\"description\":\"La Semana Mundial del Agua es la conferencia anual organizada por el Stockholm International Water Institute (SIWI)para promover la...\",\"breadcrumb\":{\"@id\":\"https:\\\/\\\/rafaramirez.org\\\/blog\\\/index.php\\\/2025\\\/08\\\/25\\\/semana-mundial-del-agua-2025\\\/#breadcrumb\"},\"inLanguage\":\"es\",\"potentialAction\":[{\"@type\":\"ReadAction\",\"target\":[\"https:\\\/\\\/rafaramirez.org\\\/blog\\\/index.php\\\/2025\\\/08\\\/25\\\/semana-mundial-del-agua-2025\\\/\"]}]},{\"@type\":\"ImageObject\",\"inLanguage\":\"es\",\"@id\":\"https:\\\/\\\/rafaramirez.org\\\/blog\\\/index.php\\\/2025\\\/08\\\/25\\\/semana-mundial-del-agua-2025\\\/#primaryimage\",\"url\":\"https:\\\/\\\/rafaramirez.org\\\/blog\\\/wp-content\\\/uploads\\\/2025\\\/08\\\/semana-mundial-del-agua-2025_bannerlog.jpg\",\"contentUrl\":\"https:\\\/\\\/rafaramirez.org\\\/blog\\\/wp-content\\\/uploads\\\/2025\\\/08\\\/semana-mundial-del-agua-2025_bannerlog.jpg\",\"width\":720,\"height\":440,\"caption\":\"Semana Mundial del Agua 2025. Blog de Rafael Ram\u00edrez.\"},{\"@type\":\"BreadcrumbList\",\"@id\":\"https:\\\/\\\/rafaramirez.org\\\/blog\\\/index.php\\\/2025\\\/08\\\/25\\\/semana-mundial-del-agua-2025\\\/#breadcrumb\",\"itemListElement\":[{\"@type\":\"ListItem\",\"position\":1,\"name\":\"Portada\",\"item\":\"https:\\\/\\\/rafaramirez.org\\\/blog\\\/\"},{\"@type\":\"ListItem\",\"position\":2,\"name\":\"Semana Mundial del Agua 2025: impulsando la seguridad h\u00eddrica y clim\u00e1tica.\"}]},{\"@type\":\"WebSite\",\"@id\":\"https:\\\/\\\/rafaramirez.org\\\/blog\\\/#website\",\"url\":\"https:\\\/\\\/rafaramirez.org\\\/blog\\\/\",\"name\":\"Blog de Rafael Ram\u00edrez\",\"description\":\"Un sitio social, de arte y cultura\",\"publisher\":{\"@id\":\"https:\\\/\\\/rafaramirez.org\\\/blog\\\/#\\\/schema\\\/person\\\/50f43b6d60c578760d4c17bda54ab6a5\"},\"potentialAction\":[{\"@type\":\"SearchAction\",\"target\":{\"@type\":\"EntryPoint\",\"urlTemplate\":\"https:\\\/\\\/rafaramirez.org\\\/blog\\\/?s={search_term_string}\"},\"query-input\":{\"@type\":\"PropertyValueSpecification\",\"valueRequired\":true,\"valueName\":\"search_term_string\"}}],\"inLanguage\":\"es\"},{\"@type\":[\"Person\",\"Organization\"],\"@id\":\"https:\\\/\\\/rafaramirez.org\\\/blog\\\/#\\\/schema\\\/person\\\/50f43b6d60c578760d4c17bda54ab6a5\",\"name\":\"Rafael Ram\u00edrez\",\"image\":{\"@type\":\"ImageObject\",\"inLanguage\":\"es\",\"@id\":\"https:\\\/\\\/rafaramirez.org\\\/blog\\\/wp-content\\\/uploads\\\/2024\\\/09\\\/RR_socialnetwork.jpg\",\"url\":\"https:\\\/\\\/rafaramirez.org\\\/blog\\\/wp-content\\\/uploads\\\/2024\\\/09\\\/RR_socialnetwork.jpg\",\"contentUrl\":\"https:\\\/\\\/rafaramirez.org\\\/blog\\\/wp-content\\\/uploads\\\/2024\\\/09\\\/RR_socialnetwork.jpg\",\"width\":600,\"height\":606,\"caption\":\"Rafael Ram\u00edrez\"},\"logo\":{\"@id\":\"https:\\\/\\\/rafaramirez.org\\\/blog\\\/wp-content\\\/uploads\\\/2024\\\/09\\\/RR_socialnetwork.jpg\"},\"sameAs\":[\"https:\\\/\\\/www.rafaramirez.org\\\/blog\",\"https:\\\/\\\/www.instagram.com\\\/rafaramirez_ok\\\/\",\"https:\\\/\\\/es.pinterest.com\\\/Ramirez_Rafa\\\/\",\"https:\\\/\\\/x.com\\\/rafaramirez_ok\"],\"url\":\"https:\\\/\\\/rafaramirez.org\\\/blog\\\/index.php\\\/author\\\/rafaell_qm6j97da\\\/\"}]}<\/script>\n<!-- \/ Yoast SEO plugin. -->","yoast_head_json":{"title":"Semana Mundial del Agua 2025: impulsando la seguridad h\u00eddrica y clim\u00e1tica. - Blog de Rafael Ram\u00edrez","description":"La Semana Mundial del Agua es la conferencia anual organizada por el Stockholm International Water Institute (SIWI)para promover la...","robots":{"index":"index","follow":"follow","max-snippet":"max-snippet:-1","max-image-preview":"max-image-preview:large","max-video-preview":"max-video-preview:-1"},"canonical":"https:\/\/rafaramirez.org\/blog\/index.php\/2025\/08\/25\/semana-mundial-del-agua-2025\/","og_locale":"es_ES","og_type":"article","og_title":"Semana Mundial del Agua 2025: impulsando la seguridad h\u00eddrica y clim\u00e1tica. - Blog de Rafael Ram\u00edrez","og_description":"La Semana Mundial del Agua es la conferencia anual organizada por el Stockholm International Water Institute (SIWI)para promover la...","og_url":"https:\/\/rafaramirez.org\/blog\/index.php\/2025\/08\/25\/semana-mundial-del-agua-2025\/","og_site_name":"Blog de Rafael Ram\u00edrez","article_published_time":"2025-08-25T06:00:41+00:00","og_image":[{"width":720,"height":440,"url":"https:\/\/rafaramirez.org\/blog\/wp-content\/uploads\/2025\/08\/semana-mundial-del-agua-2025_bannerlog.jpg","type":"image\/jpeg"}],"author":"Rafael Ram\u00edrez","twitter_card":"summary_large_image","twitter_creator":"@rafaramirez_ok","twitter_site":"@rafaramirez_ok","twitter_misc":{"Escrito por":"Rafael Ram\u00edrez","Tiempo de lectura":"3 minutos"},"schema":{"@context":"https:\/\/schema.org","@graph":[{"@type":"Article","@id":"https:\/\/rafaramirez.org\/blog\/index.php\/2025\/08\/25\/semana-mundial-del-agua-2025\/#article","isPartOf":{"@id":"https:\/\/rafaramirez.org\/blog\/index.php\/2025\/08\/25\/semana-mundial-del-agua-2025\/"},"author":{"name":"Rafael Ram\u00edrez","@id":"https:\/\/rafaramirez.org\/blog\/#\/schema\/person\/50f43b6d60c578760d4c17bda54ab6a5"},"headline":"Semana Mundial del Agua 2025: impulsando la seguridad h\u00eddrica y clim\u00e1tica.","datePublished":"2025-08-25T06:00:41+00:00","mainEntityOfPage":{"@id":"https:\/\/rafaramirez.org\/blog\/index.php\/2025\/08\/25\/semana-mundial-del-agua-2025\/"},"wordCount":554,"commentCount":0,"publisher":{"@id":"https:\/\/rafaramirez.org\/blog\/#\/schema\/person\/50f43b6d60c578760d4c17bda54ab6a5"},"image":{"@id":"https:\/\/rafaramirez.org\/blog\/index.php\/2025\/08\/25\/semana-mundial-del-agua-2025\/#primaryimage"},"thumbnailUrl":"https:\/\/rafaramirez.org\/blog\/wp-content\/uploads\/2025\/08\/semana-mundial-del-agua-2025_bannerlog.jpg","keywords":["2024","Bridging Borders: Water for a Peaceful and Sustainable Future","Colaboraci\u00f3n p\u00fablico-privada","Educaci\u00f3n y concienciaci\u00f3n","efem\u00e9rides","informe","Inversiones en infraestructura","noticias sociales","Objetivos de Desarrollo Sostenible","ODS","ODS 6","oms","organizacion mundial de la salud","problema social","Semana Mundial del Agua","Tecnolog\u00eda y soluciones innovadoras","UNICEF","Uniendo fronteras: Agua para un futuro pac\u00edfico y sostenible"],"articleSection":["Efem\u00e9rides","Informe social"],"inLanguage":"es","potentialAction":[{"@type":"CommentAction","name":"Comment","target":["https:\/\/rafaramirez.org\/blog\/index.php\/2025\/08\/25\/semana-mundial-del-agua-2025\/#respond"]}]},{"@type":"WebPage","@id":"https:\/\/rafaramirez.org\/blog\/index.php\/2025\/08\/25\/semana-mundial-del-agua-2025\/","url":"https:\/\/rafaramirez.org\/blog\/index.php\/2025\/08\/25\/semana-mundial-del-agua-2025\/","name":"Semana Mundial del Agua 2025: impulsando la seguridad h\u00eddrica y clim\u00e1tica. - Blog de Rafael Ram\u00edrez","isPartOf":{"@id":"https:\/\/rafaramirez.org\/blog\/#website"},"primaryImageOfPage":{"@id":"https:\/\/rafaramirez.org\/blog\/index.php\/2025\/08\/25\/semana-mundial-del-agua-2025\/#primaryimage"},"image":{"@id":"https:\/\/rafaramirez.org\/blog\/index.php\/2025\/08\/25\/semana-mundial-del-agua-2025\/#primaryimage"},"thumbnailUrl":"https:\/\/rafaramirez.org\/blog\/wp-content\/uploads\/2025\/08\/semana-mundial-del-agua-2025_bannerlog.jpg","datePublished":"2025-08-25T06:00:41+00:00","description":"La Semana Mundial del Agua es la conferencia anual organizada por el Stockholm International Water Institute (SIWI)para promover la...","breadcrumb":{"@id":"https:\/\/rafaramirez.org\/blog\/index.php\/2025\/08\/25\/semana-mundial-del-agua-2025\/#breadcrumb"},"inLanguage":"es","potentialAction":[{"@type":"ReadAction","target":["https:\/\/rafaramirez.org\/blog\/index.php\/2025\/08\/25\/semana-mundial-del-agua-2025\/"]}]},{"@type":"ImageObject","inLanguage":"es","@id":"https:\/\/rafaramirez.org\/blog\/index.php\/2025\/08\/25\/semana-mundial-del-agua-2025\/#primaryimage","url":"https:\/\/rafaramirez.org\/blog\/wp-content\/uploads\/2025\/08\/semana-mundial-del-agua-2025_bannerlog.jpg","contentUrl":"https:\/\/rafaramirez.org\/blog\/wp-content\/uploads\/2025\/08\/semana-mundial-del-agua-2025_bannerlog.jpg","width":720,"height":440,"caption":"Semana Mundial del Agua 2025. Blog de Rafael Ram\u00edrez."},{"@type":"BreadcrumbList","@id":"https:\/\/rafaramirez.org\/blog\/index.php\/2025\/08\/25\/semana-mundial-del-agua-2025\/#breadcrumb","itemListElement":[{"@type":"ListItem","position":1,"name":"Portada","item":"https:\/\/rafaramirez.org\/blog\/"},{"@type":"ListItem","position":2,"name":"Semana Mundial del Agua 2025: impulsando la seguridad h\u00eddrica y clim\u00e1tica."}]},{"@type":"WebSite","@id":"https:\/\/rafaramirez.org\/blog\/#website","url":"https:\/\/rafaramirez.org\/blog\/","name":"Blog de Rafael Ram\u00edrez","description":"Un sitio social, de arte y cultura","publisher":{"@id":"https:\/\/rafaramirez.org\/blog\/#\/schema\/person\/50f43b6d60c578760d4c17bda54ab6a5"},"potentialAction":[{"@type":"SearchAction","target":{"@type":"EntryPoint","urlTemplate":"https:\/\/rafaramirez.org\/blog\/?s={search_term_string}"},"query-input":{"@type":"PropertyValueSpecification","valueRequired":true,"valueName":"search_term_string"}}],"inLanguage":"es"},{"@type":["Person","Organization"],"@id":"https:\/\/rafaramirez.org\/blog\/#\/schema\/person\/50f43b6d60c578760d4c17bda54ab6a5","name":"Rafael Ram\u00edrez","image":{"@type":"ImageObject","inLanguage":"es","@id":"https:\/\/rafaramirez.org\/blog\/wp-content\/uploads\/2024\/09\/RR_socialnetwork.jpg","url":"https:\/\/rafaramirez.org\/blog\/wp-content\/uploads\/2024\/09\/RR_socialnetwork.jpg","contentUrl":"https:\/\/rafaramirez.org\/blog\/wp-content\/uploads\/2024\/09\/RR_socialnetwork.jpg","width":600,"height":606,"caption":"Rafael Ram\u00edrez"},"logo":{"@id":"https:\/\/rafaramirez.org\/blog\/wp-content\/uploads\/2024\/09\/RR_socialnetwork.jpg"},"sameAs":["https:\/\/www.rafaramirez.org\/blog","https:\/\/www.instagram.com\/rafaramirez_ok\/","https:\/\/es.pinterest.com\/Ramirez_Rafa\/","https:\/\/x.com\/rafaramirez_ok"],"url":"https:\/\/rafaramirez.org\/blog\/index.php\/author\/rafaell_qm6j97da\/"}]}},"jetpack_publicize_connections":[],"jetpack_sharing_enabled":true,"jetpack_likes_enabled":true,"jetpack_featured_media_url":"https:\/\/rafaramirez.org\/blog\/wp-content\/uploads\/2025\/08\/semana-mundial-del-agua-2025_bannerlog.jpg","_links":{"self":[{"href":"https:\/\/rafaramirez.org\/blog\/index.php\/wp-json\/wp\/v2\/posts\/10138","targetHints":{"allow":["GET"]}}],"collection":[{"href":"https:\/\/rafaramirez.org\/blog\/index.php\/wp-json\/wp\/v2\/posts"}],"about":[{"href":"https:\/\/rafaramirez.org\/blog\/index.php\/wp-json\/wp\/v2\/types\/post"}],"author":[{"embeddable":true,"href":"https:\/\/rafaramirez.org\/blog\/index.php\/wp-json\/wp\/v2\/users\/1"}],"replies":[{"embeddable":true,"href":"https:\/\/rafaramirez.org\/blog\/index.php\/wp-json\/wp\/v2\/comments?post=10138"}],"version-history":[{"count":5,"href":"https:\/\/rafaramirez.org\/blog\/index.php\/wp-json\/wp\/v2\/posts\/10138\/revisions"}],"predecessor-version":[{"id":10144,"href":"https:\/\/rafaramirez.org\/blog\/index.php\/wp-json\/wp\/v2\/posts\/10138\/revisions\/10144"}],"wp:featuredmedia":[{"embeddable":true,"href":"https:\/\/rafaramirez.org\/blog\/index.php\/wp-json\/wp\/v2\/media\/10142"}],"wp:attachment":[{"href":"https:\/\/rafaramirez.org\/blog\/index.php\/wp-json\/wp\/v2\/media?parent=10138"}],"wp:term":[{"taxonomy":"category","embeddable":true,"href":"https:\/\/rafaramirez.org\/blog\/index.php\/wp-json\/wp\/v2\/categories?post=10138"},{"taxonomy":"post_tag","embeddable":true,"href":"https:\/\/rafaramirez.org\/blog\/index.php\/wp-json\/wp\/v2\/tags?post=10138"}],"curies":[{"name":"wp","href":"https:\/\/api.w.org\/{rel}","templated":true}]}}