{"id":10096,"date":"2025-08-18T08:00:03","date_gmt":"2025-08-18T06:00:03","guid":{"rendered":"https:\/\/rafaramirez.org\/blog\/?p=10096"},"modified":"2025-07-24T13:42:52","modified_gmt":"2025-07-24T11:42:52","slug":"ordinary-world-luciano-pavarotti-simon-le-bon-directo-live-vivo","status":"publish","type":"post","link":"https:\/\/rafaramirez.org\/blog\/index.php\/2025\/08\/18\/ordinary-world-luciano-pavarotti-simon-le-bon-directo-live-vivo\/","title":{"rendered":"Ordinary World. Luciano Pavarotti &#038; Simon Le Bon (Directo\/live\/vivo)."},"content":{"rendered":"<p>El 12 de septiembre de 1995, en el Parco Novi Sad de M\u00f3dena, Luciano Pavarotti organiz\u00f3 el evento ben\u00e9fico Pavarotti &amp; Friends: Together for the Children of Bosnia, que reuni\u00f3 a estrellas del pop y la \u00f3pera con el fin de recaudar fondos para los ni\u00f1os afectados por la guerra de Bosnia.<\/p>\n<h3>Participantes.<\/h3>\n<ul>\n<li>Luciano Pavarotti (tenor)<\/li>\n<li>Simon Le Bon (vocalista de Duran Duran)<\/li>\n<li>La Orchestra Filarmonica di Torino, dirigida por Michael Kamen, se encarg\u00f3 del acompa\u00f1amiento musical y los arreglos orquestales en directo.<\/li>\n<\/ul>\n<figure id=\"attachment_10098\" aria-describedby=\"caption-attachment-10098\" style=\"width: 300px\" class=\"wp-caption aligncenter\"><a href=\"https:\/\/rafaramirez.org\/blog\/wp-content\/uploads\/2025\/07\/Ordinary-World.-Pavarotti-Friends_1.jpg\" target=\"_blank\" rel=\"noopener\"><img loading=\"lazy\" decoding=\"async\" class=\"wp-image-10098 size-medium\" src=\"https:\/\/rafaramirez.org\/blog\/wp-content\/uploads\/2025\/07\/Ordinary-World.-Pavarotti-Friends_1-300x206.jpg\" alt=\"Ordinary World. Luciano Pavarotti &amp; Simon Le Bon. Blog de Rafael Ram\u00edrez. \" width=\"300\" height=\"206\" srcset=\"https:\/\/rafaramirez.org\/blog\/wp-content\/uploads\/2025\/07\/Ordinary-World.-Pavarotti-Friends_1-300x206.jpg 300w, https:\/\/rafaramirez.org\/blog\/wp-content\/uploads\/2025\/07\/Ordinary-World.-Pavarotti-Friends_1-768x527.jpg 768w, https:\/\/rafaramirez.org\/blog\/wp-content\/uploads\/2025\/07\/Ordinary-World.-Pavarotti-Friends_1.jpg 970w\" sizes=\"auto, (max-width: 300px) 100vw, 300px\" \/><\/a><figcaption id=\"caption-attachment-10098\" class=\"wp-caption-text\">Ordinary World. Luciano Pavarotti &amp; Simon Le Bon. Blog de Rafael Ram\u00edrez.<\/figcaption><\/figure>\n<h3>Arreglos y puesta en escena.<\/h3>\n<p>La versi\u00f3n de \u00abOrdinary World\u00bb se caracteriz\u00f3 por un tempo ligeramente m\u00e1s pausado y una instrumentaci\u00f3n orquestal que realzaba la emotividad de la melod\u00eda. Los arreglos de cuerda y piano crearon un ambiente \u00edntimo y solemne, contrastando con la energ\u00eda pop de la versi\u00f3n original.<\/p>\n<h3>Interacci\u00f3n vocal y ling\u00fc\u00edstica.<\/h3>\n<p>Pavarotti y Le Bon alternaron pasajes en ingl\u00e9s e italiano. Le Bon interpret\u00f3 las estrofas originales en ingl\u00e9s y Pavarotti a\u00f1adi\u00f3 sus propias l\u00edneas en italiano, lo que enriqueci\u00f3 la canci\u00f3n con un di\u00e1logo intercultural y vocal \u00fanico.<\/p>\n<h3>Recepci\u00f3n y legado.<\/h3>\n<p>Esta interpretaci\u00f3n fue uno de los momentos m\u00e1s destacados del concierto y fue elogiada por la emotiva fusi\u00f3n de estilos, convirti\u00e9ndose en un ejemplo de c\u00f3mo la m\u00fasica puede unir diversos g\u00e9neros y audiencias. Hasta hoy, sigue siendo recordada como un momento ic\u00f3nico que trasciende las fronteras del pop y la \u00f3pera.<\/p>\n<p><iframe loading=\"lazy\" title=\"YouTube video player\" src=\"https:\/\/www.youtube.com\/embed\/WYxiJHS5OI8?si=9x11p0wxKD5ZkGlr\" width=\"560\" height=\"315\" frameborder=\"0\" allowfullscreen=\"allowfullscreen\"><\/iframe><\/p>\n<p>M\u00e1s informaci\u00f3n:<\/p>\n<ul>\n<li style=\"list-style-type: none;\">\n<ul>\n<li><a href=\"https:\/\/es.wikipedia.org\/wiki\/Pavarotti_%26_Friends\" target=\"_blank\" rel=\"noopener\">Wikipedia<\/a>.<\/li>\n<li><a href=\"https:\/\/www.youtube.com\/@TheTelevideo\/videos\" target=\"_blank\" rel=\"noopener\">Canal TheTelevideo en Youtube<\/a>.<\/li>\n<li><a href=\"https:\/\/rafaramirez.org\/blog\/index.php\/category\/arte\/musica\/\" target=\"_blank\" rel=\"noopener\">M\u00e1s M\u00fasica<\/a>.<\/li>\n<\/ul>\n<\/li>\n<\/ul>\n","protected":false},"excerpt":{"rendered":"<p>El 12 de septiembre de 1995, en el Parco Novi Sad de M\u00f3dena, Luciano Pavarotti organiz\u00f3 el evento ben\u00e9fico Pavarotti &amp; Friends: Together for the Children of Bosnia, que reuni\u00f3 a estrellas del pop y la \u00f3pera con el fin de recaudar fondos para los ni\u00f1os afectados por la guerra de Bosnia. Participantes. Luciano Pavarotti [&hellip;]<\/p>\n","protected":false},"author":1,"featured_media":10097,"comment_status":"open","ping_status":"closed","sticky":false,"template":"","format":"standard","meta":{"site-container-style":"default","site-container-layout":"default","site-sidebar-layout":"default","disable-article-header":"default","disable-site-header":"default","disable-site-footer":"default","disable-content-area-spacing":"default","_jetpack_newsletter_access":"","_jetpack_dont_email_post_to_subs":false,"_jetpack_newsletter_tier_id":0,"_jetpack_memberships_contains_paywalled_content":false,"_jetpack_feature_clip_id":0,"_jetpack_memberships_contains_paid_content":false,"footnotes":"","jetpack_publicize_message":"","jetpack_publicize_feature_enabled":true,"jetpack_social_post_already_shared":true,"jetpack_social_options":{"image_generator_settings":{"template":"highway","default_image_id":0,"font":"","enabled":false},"version":2},"jetpack_post_was_ever_published":false},"categories":[709],"tags":[1803,4021,115,4122,160,665,2068,309,3356,2515,4428,4124],"class_list":["post-10096","post","type-post","status-publish","format-standard","has-post-thumbnail","hentry","category-musica","tag-1803","tag-actuacion-en-directo","tag-concierto","tag-concierto-pavarotti-friends","tag-en-vivo","tag-italia","tag-live","tag-musica","tag-musica-en-directo","tag-musica-recomendada","tag-ordinary-world-luciano-pavarotti-y-simon-le-bon","tag-parco-novi-sad-de-modena"],"yoast_head":"<!-- This site is optimized with the Yoast SEO plugin v28.4 - https:\/\/yoast.com\/product\/yoast-seo-wordpress\/ -->\n<title>Ordinary World. Luciano Pavarotti &amp; Simon Le Bon (Directo\/live\/vivo). - Blog de Rafael Ram\u00edrez<\/title>\n<meta name=\"description\" content=\"La versi\u00f3n de &quot;Ordinary World&quot; de Luciano Pavarotti y Simon Le Bon se caracteriz\u00f3 por un tempo ligeramente m\u00e1s pausado y una instrumentaci\u00f3n\" \/>\n<meta name=\"robots\" content=\"index, follow, max-snippet:-1, max-image-preview:large, max-video-preview:-1\" \/>\n<link rel=\"canonical\" href=\"https:\/\/rafaramirez.org\/blog\/index.php\/2025\/08\/18\/ordinary-world-luciano-pavarotti-simon-le-bon-directo-live-vivo\/\" \/>\n<meta property=\"og:locale\" content=\"es_ES\" \/>\n<meta property=\"og:type\" content=\"article\" \/>\n<meta property=\"og:title\" content=\"Ordinary World. Luciano Pavarotti &amp; Simon Le Bon (Directo\/live\/vivo). - Blog de Rafael Ram\u00edrez\" \/>\n<meta property=\"og:description\" content=\"La versi\u00f3n de &quot;Ordinary World&quot; de Luciano Pavarotti y Simon Le Bon se caracteriz\u00f3 por un tempo ligeramente m\u00e1s pausado y una instrumentaci\u00f3n\" \/>\n<meta property=\"og:url\" content=\"https:\/\/rafaramirez.org\/blog\/index.php\/2025\/08\/18\/ordinary-world-luciano-pavarotti-simon-le-bon-directo-live-vivo\/\" \/>\n<meta property=\"og:site_name\" content=\"Blog de Rafael Ram\u00edrez\" \/>\n<meta property=\"article:published_time\" content=\"2025-08-18T06:00:03+00:00\" \/>\n<meta property=\"og:image\" content=\"https:\/\/rafaramirez.org\/blog\/wp-content\/uploads\/2025\/07\/Ordinary-World.-Pavarotti-Friends_bannerblog.jpg\" \/>\n\t<meta property=\"og:image:width\" content=\"720\" \/>\n\t<meta property=\"og:image:height\" content=\"480\" \/>\n\t<meta property=\"og:image:type\" content=\"image\/jpeg\" \/>\n<meta name=\"author\" content=\"Rafael Ram\u00edrez\" \/>\n<meta name=\"twitter:card\" content=\"summary_large_image\" \/>\n<meta name=\"twitter:creator\" content=\"@rafaramirez_ok\" \/>\n<meta name=\"twitter:site\" content=\"@rafaramirez_ok\" \/>\n<meta name=\"twitter:label1\" content=\"Escrito por\" \/>\n\t<meta name=\"twitter:data1\" content=\"Rafael Ram\u00edrez\" \/>\n\t<meta name=\"twitter:label2\" content=\"Tiempo de lectura\" \/>\n\t<meta name=\"twitter:data2\" content=\"2 minutos\" \/>\n<script type=\"application\/ld+json\" class=\"yoast-schema-graph\">{\"@context\":\"https:\\\/\\\/schema.org\",\"@graph\":[{\"@type\":\"Article\",\"@id\":\"https:\\\/\\\/rafaramirez.org\\\/blog\\\/index.php\\\/2025\\\/08\\\/18\\\/ordinary-world-luciano-pavarotti-simon-le-bon-directo-live-vivo\\\/#article\",\"isPartOf\":{\"@id\":\"https:\\\/\\\/rafaramirez.org\\\/blog\\\/index.php\\\/2025\\\/08\\\/18\\\/ordinary-world-luciano-pavarotti-simon-le-bon-directo-live-vivo\\\/\"},\"author\":{\"name\":\"Rafael Ram\u00edrez\",\"@id\":\"https:\\\/\\\/rafaramirez.org\\\/blog\\\/#\\\/schema\\\/person\\\/50f43b6d60c578760d4c17bda54ab6a5\"},\"headline\":\"Ordinary World. Luciano Pavarotti &#038; Simon Le Bon (Directo\\\/live\\\/vivo).\",\"datePublished\":\"2025-08-18T06:00:03+00:00\",\"mainEntityOfPage\":{\"@id\":\"https:\\\/\\\/rafaramirez.org\\\/blog\\\/index.php\\\/2025\\\/08\\\/18\\\/ordinary-world-luciano-pavarotti-simon-le-bon-directo-live-vivo\\\/\"},\"wordCount\":298,\"commentCount\":0,\"publisher\":{\"@id\":\"https:\\\/\\\/rafaramirez.org\\\/blog\\\/#\\\/schema\\\/person\\\/50f43b6d60c578760d4c17bda54ab6a5\"},\"image\":{\"@id\":\"https:\\\/\\\/rafaramirez.org\\\/blog\\\/index.php\\\/2025\\\/08\\\/18\\\/ordinary-world-luciano-pavarotti-simon-le-bon-directo-live-vivo\\\/#primaryimage\"},\"thumbnailUrl\":\"https:\\\/\\\/rafaramirez.org\\\/blog\\\/wp-content\\\/uploads\\\/2025\\\/07\\\/Ordinary-World.-Pavarotti-Friends_bannerblog.jpg\",\"keywords\":[\"1995\",\"actuaci\u00f3n en directo\",\"concierto\",\"concierto Pavarotti &amp; Friends\",\"en vivo\",\"Italia\",\"live\",\"M\u00fasica\",\"m\u00fasica en directo\",\"m\u00fasica recomendada\",\"Ordinary World. Luciano Pavarotti y Simon Le Bon\",\"Parco Novi Sad de M\u00f3dena\"],\"articleSection\":[\"M\u00fasica\"],\"inLanguage\":\"es\",\"potentialAction\":[{\"@type\":\"CommentAction\",\"name\":\"Comment\",\"target\":[\"https:\\\/\\\/rafaramirez.org\\\/blog\\\/index.php\\\/2025\\\/08\\\/18\\\/ordinary-world-luciano-pavarotti-simon-le-bon-directo-live-vivo\\\/#respond\"]}]},{\"@type\":\"WebPage\",\"@id\":\"https:\\\/\\\/rafaramirez.org\\\/blog\\\/index.php\\\/2025\\\/08\\\/18\\\/ordinary-world-luciano-pavarotti-simon-le-bon-directo-live-vivo\\\/\",\"url\":\"https:\\\/\\\/rafaramirez.org\\\/blog\\\/index.php\\\/2025\\\/08\\\/18\\\/ordinary-world-luciano-pavarotti-simon-le-bon-directo-live-vivo\\\/\",\"name\":\"Ordinary World. Luciano Pavarotti & Simon Le Bon (Directo\\\/live\\\/vivo). - Blog de Rafael Ram\u00edrez\",\"isPartOf\":{\"@id\":\"https:\\\/\\\/rafaramirez.org\\\/blog\\\/#website\"},\"primaryImageOfPage\":{\"@id\":\"https:\\\/\\\/rafaramirez.org\\\/blog\\\/index.php\\\/2025\\\/08\\\/18\\\/ordinary-world-luciano-pavarotti-simon-le-bon-directo-live-vivo\\\/#primaryimage\"},\"image\":{\"@id\":\"https:\\\/\\\/rafaramirez.org\\\/blog\\\/index.php\\\/2025\\\/08\\\/18\\\/ordinary-world-luciano-pavarotti-simon-le-bon-directo-live-vivo\\\/#primaryimage\"},\"thumbnailUrl\":\"https:\\\/\\\/rafaramirez.org\\\/blog\\\/wp-content\\\/uploads\\\/2025\\\/07\\\/Ordinary-World.-Pavarotti-Friends_bannerblog.jpg\",\"datePublished\":\"2025-08-18T06:00:03+00:00\",\"description\":\"La versi\u00f3n de \\\"Ordinary World\\\" de Luciano Pavarotti y Simon Le Bon se caracteriz\u00f3 por un tempo ligeramente m\u00e1s pausado y una instrumentaci\u00f3n\",\"breadcrumb\":{\"@id\":\"https:\\\/\\\/rafaramirez.org\\\/blog\\\/index.php\\\/2025\\\/08\\\/18\\\/ordinary-world-luciano-pavarotti-simon-le-bon-directo-live-vivo\\\/#breadcrumb\"},\"inLanguage\":\"es\",\"potentialAction\":[{\"@type\":\"ReadAction\",\"target\":[\"https:\\\/\\\/rafaramirez.org\\\/blog\\\/index.php\\\/2025\\\/08\\\/18\\\/ordinary-world-luciano-pavarotti-simon-le-bon-directo-live-vivo\\\/\"]}]},{\"@type\":\"ImageObject\",\"inLanguage\":\"es\",\"@id\":\"https:\\\/\\\/rafaramirez.org\\\/blog\\\/index.php\\\/2025\\\/08\\\/18\\\/ordinary-world-luciano-pavarotti-simon-le-bon-directo-live-vivo\\\/#primaryimage\",\"url\":\"https:\\\/\\\/rafaramirez.org\\\/blog\\\/wp-content\\\/uploads\\\/2025\\\/07\\\/Ordinary-World.-Pavarotti-Friends_bannerblog.jpg\",\"contentUrl\":\"https:\\\/\\\/rafaramirez.org\\\/blog\\\/wp-content\\\/uploads\\\/2025\\\/07\\\/Ordinary-World.-Pavarotti-Friends_bannerblog.jpg\",\"width\":720,\"height\":480,\"caption\":\"Ordinary World. Luciano Pavarotti & Simon Le Bon. Blog de Rafael Ram\u00edrez.\"},{\"@type\":\"BreadcrumbList\",\"@id\":\"https:\\\/\\\/rafaramirez.org\\\/blog\\\/index.php\\\/2025\\\/08\\\/18\\\/ordinary-world-luciano-pavarotti-simon-le-bon-directo-live-vivo\\\/#breadcrumb\",\"itemListElement\":[{\"@type\":\"ListItem\",\"position\":1,\"name\":\"Portada\",\"item\":\"https:\\\/\\\/rafaramirez.org\\\/blog\\\/\"},{\"@type\":\"ListItem\",\"position\":2,\"name\":\"Ordinary World. Luciano Pavarotti &#038; Simon Le Bon (Directo\\\/live\\\/vivo).\"}]},{\"@type\":\"WebSite\",\"@id\":\"https:\\\/\\\/rafaramirez.org\\\/blog\\\/#website\",\"url\":\"https:\\\/\\\/rafaramirez.org\\\/blog\\\/\",\"name\":\"Blog de Rafael Ram\u00edrez\",\"description\":\"Un sitio social, de arte y cultura\",\"publisher\":{\"@id\":\"https:\\\/\\\/rafaramirez.org\\\/blog\\\/#\\\/schema\\\/person\\\/50f43b6d60c578760d4c17bda54ab6a5\"},\"potentialAction\":[{\"@type\":\"SearchAction\",\"target\":{\"@type\":\"EntryPoint\",\"urlTemplate\":\"https:\\\/\\\/rafaramirez.org\\\/blog\\\/?s={search_term_string}\"},\"query-input\":{\"@type\":\"PropertyValueSpecification\",\"valueRequired\":true,\"valueName\":\"search_term_string\"}}],\"inLanguage\":\"es\"},{\"@type\":[\"Person\",\"Organization\"],\"@id\":\"https:\\\/\\\/rafaramirez.org\\\/blog\\\/#\\\/schema\\\/person\\\/50f43b6d60c578760d4c17bda54ab6a5\",\"name\":\"Rafael Ram\u00edrez\",\"image\":{\"@type\":\"ImageObject\",\"inLanguage\":\"es\",\"@id\":\"https:\\\/\\\/rafaramirez.org\\\/blog\\\/wp-content\\\/uploads\\\/2024\\\/09\\\/RR_socialnetwork.jpg\",\"url\":\"https:\\\/\\\/rafaramirez.org\\\/blog\\\/wp-content\\\/uploads\\\/2024\\\/09\\\/RR_socialnetwork.jpg\",\"contentUrl\":\"https:\\\/\\\/rafaramirez.org\\\/blog\\\/wp-content\\\/uploads\\\/2024\\\/09\\\/RR_socialnetwork.jpg\",\"width\":600,\"height\":606,\"caption\":\"Rafael Ram\u00edrez\"},\"logo\":{\"@id\":\"https:\\\/\\\/rafaramirez.org\\\/blog\\\/wp-content\\\/uploads\\\/2024\\\/09\\\/RR_socialnetwork.jpg\"},\"sameAs\":[\"https:\\\/\\\/www.rafaramirez.org\\\/blog\",\"https:\\\/\\\/www.instagram.com\\\/rafaramirez_ok\\\/\",\"https:\\\/\\\/es.pinterest.com\\\/Ramirez_Rafa\\\/\",\"https:\\\/\\\/x.com\\\/rafaramirez_ok\"],\"url\":\"https:\\\/\\\/rafaramirez.org\\\/blog\\\/index.php\\\/author\\\/rafaell_qm6j97da\\\/\"}]}<\/script>\n<!-- \/ Yoast SEO plugin. -->","yoast_head_json":{"title":"Ordinary World. Luciano Pavarotti & Simon Le Bon (Directo\/live\/vivo). - Blog de Rafael Ram\u00edrez","description":"La versi\u00f3n de \"Ordinary World\" de Luciano Pavarotti y Simon Le Bon se caracteriz\u00f3 por un tempo ligeramente m\u00e1s pausado y una instrumentaci\u00f3n","robots":{"index":"index","follow":"follow","max-snippet":"max-snippet:-1","max-image-preview":"max-image-preview:large","max-video-preview":"max-video-preview:-1"},"canonical":"https:\/\/rafaramirez.org\/blog\/index.php\/2025\/08\/18\/ordinary-world-luciano-pavarotti-simon-le-bon-directo-live-vivo\/","og_locale":"es_ES","og_type":"article","og_title":"Ordinary World. Luciano Pavarotti & Simon Le Bon (Directo\/live\/vivo). - Blog de Rafael Ram\u00edrez","og_description":"La versi\u00f3n de \"Ordinary World\" de Luciano Pavarotti y Simon Le Bon se caracteriz\u00f3 por un tempo ligeramente m\u00e1s pausado y una instrumentaci\u00f3n","og_url":"https:\/\/rafaramirez.org\/blog\/index.php\/2025\/08\/18\/ordinary-world-luciano-pavarotti-simon-le-bon-directo-live-vivo\/","og_site_name":"Blog de Rafael Ram\u00edrez","article_published_time":"2025-08-18T06:00:03+00:00","og_image":[{"width":720,"height":480,"url":"https:\/\/rafaramirez.org\/blog\/wp-content\/uploads\/2025\/07\/Ordinary-World.-Pavarotti-Friends_bannerblog.jpg","type":"image\/jpeg"}],"author":"Rafael Ram\u00edrez","twitter_card":"summary_large_image","twitter_creator":"@rafaramirez_ok","twitter_site":"@rafaramirez_ok","twitter_misc":{"Escrito por":"Rafael Ram\u00edrez","Tiempo de lectura":"2 minutos"},"schema":{"@context":"https:\/\/schema.org","@graph":[{"@type":"Article","@id":"https:\/\/rafaramirez.org\/blog\/index.php\/2025\/08\/18\/ordinary-world-luciano-pavarotti-simon-le-bon-directo-live-vivo\/#article","isPartOf":{"@id":"https:\/\/rafaramirez.org\/blog\/index.php\/2025\/08\/18\/ordinary-world-luciano-pavarotti-simon-le-bon-directo-live-vivo\/"},"author":{"name":"Rafael Ram\u00edrez","@id":"https:\/\/rafaramirez.org\/blog\/#\/schema\/person\/50f43b6d60c578760d4c17bda54ab6a5"},"headline":"Ordinary World. Luciano Pavarotti &#038; Simon Le Bon (Directo\/live\/vivo).","datePublished":"2025-08-18T06:00:03+00:00","mainEntityOfPage":{"@id":"https:\/\/rafaramirez.org\/blog\/index.php\/2025\/08\/18\/ordinary-world-luciano-pavarotti-simon-le-bon-directo-live-vivo\/"},"wordCount":298,"commentCount":0,"publisher":{"@id":"https:\/\/rafaramirez.org\/blog\/#\/schema\/person\/50f43b6d60c578760d4c17bda54ab6a5"},"image":{"@id":"https:\/\/rafaramirez.org\/blog\/index.php\/2025\/08\/18\/ordinary-world-luciano-pavarotti-simon-le-bon-directo-live-vivo\/#primaryimage"},"thumbnailUrl":"https:\/\/rafaramirez.org\/blog\/wp-content\/uploads\/2025\/07\/Ordinary-World.-Pavarotti-Friends_bannerblog.jpg","keywords":["1995","actuaci\u00f3n en directo","concierto","concierto Pavarotti &amp; Friends","en vivo","Italia","live","M\u00fasica","m\u00fasica en directo","m\u00fasica recomendada","Ordinary World. Luciano Pavarotti y Simon Le Bon","Parco Novi Sad de M\u00f3dena"],"articleSection":["M\u00fasica"],"inLanguage":"es","potentialAction":[{"@type":"CommentAction","name":"Comment","target":["https:\/\/rafaramirez.org\/blog\/index.php\/2025\/08\/18\/ordinary-world-luciano-pavarotti-simon-le-bon-directo-live-vivo\/#respond"]}]},{"@type":"WebPage","@id":"https:\/\/rafaramirez.org\/blog\/index.php\/2025\/08\/18\/ordinary-world-luciano-pavarotti-simon-le-bon-directo-live-vivo\/","url":"https:\/\/rafaramirez.org\/blog\/index.php\/2025\/08\/18\/ordinary-world-luciano-pavarotti-simon-le-bon-directo-live-vivo\/","name":"Ordinary World. Luciano Pavarotti & Simon Le Bon (Directo\/live\/vivo). - Blog de Rafael Ram\u00edrez","isPartOf":{"@id":"https:\/\/rafaramirez.org\/blog\/#website"},"primaryImageOfPage":{"@id":"https:\/\/rafaramirez.org\/blog\/index.php\/2025\/08\/18\/ordinary-world-luciano-pavarotti-simon-le-bon-directo-live-vivo\/#primaryimage"},"image":{"@id":"https:\/\/rafaramirez.org\/blog\/index.php\/2025\/08\/18\/ordinary-world-luciano-pavarotti-simon-le-bon-directo-live-vivo\/#primaryimage"},"thumbnailUrl":"https:\/\/rafaramirez.org\/blog\/wp-content\/uploads\/2025\/07\/Ordinary-World.-Pavarotti-Friends_bannerblog.jpg","datePublished":"2025-08-18T06:00:03+00:00","description":"La versi\u00f3n de \"Ordinary World\" de Luciano Pavarotti y Simon Le Bon se caracteriz\u00f3 por un tempo ligeramente m\u00e1s pausado y una instrumentaci\u00f3n","breadcrumb":{"@id":"https:\/\/rafaramirez.org\/blog\/index.php\/2025\/08\/18\/ordinary-world-luciano-pavarotti-simon-le-bon-directo-live-vivo\/#breadcrumb"},"inLanguage":"es","potentialAction":[{"@type":"ReadAction","target":["https:\/\/rafaramirez.org\/blog\/index.php\/2025\/08\/18\/ordinary-world-luciano-pavarotti-simon-le-bon-directo-live-vivo\/"]}]},{"@type":"ImageObject","inLanguage":"es","@id":"https:\/\/rafaramirez.org\/blog\/index.php\/2025\/08\/18\/ordinary-world-luciano-pavarotti-simon-le-bon-directo-live-vivo\/#primaryimage","url":"https:\/\/rafaramirez.org\/blog\/wp-content\/uploads\/2025\/07\/Ordinary-World.-Pavarotti-Friends_bannerblog.jpg","contentUrl":"https:\/\/rafaramirez.org\/blog\/wp-content\/uploads\/2025\/07\/Ordinary-World.-Pavarotti-Friends_bannerblog.jpg","width":720,"height":480,"caption":"Ordinary World. Luciano Pavarotti & Simon Le Bon. Blog de Rafael Ram\u00edrez."},{"@type":"BreadcrumbList","@id":"https:\/\/rafaramirez.org\/blog\/index.php\/2025\/08\/18\/ordinary-world-luciano-pavarotti-simon-le-bon-directo-live-vivo\/#breadcrumb","itemListElement":[{"@type":"ListItem","position":1,"name":"Portada","item":"https:\/\/rafaramirez.org\/blog\/"},{"@type":"ListItem","position":2,"name":"Ordinary World. Luciano Pavarotti &#038; Simon Le Bon (Directo\/live\/vivo)."}]},{"@type":"WebSite","@id":"https:\/\/rafaramirez.org\/blog\/#website","url":"https:\/\/rafaramirez.org\/blog\/","name":"Blog de Rafael Ram\u00edrez","description":"Un sitio social, de arte y cultura","publisher":{"@id":"https:\/\/rafaramirez.org\/blog\/#\/schema\/person\/50f43b6d60c578760d4c17bda54ab6a5"},"potentialAction":[{"@type":"SearchAction","target":{"@type":"EntryPoint","urlTemplate":"https:\/\/rafaramirez.org\/blog\/?s={search_term_string}"},"query-input":{"@type":"PropertyValueSpecification","valueRequired":true,"valueName":"search_term_string"}}],"inLanguage":"es"},{"@type":["Person","Organization"],"@id":"https:\/\/rafaramirez.org\/blog\/#\/schema\/person\/50f43b6d60c578760d4c17bda54ab6a5","name":"Rafael Ram\u00edrez","image":{"@type":"ImageObject","inLanguage":"es","@id":"https:\/\/rafaramirez.org\/blog\/wp-content\/uploads\/2024\/09\/RR_socialnetwork.jpg","url":"https:\/\/rafaramirez.org\/blog\/wp-content\/uploads\/2024\/09\/RR_socialnetwork.jpg","contentUrl":"https:\/\/rafaramirez.org\/blog\/wp-content\/uploads\/2024\/09\/RR_socialnetwork.jpg","width":600,"height":606,"caption":"Rafael Ram\u00edrez"},"logo":{"@id":"https:\/\/rafaramirez.org\/blog\/wp-content\/uploads\/2024\/09\/RR_socialnetwork.jpg"},"sameAs":["https:\/\/www.rafaramirez.org\/blog","https:\/\/www.instagram.com\/rafaramirez_ok\/","https:\/\/es.pinterest.com\/Ramirez_Rafa\/","https:\/\/x.com\/rafaramirez_ok"],"url":"https:\/\/rafaramirez.org\/blog\/index.php\/author\/rafaell_qm6j97da\/"}]}},"jetpack_publicize_connections":[],"jetpack_sharing_enabled":true,"jetpack_likes_enabled":true,"jetpack_featured_media_url":"https:\/\/rafaramirez.org\/blog\/wp-content\/uploads\/2025\/07\/Ordinary-World.-Pavarotti-Friends_bannerblog.jpg","_links":{"self":[{"href":"https:\/\/rafaramirez.org\/blog\/index.php\/wp-json\/wp\/v2\/posts\/10096","targetHints":{"allow":["GET"]}}],"collection":[{"href":"https:\/\/rafaramirez.org\/blog\/index.php\/wp-json\/wp\/v2\/posts"}],"about":[{"href":"https:\/\/rafaramirez.org\/blog\/index.php\/wp-json\/wp\/v2\/types\/post"}],"author":[{"embeddable":true,"href":"https:\/\/rafaramirez.org\/blog\/index.php\/wp-json\/wp\/v2\/users\/1"}],"replies":[{"embeddable":true,"href":"https:\/\/rafaramirez.org\/blog\/index.php\/wp-json\/wp\/v2\/comments?post=10096"}],"version-history":[{"count":5,"href":"https:\/\/rafaramirez.org\/blog\/index.php\/wp-json\/wp\/v2\/posts\/10096\/revisions"}],"predecessor-version":[{"id":10114,"href":"https:\/\/rafaramirez.org\/blog\/index.php\/wp-json\/wp\/v2\/posts\/10096\/revisions\/10114"}],"wp:featuredmedia":[{"embeddable":true,"href":"https:\/\/rafaramirez.org\/blog\/index.php\/wp-json\/wp\/v2\/media\/10097"}],"wp:attachment":[{"href":"https:\/\/rafaramirez.org\/blog\/index.php\/wp-json\/wp\/v2\/media?parent=10096"}],"wp:term":[{"taxonomy":"category","embeddable":true,"href":"https:\/\/rafaramirez.org\/blog\/index.php\/wp-json\/wp\/v2\/categories?post=10096"},{"taxonomy":"post_tag","embeddable":true,"href":"https:\/\/rafaramirez.org\/blog\/index.php\/wp-json\/wp\/v2\/tags?post=10096"}],"curies":[{"name":"wp","href":"https:\/\/api.w.org\/{rel}","templated":true}]}}