{"id":10062,"date":"2025-08-14T08:00:05","date_gmt":"2025-08-14T06:00:05","guid":{"rendered":"https:\/\/rafaramirez.org\/blog\/?p=10062"},"modified":"2025-07-23T11:45:38","modified_gmt":"2025-07-23T09:45:38","slug":"desigualdad-economica-y-pobreza-en-espana-2025","status":"publish","type":"post","link":"https:\/\/rafaramirez.org\/blog\/index.php\/2025\/08\/14\/desigualdad-economica-y-pobreza-en-espana-2025\/","title":{"rendered":"Desigualdad econ\u00f3mica y pobreza en Espa\u00f1a en 2025."},"content":{"rendered":"<p>En 2025, Espa\u00f1a afronta un panorama social marcado por altos niveles de desigualdad y pobreza, a pesar de la recuperaci\u00f3n econ\u00f3mica tras la pandemia. Aunque la tasa global de riesgo de pobreza y\/o exclusi\u00f3n (AROPE) se sit\u00faa en el 25,8 %, sigue afectando a 12,5 millones de personas, la cifra m\u00e1s baja desde 2014, pero a\u00fan muy alejada de los objetivos de la Agenda 2030.<\/p>\n<h3>Evoluci\u00f3n reciente de la pobreza.<\/h3>\n<p>La evoluci\u00f3n de la pobreza en los \u00faltimos a\u00f1os muestra una ligera mejor\u00eda en algunos indicadores, aunque persisten retos estructurales.<\/p>\n<ul>\n<li>Seg\u00fan la \u00faltima Encuesta de Condiciones de Vida, la tasa AROPE* pas\u00f3 del 27,8 % en 2022 al 28,9 % en 2023.<\/li>\n<li>El informe de la EAPN-ES** se\u00f1ala que, gracias a las pol\u00edticas sociales, 200 000 personas salieron del riesgo de pobreza en 2024, aunque el 25,8 % de la poblaci\u00f3n sigue en riesgo de pobreza o exclusi\u00f3n.<\/li>\n<li>La pobreza severa se mantiene constante en torno a los 4,1 millones de personas que viven en hogares con ingresos inferiores a 644 \u20ac mensuales por unidad de consumo.<\/li>\n<\/ul>\n<p>(*)La tasa AROPE es un indicador europeo que mide el porcentaje de poblaci\u00f3n en riesgo de pobreza o exclusi\u00f3n social. Su nombre proviene del acr\u00f3nimo en ingl\u00e9s At Risk Of Poverty and\/or Exclusion.<\/p>\n<p>(**) La EAPN-ES es la Red Europea de Lucha contra la Pobreza y la Exclusi\u00f3n Social en el Estado Espa\u00f1ol. Es una coalici\u00f3n independiente de ONG, redes auton\u00f3micas y entidades sociales que trabajan para erradicar la pobreza y promover la inclusi\u00f3n social en Espa\u00f1a.<\/p>\n<h3>Principales indicadores de desigualdad y pobreza<\/h3>\n<div>\n<div>\n<table>\n<thead>\n<tr>\n<th>Indicador<\/th>\n<th>Valor<\/th>\n<th>Fuente<\/th>\n<\/tr>\n<\/thead>\n<tbody>\n<tr>\n<td>Tasa AROPE (pobreza y\/o exclusi\u00f3n social)<\/td>\n<td>25,8 % (12,5 M de personas)<\/td>\n<td>Accem.es<\/td>\n<\/tr>\n<tr>\n<td>Riesgo de pobreza (tasa relativa, 2023)<\/td>\n<td>20,4 %<\/td>\n<td>INE<\/td>\n<\/tr>\n<tr>\n<td>Pobreza severa<\/td>\n<td>4,1 M de personas<\/td>\n<td>Accem.es<\/td>\n<\/tr>\n<tr>\n<td>Pobreza vacacional entre trabajadores<\/td>\n<td>18 % (5,6 M de personas)<\/td>\n<td>El Boletin.com<\/td>\n<\/tr>\n<tr>\n<td>Tasa de pobreza infantil<\/td>\n<td>34 % (2,7 M de menores)<\/td>\n<td>El Pa\u00eds.com<\/td>\n<\/tr>\n<tr>\n<td>Pobreza energ\u00e9tica<\/td>\n<td>17,6 % poblaci\u00f3n general; 33,8 % m\u00e1s vulnerable<\/td>\n<td>El Pa\u00eds.com<\/td>\n<\/tr>\n<\/tbody>\n<\/table>\n<\/div>\n<div class=\"pointer-events-none absolute inset-0 rounded-lg border border-stroke-300 dark:border-stroke-450\"><\/div>\n<\/div>\n<figure id=\"attachment_10067\" aria-describedby=\"caption-attachment-10067\" style=\"width: 200px\" class=\"wp-caption aligncenter\"><a href=\"https:\/\/rafaramirez.org\/blog\/wp-content\/uploads\/2025\/08\/Desigualdad-y-pobreza-en-Espana-en-2025_1.jpg\" target=\"_blank\" rel=\"noopener\"><img loading=\"lazy\" decoding=\"async\" class=\"wp-image-10067 size-medium\" src=\"https:\/\/rafaramirez.org\/blog\/wp-content\/uploads\/2025\/08\/Desigualdad-y-pobreza-en-Espana-en-2025_1-200x300.jpg\" alt=\"Desigualdad econ\u00f3mica y pobreza en Espa\u00f1a en 2025. Blog de Rafael Ram\u00edrez. \" width=\"200\" height=\"300\" srcset=\"https:\/\/rafaramirez.org\/blog\/wp-content\/uploads\/2025\/08\/Desigualdad-y-pobreza-en-Espana-en-2025_1-200x300.jpg 200w, https:\/\/rafaramirez.org\/blog\/wp-content\/uploads\/2025\/08\/Desigualdad-y-pobreza-en-Espana-en-2025_1.jpg 567w\" sizes=\"auto, (max-width: 200px) 100vw, 200px\" \/><\/a><figcaption id=\"caption-attachment-10067\" class=\"wp-caption-text\">Desigualdad econ\u00f3mica y pobreza en Espa\u00f1a en 2025. Blog de Rafael Ram\u00edrez.<\/figcaption><\/figure>\n<h3>Causas estructurales.<\/h3>\n<p>La persistencia de la desigualdad y la pobreza en Espa\u00f1a se debe a varios factores:<\/p>\n<ul>\n<li>El estancamiento de los salarios reales desde 2008, combinado con el aumento del coste de vida debido a la inflaci\u00f3n, obliga a muchas personas a renunciar incluso a una semana de vacaciones fuera de casa.<\/li>\n<li>La baja productividad y la escasa reindustrializaci\u00f3n han provocado que la industria haya pasado de representar el 17,3 % del empleo en 2000 al 9,9 % en 2025, lo que afecta a los salarios y a la competitividad.<\/li>\n<li>Precios energ\u00e9ticos disparados y escasa regulaci\u00f3n del sector el\u00e9ctrico: en 2023, las compa\u00f1\u00edas el\u00e9ctricas obtuvieron 4302 millones de euros de beneficio en Espa\u00f1a, mientras que el 17,6 % de la poblaci\u00f3n no pod\u00eda mantener una temperatura adecuada en su vivienda.<\/li>\n<\/ul>\n<h3>Desigualdad regional y grupos m\u00e1s afectados.<\/h3>\n<p>La pobreza y la exclusi\u00f3n social se concentran en determinados territorios y colectivos.<\/p>\n<ul>\n<li>Comunidades como Murcia, Andaluc\u00eda, Ceuta y Melilla superan el 40 % de pobreza infantil, una cifra muy superior a la media europea.<\/li>\n<li>Las regiones con mayor dependencia del turismo (Andaluc\u00eda y Canarias) presentan tambi\u00e9n las tasas de pobreza vacacional m\u00e1s elevadas y un fuerte encarecimiento del coste de vida local.<\/li>\n<li>Los hogares monoparentales, las familias numerosas y la poblaci\u00f3n migrante extracomunitaria muestran tasas AROPE significativamente superiores a la media nacional.<\/li>\n<\/ul>\n<h3>Consecuencias sociales y econ\u00f3micas.<\/h3>\n<p>La elevada desigualdad y la pobreza tienen un impacto sist\u00e9mico:<\/p>\n<ul>\n<li>Las sociedades con alta exclusi\u00f3n son menos productivas, m\u00e1s inestables y con menor crecimiento potencial a largo plazo, lo que alimenta la desafecci\u00f3n y el riesgo de populismos extremos.<\/li>\n<li>La llamada \u00abpobreza vacacional\u00bb \u2014un indicador de la calidad de vida\u2014 afecta a m\u00e1s de 5,6 millones de trabajadores en Espa\u00f1a, uno de cada cinco, frente al 15 % de media en la UE.<\/li>\n<\/ul>\n<figure id=\"attachment_10068\" aria-describedby=\"caption-attachment-10068\" style=\"width: 300px\" class=\"wp-caption aligncenter\"><a href=\"https:\/\/rafaramirez.org\/blog\/wp-content\/uploads\/2025\/08\/Desigualdad-y-pobreza-en-Espana-en-2025_2.jpg\" target=\"_blank\" rel=\"noopener\"><img loading=\"lazy\" decoding=\"async\" class=\"wp-image-10068 size-medium\" src=\"https:\/\/rafaramirez.org\/blog\/wp-content\/uploads\/2025\/08\/Desigualdad-y-pobreza-en-Espana-en-2025_2-300x200.jpg\" alt=\"Desigualdad econ\u00f3mica y pobreza en Espa\u00f1a en 2025. Blog de Rafael Ram\u00edrez. \" width=\"300\" height=\"200\" srcset=\"https:\/\/rafaramirez.org\/blog\/wp-content\/uploads\/2025\/08\/Desigualdad-y-pobreza-en-Espana-en-2025_2-300x200.jpg 300w, https:\/\/rafaramirez.org\/blog\/wp-content\/uploads\/2025\/08\/Desigualdad-y-pobreza-en-Espana-en-2025_2-768x512.jpg 768w, https:\/\/rafaramirez.org\/blog\/wp-content\/uploads\/2025\/08\/Desigualdad-y-pobreza-en-Espana-en-2025_2.jpg 850w\" sizes=\"auto, (max-width: 300px) 100vw, 300px\" \/><\/a><figcaption id=\"caption-attachment-10068\" class=\"wp-caption-text\">Desigualdad econ\u00f3mica y pobreza en Espa\u00f1a en 2025. Blog de Rafael Ram\u00edrez.<\/figcaption><\/figure>\n<h3>Propuestas y medidas urgentes.<\/h3>\n<p>Para atajar la pobreza y la desigualdad en 2025, diversas organizaciones reclaman lo siguiente:<\/p>\n<ul>\n<li>La aprobaci\u00f3n inmediata del Pacto de Estado contra la Pobreza, que incluya una prestaci\u00f3n universal por crianza, acceso a una vivienda digna y empleo de calidad mediante una negociaci\u00f3n colectiva m\u00e1s fuerte.<\/li>\n<li>Aumento de las pol\u00edticas de salario m\u00ednimo y aplicaci\u00f3n efectiva de estas en todos los sectores, especialmente en los m\u00e1s vulnerables.<\/li>\n<li>Una regulaci\u00f3n m\u00e1s estricta del mercado el\u00e9ctrico y medidas para mitigar el sobrecoste energ\u00e9tico de las familias.<\/li>\n<li>Fomentar la inversi\u00f3n en educaci\u00f3n financiera y en formaci\u00f3n profesional para mejorar la productividad y la transici\u00f3n industrial.<\/li>\n<\/ul>\n<p>M\u00e1s all\u00e1 de estos retos inmediatos, conviene analizar tambi\u00e9n la brecha de desigualdad de g\u00e9nero en el empleo, la incidencia de la digitalizaci\u00f3n en la polarizaci\u00f3n salarial y c\u00f3mo se compara con otros pa\u00edses de la OCDE, donde la combinaci\u00f3n de fuertes sistemas de protecci\u00f3n social y pol\u00edticas activas de empleo ha logrado reducir la pobreza de forma m\u00e1s sostenida.<\/p>\n<p>M\u00e1s informaci\u00f3n:<\/p>\n<ul>\n<li><a href=\"https:\/\/www.accem.es\/informe-el-estado-de-la-pobreza-2025-de-la-eapn-es-se-reduce-la-pobreza-en-espana-pero-persiste-entre-los-mas-vulnerables\/\" target=\"_blank\" rel=\"noopener\">Informe \u2018El Estado de la Pobreza 2025\u2019 de la EAPN-ES: se reduce la pobreza en Espa\u00f1a, pero persiste entre los m\u00e1s vulnerables &#8211; Accem<\/a>.<\/li>\n<li><a href=\"https:\/\/www.elboletin.com\/mas-de-42-millones-de-trabajadores-en-la-ue-no-pueden-permitirse-vacaciones-espana-supera-la-media-europea\/\" target=\"_blank\" rel=\"noopener\">M\u00e1s de 42 millones de trabajadores en la UE no pueden permitirse vacaciones: Espa\u00f1a supera la media europea &#8211; EL BOLETIN<\/a>.<\/li>\n<li><a href=\"https:\/\/elpais.com\/economia\/2025-06-30\/indicadores-de-desigualdad.html\" target=\"_blank\" rel=\"noopener\">Indicadores de desigualdad | Econom\u00eda | EL PA\u00cdS<\/a>.<\/li>\n<li><a href=\"https:\/\/rafaramirez.org\/blog\/index.php\/category\/noticias-sociales\/\" target=\"_blank\" rel=\"noopener\">Otros informes sociales<\/a>.<\/li>\n<li>Fuente fotograf\u00edas: IA.<\/li>\n<\/ul>\n","protected":false},"excerpt":{"rendered":"<p>En 2025, Espa\u00f1a afronta un panorama social marcado por altos niveles de desigualdad y pobreza, a pesar de la recuperaci\u00f3n econ\u00f3mica tras la pandemia. Aunque la tasa global de riesgo de pobreza y\/o exclusi\u00f3n (AROPE) se sit\u00faa en el 25,8 %, sigue afectando a 12,5 millones de personas, la cifra m\u00e1s baja desde 2014, pero [&hellip;]<\/p>\n","protected":false},"author":3,"featured_media":10066,"comment_status":"open","ping_status":"closed","sticky":false,"template":"","format":"standard","meta":{"site-container-style":"default","site-container-layout":"default","site-sidebar-layout":"default","disable-article-header":"default","disable-site-header":"default","disable-site-footer":"default","disable-content-area-spacing":"default","_jetpack_newsletter_access":"","_jetpack_dont_email_post_to_subs":false,"_jetpack_newsletter_tier_id":0,"_jetpack_memberships_contains_paywalled_content":false,"_jetpack_feature_clip_id":0,"_jetpack_memberships_contains_paid_content":false,"footnotes":"","jetpack_publicize_message":"","jetpack_publicize_feature_enabled":true,"jetpack_social_post_already_shared":true,"jetpack_social_options":{"image_generator_settings":{"template":"highway","default_image_id":0,"font":"","enabled":false},"version":2},"jetpack_post_was_ever_published":false},"categories":[15],"tags":[4424,3517,330,4267],"class_list":["post-10062","post","type-post","status-publish","format-standard","has-post-thumbnail","hentry","category-noticias-sociales","tag-desigualdad-economica","tag-informe-social","tag-noticias-sociales","tag-pobreza-en-espana"],"yoast_head":"<!-- This site is optimized with the Yoast SEO plugin v28.4 - https:\/\/yoast.com\/product\/yoast-seo-wordpress\/ -->\n<title>Desigualdad econ\u00f3mica y pobreza en Espa\u00f1a en 2025. - Blog de Rafael Ram\u00edrez<\/title>\n<meta name=\"description\" content=\"En 2025, Espa\u00f1a afronta un panorama social marcado por altos niveles de desigualdad y pobreza, pese a la recuperaci\u00f3n econ\u00f3mica tras la...\" \/>\n<meta name=\"robots\" content=\"index, follow, max-snippet:-1, max-image-preview:large, max-video-preview:-1\" \/>\n<link rel=\"canonical\" href=\"https:\/\/rafaramirez.org\/blog\/index.php\/2025\/08\/14\/desigualdad-economica-y-pobreza-en-espana-2025\/\" \/>\n<meta property=\"og:locale\" content=\"es_ES\" \/>\n<meta property=\"og:type\" content=\"article\" \/>\n<meta property=\"og:title\" content=\"Desigualdad econ\u00f3mica y pobreza en Espa\u00f1a en 2025. - Blog de Rafael Ram\u00edrez\" \/>\n<meta property=\"og:description\" content=\"En 2025, Espa\u00f1a afronta un panorama social marcado por altos niveles de desigualdad y pobreza, pese a la recuperaci\u00f3n econ\u00f3mica tras la...\" \/>\n<meta property=\"og:url\" content=\"https:\/\/rafaramirez.org\/blog\/index.php\/2025\/08\/14\/desigualdad-economica-y-pobreza-en-espana-2025\/\" \/>\n<meta property=\"og:site_name\" content=\"Blog de Rafael Ram\u00edrez\" \/>\n<meta property=\"article:published_time\" content=\"2025-08-14T06:00:05+00:00\" \/>\n<meta property=\"og:image\" content=\"https:\/\/rafaramirez.org\/blog\/wp-content\/uploads\/2025\/08\/Desigualdad-y-pobreza-en-Espana-en-2025_bannerblog.jpg\" \/>\n\t<meta property=\"og:image:width\" content=\"720\" \/>\n\t<meta property=\"og:image:height\" content=\"440\" \/>\n\t<meta property=\"og:image:type\" content=\"image\/jpeg\" \/>\n<meta name=\"author\" content=\"Documentaci\u00f3n e investigaci\u00f3n\" \/>\n<meta name=\"twitter:card\" content=\"summary_large_image\" \/>\n<meta name=\"twitter:site\" content=\"@rafaramirez_ok\" \/>\n<meta name=\"twitter:label1\" content=\"Escrito por\" \/>\n\t<meta name=\"twitter:data1\" content=\"Documentaci\u00f3n e investigaci\u00f3n\" \/>\n\t<meta name=\"twitter:label2\" content=\"Tiempo de lectura\" \/>\n\t<meta name=\"twitter:data2\" content=\"5 minutos\" \/>\n<script type=\"application\/ld+json\" class=\"yoast-schema-graph\">{\"@context\":\"https:\\\/\\\/schema.org\",\"@graph\":[{\"@type\":\"Article\",\"@id\":\"https:\\\/\\\/rafaramirez.org\\\/blog\\\/index.php\\\/2025\\\/08\\\/14\\\/desigualdad-economica-y-pobreza-en-espana-2025\\\/#article\",\"isPartOf\":{\"@id\":\"https:\\\/\\\/rafaramirez.org\\\/blog\\\/index.php\\\/2025\\\/08\\\/14\\\/desigualdad-economica-y-pobreza-en-espana-2025\\\/\"},\"author\":{\"name\":\"Documentaci\u00f3n e investigaci\u00f3n\",\"@id\":\"https:\\\/\\\/rafaramirez.org\\\/blog\\\/#\\\/schema\\\/person\\\/8debd05b3d9a1d16fb21af726811617d\"},\"headline\":\"Desigualdad econ\u00f3mica y pobreza en Espa\u00f1a en 2025.\",\"datePublished\":\"2025-08-14T06:00:05+00:00\",\"mainEntityOfPage\":{\"@id\":\"https:\\\/\\\/rafaramirez.org\\\/blog\\\/index.php\\\/2025\\\/08\\\/14\\\/desigualdad-economica-y-pobreza-en-espana-2025\\\/\"},\"wordCount\":944,\"commentCount\":0,\"publisher\":{\"@id\":\"https:\\\/\\\/rafaramirez.org\\\/blog\\\/#\\\/schema\\\/person\\\/50f43b6d60c578760d4c17bda54ab6a5\"},\"image\":{\"@id\":\"https:\\\/\\\/rafaramirez.org\\\/blog\\\/index.php\\\/2025\\\/08\\\/14\\\/desigualdad-economica-y-pobreza-en-espana-2025\\\/#primaryimage\"},\"thumbnailUrl\":\"https:\\\/\\\/rafaramirez.org\\\/blog\\\/wp-content\\\/uploads\\\/2025\\\/08\\\/Desigualdad-y-pobreza-en-Espana-en-2025_bannerblog.jpg\",\"keywords\":[\"Desigualdad econ\u00f3mica\",\"informe social\",\"noticias sociales\",\"pobreza en Espa\u00f1a\"],\"articleSection\":[\"Informe social\"],\"inLanguage\":\"es\",\"potentialAction\":[{\"@type\":\"CommentAction\",\"name\":\"Comment\",\"target\":[\"https:\\\/\\\/rafaramirez.org\\\/blog\\\/index.php\\\/2025\\\/08\\\/14\\\/desigualdad-economica-y-pobreza-en-espana-2025\\\/#respond\"]}]},{\"@type\":\"WebPage\",\"@id\":\"https:\\\/\\\/rafaramirez.org\\\/blog\\\/index.php\\\/2025\\\/08\\\/14\\\/desigualdad-economica-y-pobreza-en-espana-2025\\\/\",\"url\":\"https:\\\/\\\/rafaramirez.org\\\/blog\\\/index.php\\\/2025\\\/08\\\/14\\\/desigualdad-economica-y-pobreza-en-espana-2025\\\/\",\"name\":\"Desigualdad econ\u00f3mica y pobreza en Espa\u00f1a en 2025. - Blog de Rafael Ram\u00edrez\",\"isPartOf\":{\"@id\":\"https:\\\/\\\/rafaramirez.org\\\/blog\\\/#website\"},\"primaryImageOfPage\":{\"@id\":\"https:\\\/\\\/rafaramirez.org\\\/blog\\\/index.php\\\/2025\\\/08\\\/14\\\/desigualdad-economica-y-pobreza-en-espana-2025\\\/#primaryimage\"},\"image\":{\"@id\":\"https:\\\/\\\/rafaramirez.org\\\/blog\\\/index.php\\\/2025\\\/08\\\/14\\\/desigualdad-economica-y-pobreza-en-espana-2025\\\/#primaryimage\"},\"thumbnailUrl\":\"https:\\\/\\\/rafaramirez.org\\\/blog\\\/wp-content\\\/uploads\\\/2025\\\/08\\\/Desigualdad-y-pobreza-en-Espana-en-2025_bannerblog.jpg\",\"datePublished\":\"2025-08-14T06:00:05+00:00\",\"description\":\"En 2025, Espa\u00f1a afronta un panorama social marcado por altos niveles de desigualdad y pobreza, pese a la recuperaci\u00f3n econ\u00f3mica tras la...\",\"breadcrumb\":{\"@id\":\"https:\\\/\\\/rafaramirez.org\\\/blog\\\/index.php\\\/2025\\\/08\\\/14\\\/desigualdad-economica-y-pobreza-en-espana-2025\\\/#breadcrumb\"},\"inLanguage\":\"es\",\"potentialAction\":[{\"@type\":\"ReadAction\",\"target\":[\"https:\\\/\\\/rafaramirez.org\\\/blog\\\/index.php\\\/2025\\\/08\\\/14\\\/desigualdad-economica-y-pobreza-en-espana-2025\\\/\"]}]},{\"@type\":\"ImageObject\",\"inLanguage\":\"es\",\"@id\":\"https:\\\/\\\/rafaramirez.org\\\/blog\\\/index.php\\\/2025\\\/08\\\/14\\\/desigualdad-economica-y-pobreza-en-espana-2025\\\/#primaryimage\",\"url\":\"https:\\\/\\\/rafaramirez.org\\\/blog\\\/wp-content\\\/uploads\\\/2025\\\/08\\\/Desigualdad-y-pobreza-en-Espana-en-2025_bannerblog.jpg\",\"contentUrl\":\"https:\\\/\\\/rafaramirez.org\\\/blog\\\/wp-content\\\/uploads\\\/2025\\\/08\\\/Desigualdad-y-pobreza-en-Espana-en-2025_bannerblog.jpg\",\"width\":720,\"height\":440,\"caption\":\"Desigualdad econ\u00f3mica y pobreza en Espa\u00f1a en 2025. Blog de Rafael Ram\u00edrez.\"},{\"@type\":\"BreadcrumbList\",\"@id\":\"https:\\\/\\\/rafaramirez.org\\\/blog\\\/index.php\\\/2025\\\/08\\\/14\\\/desigualdad-economica-y-pobreza-en-espana-2025\\\/#breadcrumb\",\"itemListElement\":[{\"@type\":\"ListItem\",\"position\":1,\"name\":\"Portada\",\"item\":\"https:\\\/\\\/rafaramirez.org\\\/blog\\\/\"},{\"@type\":\"ListItem\",\"position\":2,\"name\":\"Desigualdad econ\u00f3mica y pobreza en Espa\u00f1a en 2025.\"}]},{\"@type\":\"WebSite\",\"@id\":\"https:\\\/\\\/rafaramirez.org\\\/blog\\\/#website\",\"url\":\"https:\\\/\\\/rafaramirez.org\\\/blog\\\/\",\"name\":\"Blog de Rafael Ram\u00edrez\",\"description\":\"Un sitio social, de arte y cultura\",\"publisher\":{\"@id\":\"https:\\\/\\\/rafaramirez.org\\\/blog\\\/#\\\/schema\\\/person\\\/50f43b6d60c578760d4c17bda54ab6a5\"},\"potentialAction\":[{\"@type\":\"SearchAction\",\"target\":{\"@type\":\"EntryPoint\",\"urlTemplate\":\"https:\\\/\\\/rafaramirez.org\\\/blog\\\/?s={search_term_string}\"},\"query-input\":{\"@type\":\"PropertyValueSpecification\",\"valueRequired\":true,\"valueName\":\"search_term_string\"}}],\"inLanguage\":\"es\"},{\"@type\":[\"Person\",\"Organization\"],\"@id\":\"https:\\\/\\\/rafaramirez.org\\\/blog\\\/#\\\/schema\\\/person\\\/50f43b6d60c578760d4c17bda54ab6a5\",\"name\":\"Rafael Ram\u00edrez\",\"image\":{\"@type\":\"ImageObject\",\"inLanguage\":\"es\",\"@id\":\"https:\\\/\\\/rafaramirez.org\\\/blog\\\/wp-content\\\/uploads\\\/2024\\\/09\\\/RR_socialnetwork.jpg\",\"url\":\"https:\\\/\\\/rafaramirez.org\\\/blog\\\/wp-content\\\/uploads\\\/2024\\\/09\\\/RR_socialnetwork.jpg\",\"contentUrl\":\"https:\\\/\\\/rafaramirez.org\\\/blog\\\/wp-content\\\/uploads\\\/2024\\\/09\\\/RR_socialnetwork.jpg\",\"width\":600,\"height\":606,\"caption\":\"Rafael Ram\u00edrez\"},\"logo\":{\"@id\":\"https:\\\/\\\/rafaramirez.org\\\/blog\\\/wp-content\\\/uploads\\\/2024\\\/09\\\/RR_socialnetwork.jpg\"},\"sameAs\":[\"https:\\\/\\\/www.rafaramirez.org\\\/blog\",\"https:\\\/\\\/www.instagram.com\\\/rafaramirez_ok\\\/\",\"https:\\\/\\\/es.pinterest.com\\\/Ramirez_Rafa\\\/\",\"https:\\\/\\\/x.com\\\/rafaramirez_ok\"]},{\"@type\":\"Person\",\"@id\":\"https:\\\/\\\/rafaramirez.org\\\/blog\\\/#\\\/schema\\\/person\\\/8debd05b3d9a1d16fb21af726811617d\",\"name\":\"Documentaci\u00f3n e investigaci\u00f3n\",\"image\":{\"@type\":\"ImageObject\",\"inLanguage\":\"es\",\"@id\":\"https:\\\/\\\/secure.gravatar.com\\\/avatar\\\/fe70e496579a39c7a8fc4982b89275403b1092eb200623138a32daada9416911?s=96&d=mm&r=g\",\"url\":\"https:\\\/\\\/secure.gravatar.com\\\/avatar\\\/fe70e496579a39c7a8fc4982b89275403b1092eb200623138a32daada9416911?s=96&d=mm&r=g\",\"contentUrl\":\"https:\\\/\\\/secure.gravatar.com\\\/avatar\\\/fe70e496579a39c7a8fc4982b89275403b1092eb200623138a32daada9416911?s=96&d=mm&r=g\",\"caption\":\"Documentaci\u00f3n e investigaci\u00f3n\"},\"url\":\"https:\\\/\\\/rafaramirez.org\\\/blog\\\/index.php\\\/author\\\/admin\\\/\"}]}<\/script>\n<!-- \/ Yoast SEO plugin. -->","yoast_head_json":{"title":"Desigualdad econ\u00f3mica y pobreza en Espa\u00f1a en 2025. - Blog de Rafael Ram\u00edrez","description":"En 2025, Espa\u00f1a afronta un panorama social marcado por altos niveles de desigualdad y pobreza, pese a la recuperaci\u00f3n econ\u00f3mica tras la...","robots":{"index":"index","follow":"follow","max-snippet":"max-snippet:-1","max-image-preview":"max-image-preview:large","max-video-preview":"max-video-preview:-1"},"canonical":"https:\/\/rafaramirez.org\/blog\/index.php\/2025\/08\/14\/desigualdad-economica-y-pobreza-en-espana-2025\/","og_locale":"es_ES","og_type":"article","og_title":"Desigualdad econ\u00f3mica y pobreza en Espa\u00f1a en 2025. - Blog de Rafael Ram\u00edrez","og_description":"En 2025, Espa\u00f1a afronta un panorama social marcado por altos niveles de desigualdad y pobreza, pese a la recuperaci\u00f3n econ\u00f3mica tras la...","og_url":"https:\/\/rafaramirez.org\/blog\/index.php\/2025\/08\/14\/desigualdad-economica-y-pobreza-en-espana-2025\/","og_site_name":"Blog de Rafael Ram\u00edrez","article_published_time":"2025-08-14T06:00:05+00:00","og_image":[{"width":720,"height":440,"url":"https:\/\/rafaramirez.org\/blog\/wp-content\/uploads\/2025\/08\/Desigualdad-y-pobreza-en-Espana-en-2025_bannerblog.jpg","type":"image\/jpeg"}],"author":"Documentaci\u00f3n e investigaci\u00f3n","twitter_card":"summary_large_image","twitter_site":"@rafaramirez_ok","twitter_misc":{"Escrito por":"Documentaci\u00f3n e investigaci\u00f3n","Tiempo de lectura":"5 minutos"},"schema":{"@context":"https:\/\/schema.org","@graph":[{"@type":"Article","@id":"https:\/\/rafaramirez.org\/blog\/index.php\/2025\/08\/14\/desigualdad-economica-y-pobreza-en-espana-2025\/#article","isPartOf":{"@id":"https:\/\/rafaramirez.org\/blog\/index.php\/2025\/08\/14\/desigualdad-economica-y-pobreza-en-espana-2025\/"},"author":{"name":"Documentaci\u00f3n e investigaci\u00f3n","@id":"https:\/\/rafaramirez.org\/blog\/#\/schema\/person\/8debd05b3d9a1d16fb21af726811617d"},"headline":"Desigualdad econ\u00f3mica y pobreza en Espa\u00f1a en 2025.","datePublished":"2025-08-14T06:00:05+00:00","mainEntityOfPage":{"@id":"https:\/\/rafaramirez.org\/blog\/index.php\/2025\/08\/14\/desigualdad-economica-y-pobreza-en-espana-2025\/"},"wordCount":944,"commentCount":0,"publisher":{"@id":"https:\/\/rafaramirez.org\/blog\/#\/schema\/person\/50f43b6d60c578760d4c17bda54ab6a5"},"image":{"@id":"https:\/\/rafaramirez.org\/blog\/index.php\/2025\/08\/14\/desigualdad-economica-y-pobreza-en-espana-2025\/#primaryimage"},"thumbnailUrl":"https:\/\/rafaramirez.org\/blog\/wp-content\/uploads\/2025\/08\/Desigualdad-y-pobreza-en-Espana-en-2025_bannerblog.jpg","keywords":["Desigualdad econ\u00f3mica","informe social","noticias sociales","pobreza en Espa\u00f1a"],"articleSection":["Informe social"],"inLanguage":"es","potentialAction":[{"@type":"CommentAction","name":"Comment","target":["https:\/\/rafaramirez.org\/blog\/index.php\/2025\/08\/14\/desigualdad-economica-y-pobreza-en-espana-2025\/#respond"]}]},{"@type":"WebPage","@id":"https:\/\/rafaramirez.org\/blog\/index.php\/2025\/08\/14\/desigualdad-economica-y-pobreza-en-espana-2025\/","url":"https:\/\/rafaramirez.org\/blog\/index.php\/2025\/08\/14\/desigualdad-economica-y-pobreza-en-espana-2025\/","name":"Desigualdad econ\u00f3mica y pobreza en Espa\u00f1a en 2025. - Blog de Rafael Ram\u00edrez","isPartOf":{"@id":"https:\/\/rafaramirez.org\/blog\/#website"},"primaryImageOfPage":{"@id":"https:\/\/rafaramirez.org\/blog\/index.php\/2025\/08\/14\/desigualdad-economica-y-pobreza-en-espana-2025\/#primaryimage"},"image":{"@id":"https:\/\/rafaramirez.org\/blog\/index.php\/2025\/08\/14\/desigualdad-economica-y-pobreza-en-espana-2025\/#primaryimage"},"thumbnailUrl":"https:\/\/rafaramirez.org\/blog\/wp-content\/uploads\/2025\/08\/Desigualdad-y-pobreza-en-Espana-en-2025_bannerblog.jpg","datePublished":"2025-08-14T06:00:05+00:00","description":"En 2025, Espa\u00f1a afronta un panorama social marcado por altos niveles de desigualdad y pobreza, pese a la recuperaci\u00f3n econ\u00f3mica tras la...","breadcrumb":{"@id":"https:\/\/rafaramirez.org\/blog\/index.php\/2025\/08\/14\/desigualdad-economica-y-pobreza-en-espana-2025\/#breadcrumb"},"inLanguage":"es","potentialAction":[{"@type":"ReadAction","target":["https:\/\/rafaramirez.org\/blog\/index.php\/2025\/08\/14\/desigualdad-economica-y-pobreza-en-espana-2025\/"]}]},{"@type":"ImageObject","inLanguage":"es","@id":"https:\/\/rafaramirez.org\/blog\/index.php\/2025\/08\/14\/desigualdad-economica-y-pobreza-en-espana-2025\/#primaryimage","url":"https:\/\/rafaramirez.org\/blog\/wp-content\/uploads\/2025\/08\/Desigualdad-y-pobreza-en-Espana-en-2025_bannerblog.jpg","contentUrl":"https:\/\/rafaramirez.org\/blog\/wp-content\/uploads\/2025\/08\/Desigualdad-y-pobreza-en-Espana-en-2025_bannerblog.jpg","width":720,"height":440,"caption":"Desigualdad econ\u00f3mica y pobreza en Espa\u00f1a en 2025. Blog de Rafael Ram\u00edrez."},{"@type":"BreadcrumbList","@id":"https:\/\/rafaramirez.org\/blog\/index.php\/2025\/08\/14\/desigualdad-economica-y-pobreza-en-espana-2025\/#breadcrumb","itemListElement":[{"@type":"ListItem","position":1,"name":"Portada","item":"https:\/\/rafaramirez.org\/blog\/"},{"@type":"ListItem","position":2,"name":"Desigualdad econ\u00f3mica y pobreza en Espa\u00f1a en 2025."}]},{"@type":"WebSite","@id":"https:\/\/rafaramirez.org\/blog\/#website","url":"https:\/\/rafaramirez.org\/blog\/","name":"Blog de Rafael Ram\u00edrez","description":"Un sitio social, de arte y cultura","publisher":{"@id":"https:\/\/rafaramirez.org\/blog\/#\/schema\/person\/50f43b6d60c578760d4c17bda54ab6a5"},"potentialAction":[{"@type":"SearchAction","target":{"@type":"EntryPoint","urlTemplate":"https:\/\/rafaramirez.org\/blog\/?s={search_term_string}"},"query-input":{"@type":"PropertyValueSpecification","valueRequired":true,"valueName":"search_term_string"}}],"inLanguage":"es"},{"@type":["Person","Organization"],"@id":"https:\/\/rafaramirez.org\/blog\/#\/schema\/person\/50f43b6d60c578760d4c17bda54ab6a5","name":"Rafael Ram\u00edrez","image":{"@type":"ImageObject","inLanguage":"es","@id":"https:\/\/rafaramirez.org\/blog\/wp-content\/uploads\/2024\/09\/RR_socialnetwork.jpg","url":"https:\/\/rafaramirez.org\/blog\/wp-content\/uploads\/2024\/09\/RR_socialnetwork.jpg","contentUrl":"https:\/\/rafaramirez.org\/blog\/wp-content\/uploads\/2024\/09\/RR_socialnetwork.jpg","width":600,"height":606,"caption":"Rafael Ram\u00edrez"},"logo":{"@id":"https:\/\/rafaramirez.org\/blog\/wp-content\/uploads\/2024\/09\/RR_socialnetwork.jpg"},"sameAs":["https:\/\/www.rafaramirez.org\/blog","https:\/\/www.instagram.com\/rafaramirez_ok\/","https:\/\/es.pinterest.com\/Ramirez_Rafa\/","https:\/\/x.com\/rafaramirez_ok"]},{"@type":"Person","@id":"https:\/\/rafaramirez.org\/blog\/#\/schema\/person\/8debd05b3d9a1d16fb21af726811617d","name":"Documentaci\u00f3n e investigaci\u00f3n","image":{"@type":"ImageObject","inLanguage":"es","@id":"https:\/\/secure.gravatar.com\/avatar\/fe70e496579a39c7a8fc4982b89275403b1092eb200623138a32daada9416911?s=96&d=mm&r=g","url":"https:\/\/secure.gravatar.com\/avatar\/fe70e496579a39c7a8fc4982b89275403b1092eb200623138a32daada9416911?s=96&d=mm&r=g","contentUrl":"https:\/\/secure.gravatar.com\/avatar\/fe70e496579a39c7a8fc4982b89275403b1092eb200623138a32daada9416911?s=96&d=mm&r=g","caption":"Documentaci\u00f3n e investigaci\u00f3n"},"url":"https:\/\/rafaramirez.org\/blog\/index.php\/author\/admin\/"}]}},"jetpack_publicize_connections":[],"jetpack_sharing_enabled":true,"jetpack_likes_enabled":true,"jetpack_featured_media_url":"https:\/\/rafaramirez.org\/blog\/wp-content\/uploads\/2025\/08\/Desigualdad-y-pobreza-en-Espana-en-2025_bannerblog.jpg","_links":{"self":[{"href":"https:\/\/rafaramirez.org\/blog\/index.php\/wp-json\/wp\/v2\/posts\/10062","targetHints":{"allow":["GET"]}}],"collection":[{"href":"https:\/\/rafaramirez.org\/blog\/index.php\/wp-json\/wp\/v2\/posts"}],"about":[{"href":"https:\/\/rafaramirez.org\/blog\/index.php\/wp-json\/wp\/v2\/types\/post"}],"author":[{"embeddable":true,"href":"https:\/\/rafaramirez.org\/blog\/index.php\/wp-json\/wp\/v2\/users\/3"}],"replies":[{"embeddable":true,"href":"https:\/\/rafaramirez.org\/blog\/index.php\/wp-json\/wp\/v2\/comments?post=10062"}],"version-history":[{"count":6,"href":"https:\/\/rafaramirez.org\/blog\/index.php\/wp-json\/wp\/v2\/posts\/10062\/revisions"}],"predecessor-version":[{"id":10071,"href":"https:\/\/rafaramirez.org\/blog\/index.php\/wp-json\/wp\/v2\/posts\/10062\/revisions\/10071"}],"wp:featuredmedia":[{"embeddable":true,"href":"https:\/\/rafaramirez.org\/blog\/index.php\/wp-json\/wp\/v2\/media\/10066"}],"wp:attachment":[{"href":"https:\/\/rafaramirez.org\/blog\/index.php\/wp-json\/wp\/v2\/media?parent=10062"}],"wp:term":[{"taxonomy":"category","embeddable":true,"href":"https:\/\/rafaramirez.org\/blog\/index.php\/wp-json\/wp\/v2\/categories?post=10062"},{"taxonomy":"post_tag","embeddable":true,"href":"https:\/\/rafaramirez.org\/blog\/index.php\/wp-json\/wp\/v2\/tags?post=10062"}],"curies":[{"name":"wp","href":"https:\/\/api.w.org\/{rel}","templated":true}]}}