{"id":10047,"date":"2025-08-13T08:00:01","date_gmt":"2025-08-13T06:00:01","guid":{"rendered":"https:\/\/rafaramirez.org\/blog\/?p=10047"},"modified":"2026-07-14T11:42:40","modified_gmt":"2026-07-14T09:42:40","slug":"amedeo-modigliani","status":"publish","type":"post","link":"https:\/\/rafaramirez.org\/blog\/index.php\/2025\/08\/13\/amedeo-modigliani\/","title":{"rendered":"Amedeo Modigliani: la revoluci\u00f3n melanc\u00f3lica del retrato moderno."},"content":{"rendered":"<p>Amedeo Modigliani naci\u00f3 en Livorno en julio de 1884 con la esencia de un so\u00f1ador, marcado por la fragilidad de su salud. Desde ni\u00f1o, encontr\u00f3 refugio en el dibujo para hacer frente a las fiebres y la tos constante, y en esa fragilidad encontr\u00f3 una gran fuerza art\u00edstica, mayor que la de muchos pintores robustos. La herencia sefard\u00ed de su familia le leg\u00f3 un aire melanc\u00f3lico que nunca abandonar\u00eda sus lienzos ni sus esculturas.<\/p>\n<p>A los catorce a\u00f1os viaj\u00f3 a Florencia para formarse en la Academia de Bellas Artes, pero fue en los caf\u00e9s y galer\u00edas de Par\u00eds donde su voz creativa despeg\u00f3 de verdad. Lleg\u00f3 a Montparnasse en 1906 con apenas unos bocetos bajo el brazo, dispuesto a codearse con Picasso, Br\u00e2ncu\u0219i y los rebeldes de la \u00c9cole de Paris. Esta comunidad le impuls\u00f3 a explorar el cubismo, el arte africano y el expresionismo, fusion\u00e1ndolos en una propuesta in\u00e9dita.<\/p>\n<p>Durante unos a\u00f1os, Modigliani se entreg\u00f3 por completo a la escultura, tallando cabezas y bustos en alabastro con un gesto puro y casi ritual. Esas piezas, de rasgos simplificados y reminiscencias arcaicas, imprimieron m\u00e1s tarde su car\u00e1cter s\u00f3lido y lineal a los rostros alargados que le har\u00edan \u00fanico. Cuando volvi\u00f3 a la pintura, cada trazo evocaba tanto la piedra esculpida como el vuelo libre de su imaginaci\u00f3n.<\/p>\n<p>Sus retratos y desnudos, creados entre 1917 y 1919, son un canto a la melancol\u00eda bella: cuellos interminables, ojos almendrados sin pupila y una paleta de colores suave que parece susurrar secretos. Frente a sus modelos, Modigliani consegu\u00eda establecer una intimidad extra\u00f1a, casi espectral, en la que la belleza se asemeja a un silbido lejano. Cada figura respira una soledad llena de dignidad.<\/p>\n<p>En el plano personal, vivi\u00f3 un permanente c\u00f3ctel de pasi\u00f3n y desorden. Primero fue con la escritora Beatrice Hastings y, luego, con Jeanne H\u00e9buterne, su gran amor y compa\u00f1era hasta el final. Tras la muerte de Modigliani por meningitis tuberculosa en 1920, Jeanne, que estaba embarazada de su segundo hijo, no soport\u00f3 el golpe y se quit\u00f3 la vida. Esta tragedia convirti\u00f3 para siempre a la pareja en una leyenda bohemia.<\/p>\n<p>Hoy en d\u00eda, sus cuadros baten r\u00e9cords en las subastas y se exhiben en los museos m\u00e1s prestigiosos del mundo, pero Modigliani nunca aspir\u00f3 a la fama; simplemente necesitaba plasmar sus visiones, aunque eso le costara la salud. Su arte, puente entre el clasicismo griego y la vanguardia moderna, sigue fascinando por esa dualidad de fuerza y fragilidad.<\/p>\n<figure id=\"attachment_10051\" aria-describedby=\"caption-attachment-10051\" style=\"width: 240px\" class=\"wp-caption aligncenter\"><a href=\"https:\/\/rafaramirez.org\/blog\/wp-content\/uploads\/2025\/08\/amedeo-modigliani-portrait_ok_color_ok.jpg\" target=\"_blank\" rel=\"noopener\"><img loading=\"lazy\" decoding=\"async\" class=\"wp-image-10051 size-medium\" src=\"https:\/\/rafaramirez.org\/blog\/wp-content\/uploads\/2025\/08\/amedeo-modigliani-portrait_ok_color_ok-240x300.jpg\" alt=\"Retrato del pintor Amedeo Modigliani. Blog de Rafael Ram\u00edrez. \" width=\"240\" height=\"300\" srcset=\"https:\/\/rafaramirez.org\/blog\/wp-content\/uploads\/2025\/08\/amedeo-modigliani-portrait_ok_color_ok-240x300.jpg 240w, https:\/\/rafaramirez.org\/blog\/wp-content\/uploads\/2025\/08\/amedeo-modigliani-portrait_ok_color_ok.jpg 750w\" sizes=\"auto, (max-width: 240px) 100vw, 240px\" \/><\/a><figcaption id=\"caption-attachment-10051\" class=\"wp-caption-text\">Retrato del pintor Amedeo Modigliani. Blog de Rafael Ram\u00edrez.<\/figcaption><\/figure>\n<h3>T\u00e9cnicas art\u00edsticas de Modigliani.<\/h3>\n<p>Modigliani trabaj\u00f3 en tres disciplinas: el dibujo, la pintura y la escultura. Abord\u00f3 cada una de ellas con m\u00e9todos muy personales, pero hay ciertos rasgos t\u00e9cnicos que las conectan y que definen su estilo.<\/p>\n<p>En el dibujo, sol\u00eda utilizar l\u00e1piz, carb\u00f3n vegetal y tinta sobre papel. Sus esbozos preliminares eran trazos sueltos y r\u00e1pidos, l\u00edneas continuas que captaban la forma esencial de la figura. A menudo, a\u00f1ad\u00eda lavados de tinta o aguadas para sugerir sombras suaves sin perder la inmediatez del grafismo.<\/p>\n<p>En la pintura, adopt\u00f3 el \u00f3leo sobre lienzo casi en exclusiva. Aplicaba capas finas, casi como veladuras, para conseguir un tono de piel p\u00e1lido y mate. Sus pinceladas son medidas, m\u00e1s bien planas, sin pastosear, y siempre marca el contorno con un trazo continuo y firme. Las paletas suelen reducirse a tonalidades apagadas \u2014ocres, ocres rosados, verdes fr\u00edos\u2014, que refuerzan esa atm\u00f3sfera de melancol\u00eda.<\/p>\n<p>La escultura fue para \u00e9l un experimento de pureza formal. Trabajaba directamente la piedra y el alabastro, sin modelos de arcilla previos: tallaba \u00aben vivo\u00bb con cinceles y gubias, y posteriormente lijaba para pulir. El resultado son bustos y cabezas de rasgos esquem\u00e1ticos, con superficies suaves y casi sin detalles, como si el volumen emergiera de un bloque en estado latente.<\/p>\n<p>En definitiva, su t\u00e9cnica po\u00e9tica consiste en destilar la figura hasta lo esencial, para lo que usa:<\/p>\n<ul>\n<li>El dibujo para captar la estructura interna con pocos gestos,<\/li>\n<li>El \u00f3leo le sirve para construir atm\u00f3sferas contenidas y definir contornos.<\/li>\n<li>La talla directa para liberar formas arcaicas y atemporales.<\/li>\n<\/ul>\n<p>Es ese empe\u00f1o por la l\u00ednea pura y la sencillez volum\u00e9trica lo que convierte a Modigliani en un artista inconfundible.<\/p>\n<h3>Principales obras de Amedeo Modigliani.<\/h3>\n<p>A lo largo de su corta pero intensa carrera, Modigliani cre\u00f3 obras maestras que abarcan la pintura, el dibujo y la escultura. Sus retratos y desnudos se caracterizan por los cuellos alargados, los contornos firmes y una paleta melanc\u00f3lica, mientras que sus esculturas revelan un aire arcaico y primitivo que bebe del arte griego y africano.<\/p>\n<ol>\n<li>La jud\u00eda (1908) \u00d3leo sobre lienzo. Primer cuadro vendido en Par\u00eds; explora la identidad jud\u00eda con tonos fr\u00edos y composiciones sobrias.\n<p><figure id=\"attachment_10054\" aria-describedby=\"caption-attachment-10054\" style=\"width: 249px\" class=\"wp-caption aligncenter\"><a href=\"https:\/\/rafaramirez.org\/blog\/wp-content\/uploads\/2025\/08\/La-judia-1908.jpeg\" target=\"_blank\" rel=\"noopener\"><img loading=\"lazy\" decoding=\"async\" class=\"wp-image-10054 size-medium\" src=\"https:\/\/rafaramirez.org\/blog\/wp-content\/uploads\/2025\/08\/La-judia-1908-249x300.jpeg\" alt=\"La judia (1908). Amedeo Modigliani. Blog de Rafael Ram\u00edrez.\" width=\"249\" height=\"300\" srcset=\"https:\/\/rafaramirez.org\/blog\/wp-content\/uploads\/2025\/08\/La-judia-1908-249x300.jpeg 249w, https:\/\/rafaramirez.org\/blog\/wp-content\/uploads\/2025\/08\/La-judia-1908.jpeg 750w\" sizes=\"auto, (max-width: 249px) 100vw, 249px\" \/><\/a><figcaption id=\"caption-attachment-10054\" class=\"wp-caption-text\">La judia (1908). Amedeo Modigliani. Blog de Rafael Ram\u00edrez.<\/figcaption><\/figure><\/li>\n<li>Cabeza de mujer (1910\u20131911) Escultura en piedra. Tallada en piedra caliza tras conocer a Br\u00e2ncu\u0219i; refleja la influencia africana y el arca\u00edsmo griego.\n<p><figure id=\"attachment_10055\" aria-describedby=\"caption-attachment-10055\" style=\"width: 224px\" class=\"wp-caption aligncenter\"><a href=\"https:\/\/rafaramirez.org\/blog\/wp-content\/uploads\/2025\/08\/Cabeza-de-mujer-1910-1911.jpeg\" target=\"_blank\" rel=\"noopener\"><img loading=\"lazy\" decoding=\"async\" class=\"wp-image-10055 size-medium\" src=\"https:\/\/rafaramirez.org\/blog\/wp-content\/uploads\/2025\/08\/Cabeza-de-mujer-1910-1911-224x300.jpeg\" alt=\"Cabeza de mujer (1910-1911). Amedeo Modigliani. Blog de Rafael Ram\u00edrez.\" width=\"224\" height=\"300\" srcset=\"https:\/\/rafaramirez.org\/blog\/wp-content\/uploads\/2025\/08\/Cabeza-de-mujer-1910-1911-224x300.jpeg 224w, https:\/\/rafaramirez.org\/blog\/wp-content\/uploads\/2025\/08\/Cabeza-de-mujer-1910-1911.jpeg 750w\" sizes=\"auto, (max-width: 224px) 100vw, 224px\" \/><\/a><figcaption id=\"caption-attachment-10055\" class=\"wp-caption-text\">Cabeza de mujer (1910-1911). Amedeo Modigliani. Blog de Rafael Ram\u00edrez.<\/figcaption><\/figure><\/li>\n<li>Retrato de Pablo Picasso (1915) \u00d3leo sobre lienzo. Dualidad crom\u00e1tica y gesto \u00e1spero que alude al respeto y la rivalidad entre ambos artistas.\n<p><figure id=\"attachment_10056\" aria-describedby=\"caption-attachment-10056\" style=\"width: 228px\" class=\"wp-caption aligncenter\"><a href=\"https:\/\/rafaramirez.org\/blog\/wp-content\/uploads\/2025\/08\/Retrato-de-Pablo-Picasso-1915.jpeg\" target=\"_blank\" rel=\"noopener\"><img loading=\"lazy\" decoding=\"async\" class=\"wp-image-10056 size-medium\" src=\"https:\/\/rafaramirez.org\/blog\/wp-content\/uploads\/2025\/08\/Retrato-de-Pablo-Picasso-1915-228x300.jpeg\" alt=\"Retrato de Pablo Picasso (1915). Amedeo Modigliani. Blog de Rafael Ram\u00edrez.\" width=\"228\" height=\"300\" srcset=\"https:\/\/rafaramirez.org\/blog\/wp-content\/uploads\/2025\/08\/Retrato-de-Pablo-Picasso-1915-228x300.jpeg 228w, https:\/\/rafaramirez.org\/blog\/wp-content\/uploads\/2025\/08\/Retrato-de-Pablo-Picasso-1915.jpeg 750w\" sizes=\"auto, (max-width: 228px) 100vw, 228px\" \/><\/a><figcaption id=\"caption-attachment-10056\" class=\"wp-caption-text\">Retrato de Pablo Picasso (1915). Amedeo Modigliani. Blog de Rafael Ram\u00edrez.<\/figcaption><\/figure><\/li>\n<li>Jacques y Berthe Lipchitz (1916) \u00d3leo sobre lienzo. \u00danico retrato doble del artista, pintado en pocos d\u00edas; capta la personalidad de la pareja reci\u00e9n casada.\n<p><figure id=\"attachment_10057\" aria-describedby=\"caption-attachment-10057\" style=\"width: 199px\" class=\"wp-caption aligncenter\"><a href=\"https:\/\/rafaramirez.org\/blog\/wp-content\/uploads\/2025\/08\/Jacques-y-Berthe-Lipchitz-1916.jpeg\" target=\"_blank\" rel=\"noopener\"><img loading=\"lazy\" decoding=\"async\" class=\"wp-image-10057 size-medium\" src=\"https:\/\/rafaramirez.org\/blog\/wp-content\/uploads\/2025\/08\/Jacques-y-Berthe-Lipchitz-1916-199x300.jpeg\" alt=\"Jacques y Berthe Lipchitz (1916). Amedeo Modigliani. Blog de Rafael Ram\u00edrez.\" width=\"199\" height=\"300\" srcset=\"https:\/\/rafaramirez.org\/blog\/wp-content\/uploads\/2025\/08\/Jacques-y-Berthe-Lipchitz-1916-199x300.jpeg 199w, https:\/\/rafaramirez.org\/blog\/wp-content\/uploads\/2025\/08\/Jacques-y-Berthe-Lipchitz-1916-678x1024.jpeg 678w, https:\/\/rafaramirez.org\/blog\/wp-content\/uploads\/2025\/08\/Jacques-y-Berthe-Lipchitz-1916.jpeg 750w\" sizes=\"auto, (max-width: 199px) 100vw, 199px\" \/><\/a><figcaption id=\"caption-attachment-10057\" class=\"wp-caption-text\">Jacques y Berthe Lipchitz (1916). Amedeo Modigliani. Blog de Rafael Ram\u00edrez.<\/figcaption><\/figure><\/li>\n<li>Desnudo sentado en un div\u00e1n (1917\u20131918) \u00d3leo sobre lienzo. Conocido tambi\u00e9n como La Belle Romaine; desat\u00f3 pol\u00e9mica en su \u00fanica exposici\u00f3n individual en Par\u00eds.\n<p><figure id=\"attachment_10058\" aria-describedby=\"caption-attachment-10058\" style=\"width: 190px\" class=\"wp-caption aligncenter\"><a href=\"https:\/\/rafaramirez.org\/blog\/wp-content\/uploads\/2025\/08\/Desnudo-sentado-en-un-divan-1918.jpeg\" target=\"_blank\" rel=\"noopener\"><img loading=\"lazy\" decoding=\"async\" class=\"wp-image-10058 size-medium\" src=\"https:\/\/rafaramirez.org\/blog\/wp-content\/uploads\/2025\/08\/Desnudo-sentado-en-un-divan-1918-190x300.jpeg\" alt=\"Desnudo sentado en un div\u00e1n (1918). Amedeo Modigliani. Blog de Rafael Ram\u00edrez.\" width=\"190\" height=\"300\" srcset=\"https:\/\/rafaramirez.org\/blog\/wp-content\/uploads\/2025\/08\/Desnudo-sentado-en-un-divan-1918-190x300.jpeg 190w, https:\/\/rafaramirez.org\/blog\/wp-content\/uploads\/2025\/08\/Desnudo-sentado-en-un-divan-1918-648x1024.jpeg 648w, https:\/\/rafaramirez.org\/blog\/wp-content\/uploads\/2025\/08\/Desnudo-sentado-en-un-divan-1918.jpeg 750w\" sizes=\"auto, (max-width: 190px) 100vw, 190px\" \/><\/a><figcaption id=\"caption-attachment-10058\" class=\"wp-caption-text\">Desnudo sentado en un div\u00e1n (1918). Amedeo Modigliani. Blog de Rafael Ram\u00edrez.<\/figcaption><\/figure><\/li>\n<li>La mujer del abanico (1919) \u00d3leo sobre lienzo. Retrato \u00edntimo con abanico; ejemplifica la finura de sus veladuras y el delicado matiz de sus colores.<a href=\"https:\/\/rafaramirez.org\/blog\/wp-content\/uploads\/2025\/08\/La-mujer-del-abanico-1919.jpg\" target=\"_blank\" rel=\"noopener\"><img loading=\"lazy\" decoding=\"async\" class=\"aligncenter wp-image-10059 size-medium\" src=\"https:\/\/rafaramirez.org\/blog\/wp-content\/uploads\/2025\/08\/La-mujer-del-abanico-1919-146x300.jpg\" alt=\"La mujer del abanico (1919). Amedeo Modigliani. Blog de Rafael Ram\u00edrez.\" width=\"146\" height=\"300\" srcset=\"https:\/\/rafaramirez.org\/blog\/wp-content\/uploads\/2025\/08\/La-mujer-del-abanico-1919-146x300.jpg 146w, https:\/\/rafaramirez.org\/blog\/wp-content\/uploads\/2025\/08\/La-mujer-del-abanico-1919-498x1024.jpg 498w, https:\/\/rafaramirez.org\/blog\/wp-content\/uploads\/2025\/08\/La-mujer-del-abanico-1919.jpg 660w\" sizes=\"auto, (max-width: 146px) 100vw, 146px\" \/><\/a><\/li>\n<\/ol>\n<p>En resumen, Modigliani revolucion\u00f3 el retrato al alargar las proporciones y perfilar los contornos con l\u00edneas puras, dotando a sus figuras de una melancol\u00eda atemporal. Su fusi\u00f3n de clasicismo, arte africano y expresionismo allan\u00f3 el camino hacia la pintura moderna e inspir\u00f3 a generaciones con su depuraci\u00f3n formal e intensidad po\u00e9tica.<\/p>\n<p>M\u00e1s informaci\u00f3n:<\/p>\n<ul>\n<li><a href=\"https:\/\/es.wikipedia.org\/wiki\/Amedeo_Modigliani\" target=\"_blank\" rel=\"noopener\">Amedeo Modigliani &#8211; Wikipedia, la enciclopedia libre<\/a>.<\/li>\n<li><a href=\"https:\/\/historia-arte.com\/artistas\/amedeo-modigliani\" target=\"_blank\" rel=\"noopener\">Amedeo Modigliani &#8211; Historia Arte (HA!)<\/a>.<\/li>\n<li><a href=\"https:\/\/rafaramirez.org\/blog\/index.php\/category\/arte\/historia-del-arte\/\" target=\"_blank\" rel=\"noopener\">Vida y obra de otros pintores que marcaron \u00e9poca<\/a>.<\/li>\n<\/ul>\n","protected":false},"excerpt":{"rendered":"<p>Amedeo Modigliani naci\u00f3 en Livorno en julio de 1884 con la esencia de un so\u00f1ador, marcado por la fragilidad de su salud. Desde ni\u00f1o, encontr\u00f3 refugio en el dibujo para hacer frente a las fiebres y la tos constante, y en esa fragilidad encontr\u00f3 una gran fuerza art\u00edstica, mayor que la de muchos pintores robustos. [&hellip;]<\/p>\n","protected":false},"author":3,"featured_media":10052,"comment_status":"open","ping_status":"closed","sticky":false,"template":"","format":"standard","meta":{"site-container-style":"default","site-container-layout":"default","site-sidebar-layout":"default","disable-article-header":"default","disable-site-header":"default","disable-site-footer":"default","disable-content-area-spacing":"default","_jetpack_newsletter_access":"","_jetpack_dont_email_post_to_subs":false,"_jetpack_newsletter_tier_id":0,"_jetpack_memberships_contains_paywalled_content":false,"_jetpack_feature_clip_id":0,"_jetpack_memberships_contains_paid_content":false,"footnotes":"","jetpack_publicize_message":"","jetpack_publicize_feature_enabled":true,"jetpack_social_post_already_shared":true,"jetpack_social_options":{"image_generator_settings":{"template":"highway","default_image_id":0,"font":"","enabled":false},"version":2},"jetpack_post_was_ever_published":false},"categories":[1290],"tags":[4421,4422,3804,3748,1383,738],"class_list":["post-10047","post","type-post","status-publish","format-standard","has-post-thumbnail","hentry","category-historia-del-arte","tag-amedeo-modigliani","tag-biografia-de-amedeo-modigliani","tag-biografia-de-pintores","tag-historia-de-la-pintura","tag-historia-del-arte","tag-maestros-de-la-pintura"],"yoast_head":"<!-- This site is optimized with the Yoast SEO plugin v28.4 - https:\/\/yoast.com\/product\/yoast-seo-wordpress\/ -->\n<title>Amedeo Modigliani: la revoluci\u00f3n melanc\u00f3lica del retrato moderno. - Blog de Rafael Ram\u00edrez<\/title>\n<meta name=\"description\" content=\"Amedeo Modigliani naci\u00f3 en Livorno en julio de 1884, con la esencia de un so\u00f1ador marcado por la fragilidad de su salud.\" \/>\n<meta name=\"robots\" content=\"index, follow, max-snippet:-1, max-image-preview:large, max-video-preview:-1\" \/>\n<link rel=\"canonical\" href=\"https:\/\/rafaramirez.org\/blog\/index.php\/2025\/08\/13\/amedeo-modigliani\/\" \/>\n<meta property=\"og:locale\" content=\"es_ES\" \/>\n<meta property=\"og:type\" content=\"article\" \/>\n<meta property=\"og:title\" content=\"Amedeo Modigliani: la revoluci\u00f3n melanc\u00f3lica del retrato moderno. - Blog de Rafael Ram\u00edrez\" \/>\n<meta property=\"og:description\" content=\"Amedeo Modigliani naci\u00f3 en Livorno en julio de 1884, con la esencia de un so\u00f1ador marcado por la fragilidad de su salud.\" \/>\n<meta property=\"og:url\" content=\"https:\/\/rafaramirez.org\/blog\/index.php\/2025\/08\/13\/amedeo-modigliani\/\" \/>\n<meta property=\"og:site_name\" content=\"Blog de Rafael Ram\u00edrez\" \/>\n<meta property=\"article:published_time\" content=\"2025-08-13T06:00:01+00:00\" \/>\n<meta property=\"article:modified_time\" content=\"2026-07-14T09:42:40+00:00\" \/>\n<meta property=\"og:image\" content=\"https:\/\/rafaramirez.org\/blog\/wp-content\/uploads\/2025\/08\/Amedeo-Modigliani_bannerblog.jpg\" \/>\n\t<meta property=\"og:image:width\" content=\"720\" \/>\n\t<meta property=\"og:image:height\" content=\"440\" \/>\n\t<meta property=\"og:image:type\" content=\"image\/jpeg\" \/>\n<meta name=\"author\" content=\"Documentaci\u00f3n e investigaci\u00f3n\" \/>\n<meta name=\"twitter:card\" content=\"summary_large_image\" \/>\n<meta name=\"twitter:site\" content=\"@rafaramirez_ok\" \/>\n<meta name=\"twitter:label1\" content=\"Escrito por\" \/>\n\t<meta name=\"twitter:data1\" content=\"Documentaci\u00f3n e investigaci\u00f3n\" \/>\n\t<meta name=\"twitter:label2\" content=\"Tiempo de lectura\" \/>\n\t<meta name=\"twitter:data2\" content=\"7 minutos\" \/>\n<script type=\"application\/ld+json\" class=\"yoast-schema-graph\">{\"@context\":\"https:\\\/\\\/schema.org\",\"@graph\":[{\"@type\":\"Article\",\"@id\":\"https:\\\/\\\/rafaramirez.org\\\/blog\\\/index.php\\\/2025\\\/08\\\/13\\\/amedeo-modigliani\\\/#article\",\"isPartOf\":{\"@id\":\"https:\\\/\\\/rafaramirez.org\\\/blog\\\/index.php\\\/2025\\\/08\\\/13\\\/amedeo-modigliani\\\/\"},\"author\":{\"name\":\"Documentaci\u00f3n e investigaci\u00f3n\",\"@id\":\"https:\\\/\\\/rafaramirez.org\\\/blog\\\/#\\\/schema\\\/person\\\/8debd05b3d9a1d16fb21af726811617d\"},\"headline\":\"Amedeo Modigliani: la revoluci\u00f3n melanc\u00f3lica del retrato moderno.\",\"datePublished\":\"2025-08-13T06:00:01+00:00\",\"dateModified\":\"2026-07-14T09:42:40+00:00\",\"mainEntityOfPage\":{\"@id\":\"https:\\\/\\\/rafaramirez.org\\\/blog\\\/index.php\\\/2025\\\/08\\\/13\\\/amedeo-modigliani\\\/\"},\"wordCount\":1145,\"commentCount\":0,\"publisher\":{\"@id\":\"https:\\\/\\\/rafaramirez.org\\\/blog\\\/#\\\/schema\\\/person\\\/50f43b6d60c578760d4c17bda54ab6a5\"},\"image\":{\"@id\":\"https:\\\/\\\/rafaramirez.org\\\/blog\\\/index.php\\\/2025\\\/08\\\/13\\\/amedeo-modigliani\\\/#primaryimage\"},\"thumbnailUrl\":\"https:\\\/\\\/rafaramirez.org\\\/blog\\\/wp-content\\\/uploads\\\/2025\\\/08\\\/Amedeo-Modigliani_bannerblog.jpg\",\"keywords\":[\"Amedeo Modigliani\",\"biograf\u00eda de Amedeo Modigliani\",\"biograf\u00eda de pintores\",\"historia de la pintura\",\"historia del arte\",\"maestros de la pintura\"],\"articleSection\":[\"Historia del arte\"],\"inLanguage\":\"es\",\"potentialAction\":[{\"@type\":\"CommentAction\",\"name\":\"Comment\",\"target\":[\"https:\\\/\\\/rafaramirez.org\\\/blog\\\/index.php\\\/2025\\\/08\\\/13\\\/amedeo-modigliani\\\/#respond\"]}]},{\"@type\":\"WebPage\",\"@id\":\"https:\\\/\\\/rafaramirez.org\\\/blog\\\/index.php\\\/2025\\\/08\\\/13\\\/amedeo-modigliani\\\/\",\"url\":\"https:\\\/\\\/rafaramirez.org\\\/blog\\\/index.php\\\/2025\\\/08\\\/13\\\/amedeo-modigliani\\\/\",\"name\":\"Amedeo Modigliani: la revoluci\u00f3n melanc\u00f3lica del retrato moderno. - Blog de Rafael Ram\u00edrez\",\"isPartOf\":{\"@id\":\"https:\\\/\\\/rafaramirez.org\\\/blog\\\/#website\"},\"primaryImageOfPage\":{\"@id\":\"https:\\\/\\\/rafaramirez.org\\\/blog\\\/index.php\\\/2025\\\/08\\\/13\\\/amedeo-modigliani\\\/#primaryimage\"},\"image\":{\"@id\":\"https:\\\/\\\/rafaramirez.org\\\/blog\\\/index.php\\\/2025\\\/08\\\/13\\\/amedeo-modigliani\\\/#primaryimage\"},\"thumbnailUrl\":\"https:\\\/\\\/rafaramirez.org\\\/blog\\\/wp-content\\\/uploads\\\/2025\\\/08\\\/Amedeo-Modigliani_bannerblog.jpg\",\"datePublished\":\"2025-08-13T06:00:01+00:00\",\"dateModified\":\"2026-07-14T09:42:40+00:00\",\"description\":\"Amedeo Modigliani naci\u00f3 en Livorno en julio de 1884, con la esencia de un so\u00f1ador marcado por la fragilidad de su salud.\",\"breadcrumb\":{\"@id\":\"https:\\\/\\\/rafaramirez.org\\\/blog\\\/index.php\\\/2025\\\/08\\\/13\\\/amedeo-modigliani\\\/#breadcrumb\"},\"inLanguage\":\"es\",\"potentialAction\":[{\"@type\":\"ReadAction\",\"target\":[\"https:\\\/\\\/rafaramirez.org\\\/blog\\\/index.php\\\/2025\\\/08\\\/13\\\/amedeo-modigliani\\\/\"]}]},{\"@type\":\"ImageObject\",\"inLanguage\":\"es\",\"@id\":\"https:\\\/\\\/rafaramirez.org\\\/blog\\\/index.php\\\/2025\\\/08\\\/13\\\/amedeo-modigliani\\\/#primaryimage\",\"url\":\"https:\\\/\\\/rafaramirez.org\\\/blog\\\/wp-content\\\/uploads\\\/2025\\\/08\\\/Amedeo-Modigliani_bannerblog.jpg\",\"contentUrl\":\"https:\\\/\\\/rafaramirez.org\\\/blog\\\/wp-content\\\/uploads\\\/2025\\\/08\\\/Amedeo-Modigliani_bannerblog.jpg\",\"width\":720,\"height\":440,\"caption\":\"Amedeo Modigliani. Maestros de la pintura. Blog de Rafael Ram\u00edrez.\"},{\"@type\":\"BreadcrumbList\",\"@id\":\"https:\\\/\\\/rafaramirez.org\\\/blog\\\/index.php\\\/2025\\\/08\\\/13\\\/amedeo-modigliani\\\/#breadcrumb\",\"itemListElement\":[{\"@type\":\"ListItem\",\"position\":1,\"name\":\"Portada\",\"item\":\"https:\\\/\\\/rafaramirez.org\\\/blog\\\/\"},{\"@type\":\"ListItem\",\"position\":2,\"name\":\"Amedeo Modigliani: la revoluci\u00f3n melanc\u00f3lica del retrato moderno.\"}]},{\"@type\":\"WebSite\",\"@id\":\"https:\\\/\\\/rafaramirez.org\\\/blog\\\/#website\",\"url\":\"https:\\\/\\\/rafaramirez.org\\\/blog\\\/\",\"name\":\"Blog de Rafael Ram\u00edrez\",\"description\":\"Un sitio social, de arte y cultura\",\"publisher\":{\"@id\":\"https:\\\/\\\/rafaramirez.org\\\/blog\\\/#\\\/schema\\\/person\\\/50f43b6d60c578760d4c17bda54ab6a5\"},\"potentialAction\":[{\"@type\":\"SearchAction\",\"target\":{\"@type\":\"EntryPoint\",\"urlTemplate\":\"https:\\\/\\\/rafaramirez.org\\\/blog\\\/?s={search_term_string}\"},\"query-input\":{\"@type\":\"PropertyValueSpecification\",\"valueRequired\":true,\"valueName\":\"search_term_string\"}}],\"inLanguage\":\"es\"},{\"@type\":[\"Person\",\"Organization\"],\"@id\":\"https:\\\/\\\/rafaramirez.org\\\/blog\\\/#\\\/schema\\\/person\\\/50f43b6d60c578760d4c17bda54ab6a5\",\"name\":\"Rafael Ram\u00edrez\",\"image\":{\"@type\":\"ImageObject\",\"inLanguage\":\"es\",\"@id\":\"https:\\\/\\\/rafaramirez.org\\\/blog\\\/wp-content\\\/uploads\\\/2024\\\/09\\\/RR_socialnetwork.jpg\",\"url\":\"https:\\\/\\\/rafaramirez.org\\\/blog\\\/wp-content\\\/uploads\\\/2024\\\/09\\\/RR_socialnetwork.jpg\",\"contentUrl\":\"https:\\\/\\\/rafaramirez.org\\\/blog\\\/wp-content\\\/uploads\\\/2024\\\/09\\\/RR_socialnetwork.jpg\",\"width\":600,\"height\":606,\"caption\":\"Rafael Ram\u00edrez\"},\"logo\":{\"@id\":\"https:\\\/\\\/rafaramirez.org\\\/blog\\\/wp-content\\\/uploads\\\/2024\\\/09\\\/RR_socialnetwork.jpg\"},\"sameAs\":[\"https:\\\/\\\/www.rafaramirez.org\\\/blog\",\"https:\\\/\\\/www.instagram.com\\\/rafaramirez_ok\\\/\",\"https:\\\/\\\/es.pinterest.com\\\/Ramirez_Rafa\\\/\",\"https:\\\/\\\/x.com\\\/rafaramirez_ok\"]},{\"@type\":\"Person\",\"@id\":\"https:\\\/\\\/rafaramirez.org\\\/blog\\\/#\\\/schema\\\/person\\\/8debd05b3d9a1d16fb21af726811617d\",\"name\":\"Documentaci\u00f3n e investigaci\u00f3n\",\"image\":{\"@type\":\"ImageObject\",\"inLanguage\":\"es\",\"@id\":\"https:\\\/\\\/secure.gravatar.com\\\/avatar\\\/fe70e496579a39c7a8fc4982b89275403b1092eb200623138a32daada9416911?s=96&d=mm&r=g\",\"url\":\"https:\\\/\\\/secure.gravatar.com\\\/avatar\\\/fe70e496579a39c7a8fc4982b89275403b1092eb200623138a32daada9416911?s=96&d=mm&r=g\",\"contentUrl\":\"https:\\\/\\\/secure.gravatar.com\\\/avatar\\\/fe70e496579a39c7a8fc4982b89275403b1092eb200623138a32daada9416911?s=96&d=mm&r=g\",\"caption\":\"Documentaci\u00f3n e investigaci\u00f3n\"},\"url\":\"https:\\\/\\\/rafaramirez.org\\\/blog\\\/index.php\\\/author\\\/admin\\\/\"}]}<\/script>\n<!-- \/ Yoast SEO plugin. -->","yoast_head_json":{"title":"Amedeo Modigliani: la revoluci\u00f3n melanc\u00f3lica del retrato moderno. - Blog de Rafael Ram\u00edrez","description":"Amedeo Modigliani naci\u00f3 en Livorno en julio de 1884, con la esencia de un so\u00f1ador marcado por la fragilidad de su salud.","robots":{"index":"index","follow":"follow","max-snippet":"max-snippet:-1","max-image-preview":"max-image-preview:large","max-video-preview":"max-video-preview:-1"},"canonical":"https:\/\/rafaramirez.org\/blog\/index.php\/2025\/08\/13\/amedeo-modigliani\/","og_locale":"es_ES","og_type":"article","og_title":"Amedeo Modigliani: la revoluci\u00f3n melanc\u00f3lica del retrato moderno. - Blog de Rafael Ram\u00edrez","og_description":"Amedeo Modigliani naci\u00f3 en Livorno en julio de 1884, con la esencia de un so\u00f1ador marcado por la fragilidad de su salud.","og_url":"https:\/\/rafaramirez.org\/blog\/index.php\/2025\/08\/13\/amedeo-modigliani\/","og_site_name":"Blog de Rafael Ram\u00edrez","article_published_time":"2025-08-13T06:00:01+00:00","article_modified_time":"2026-07-14T09:42:40+00:00","og_image":[{"width":720,"height":440,"url":"https:\/\/rafaramirez.org\/blog\/wp-content\/uploads\/2025\/08\/Amedeo-Modigliani_bannerblog.jpg","type":"image\/jpeg"}],"author":"Documentaci\u00f3n e investigaci\u00f3n","twitter_card":"summary_large_image","twitter_site":"@rafaramirez_ok","twitter_misc":{"Escrito por":"Documentaci\u00f3n e investigaci\u00f3n","Tiempo de lectura":"7 minutos"},"schema":{"@context":"https:\/\/schema.org","@graph":[{"@type":"Article","@id":"https:\/\/rafaramirez.org\/blog\/index.php\/2025\/08\/13\/amedeo-modigliani\/#article","isPartOf":{"@id":"https:\/\/rafaramirez.org\/blog\/index.php\/2025\/08\/13\/amedeo-modigliani\/"},"author":{"name":"Documentaci\u00f3n e investigaci\u00f3n","@id":"https:\/\/rafaramirez.org\/blog\/#\/schema\/person\/8debd05b3d9a1d16fb21af726811617d"},"headline":"Amedeo Modigliani: la revoluci\u00f3n melanc\u00f3lica del retrato moderno.","datePublished":"2025-08-13T06:00:01+00:00","dateModified":"2026-07-14T09:42:40+00:00","mainEntityOfPage":{"@id":"https:\/\/rafaramirez.org\/blog\/index.php\/2025\/08\/13\/amedeo-modigliani\/"},"wordCount":1145,"commentCount":0,"publisher":{"@id":"https:\/\/rafaramirez.org\/blog\/#\/schema\/person\/50f43b6d60c578760d4c17bda54ab6a5"},"image":{"@id":"https:\/\/rafaramirez.org\/blog\/index.php\/2025\/08\/13\/amedeo-modigliani\/#primaryimage"},"thumbnailUrl":"https:\/\/rafaramirez.org\/blog\/wp-content\/uploads\/2025\/08\/Amedeo-Modigliani_bannerblog.jpg","keywords":["Amedeo Modigliani","biograf\u00eda de Amedeo Modigliani","biograf\u00eda de pintores","historia de la pintura","historia del arte","maestros de la pintura"],"articleSection":["Historia del arte"],"inLanguage":"es","potentialAction":[{"@type":"CommentAction","name":"Comment","target":["https:\/\/rafaramirez.org\/blog\/index.php\/2025\/08\/13\/amedeo-modigliani\/#respond"]}]},{"@type":"WebPage","@id":"https:\/\/rafaramirez.org\/blog\/index.php\/2025\/08\/13\/amedeo-modigliani\/","url":"https:\/\/rafaramirez.org\/blog\/index.php\/2025\/08\/13\/amedeo-modigliani\/","name":"Amedeo Modigliani: la revoluci\u00f3n melanc\u00f3lica del retrato moderno. - Blog de Rafael Ram\u00edrez","isPartOf":{"@id":"https:\/\/rafaramirez.org\/blog\/#website"},"primaryImageOfPage":{"@id":"https:\/\/rafaramirez.org\/blog\/index.php\/2025\/08\/13\/amedeo-modigliani\/#primaryimage"},"image":{"@id":"https:\/\/rafaramirez.org\/blog\/index.php\/2025\/08\/13\/amedeo-modigliani\/#primaryimage"},"thumbnailUrl":"https:\/\/rafaramirez.org\/blog\/wp-content\/uploads\/2025\/08\/Amedeo-Modigliani_bannerblog.jpg","datePublished":"2025-08-13T06:00:01+00:00","dateModified":"2026-07-14T09:42:40+00:00","description":"Amedeo Modigliani naci\u00f3 en Livorno en julio de 1884, con la esencia de un so\u00f1ador marcado por la fragilidad de su salud.","breadcrumb":{"@id":"https:\/\/rafaramirez.org\/blog\/index.php\/2025\/08\/13\/amedeo-modigliani\/#breadcrumb"},"inLanguage":"es","potentialAction":[{"@type":"ReadAction","target":["https:\/\/rafaramirez.org\/blog\/index.php\/2025\/08\/13\/amedeo-modigliani\/"]}]},{"@type":"ImageObject","inLanguage":"es","@id":"https:\/\/rafaramirez.org\/blog\/index.php\/2025\/08\/13\/amedeo-modigliani\/#primaryimage","url":"https:\/\/rafaramirez.org\/blog\/wp-content\/uploads\/2025\/08\/Amedeo-Modigliani_bannerblog.jpg","contentUrl":"https:\/\/rafaramirez.org\/blog\/wp-content\/uploads\/2025\/08\/Amedeo-Modigliani_bannerblog.jpg","width":720,"height":440,"caption":"Amedeo Modigliani. Maestros de la pintura. Blog de Rafael Ram\u00edrez."},{"@type":"BreadcrumbList","@id":"https:\/\/rafaramirez.org\/blog\/index.php\/2025\/08\/13\/amedeo-modigliani\/#breadcrumb","itemListElement":[{"@type":"ListItem","position":1,"name":"Portada","item":"https:\/\/rafaramirez.org\/blog\/"},{"@type":"ListItem","position":2,"name":"Amedeo Modigliani: la revoluci\u00f3n melanc\u00f3lica del retrato moderno."}]},{"@type":"WebSite","@id":"https:\/\/rafaramirez.org\/blog\/#website","url":"https:\/\/rafaramirez.org\/blog\/","name":"Blog de Rafael Ram\u00edrez","description":"Un sitio social, de arte y cultura","publisher":{"@id":"https:\/\/rafaramirez.org\/blog\/#\/schema\/person\/50f43b6d60c578760d4c17bda54ab6a5"},"potentialAction":[{"@type":"SearchAction","target":{"@type":"EntryPoint","urlTemplate":"https:\/\/rafaramirez.org\/blog\/?s={search_term_string}"},"query-input":{"@type":"PropertyValueSpecification","valueRequired":true,"valueName":"search_term_string"}}],"inLanguage":"es"},{"@type":["Person","Organization"],"@id":"https:\/\/rafaramirez.org\/blog\/#\/schema\/person\/50f43b6d60c578760d4c17bda54ab6a5","name":"Rafael Ram\u00edrez","image":{"@type":"ImageObject","inLanguage":"es","@id":"https:\/\/rafaramirez.org\/blog\/wp-content\/uploads\/2024\/09\/RR_socialnetwork.jpg","url":"https:\/\/rafaramirez.org\/blog\/wp-content\/uploads\/2024\/09\/RR_socialnetwork.jpg","contentUrl":"https:\/\/rafaramirez.org\/blog\/wp-content\/uploads\/2024\/09\/RR_socialnetwork.jpg","width":600,"height":606,"caption":"Rafael Ram\u00edrez"},"logo":{"@id":"https:\/\/rafaramirez.org\/blog\/wp-content\/uploads\/2024\/09\/RR_socialnetwork.jpg"},"sameAs":["https:\/\/www.rafaramirez.org\/blog","https:\/\/www.instagram.com\/rafaramirez_ok\/","https:\/\/es.pinterest.com\/Ramirez_Rafa\/","https:\/\/x.com\/rafaramirez_ok"]},{"@type":"Person","@id":"https:\/\/rafaramirez.org\/blog\/#\/schema\/person\/8debd05b3d9a1d16fb21af726811617d","name":"Documentaci\u00f3n e investigaci\u00f3n","image":{"@type":"ImageObject","inLanguage":"es","@id":"https:\/\/secure.gravatar.com\/avatar\/fe70e496579a39c7a8fc4982b89275403b1092eb200623138a32daada9416911?s=96&d=mm&r=g","url":"https:\/\/secure.gravatar.com\/avatar\/fe70e496579a39c7a8fc4982b89275403b1092eb200623138a32daada9416911?s=96&d=mm&r=g","contentUrl":"https:\/\/secure.gravatar.com\/avatar\/fe70e496579a39c7a8fc4982b89275403b1092eb200623138a32daada9416911?s=96&d=mm&r=g","caption":"Documentaci\u00f3n e investigaci\u00f3n"},"url":"https:\/\/rafaramirez.org\/blog\/index.php\/author\/admin\/"}]}},"jetpack_publicize_connections":[],"jetpack_sharing_enabled":true,"jetpack_likes_enabled":true,"jetpack_featured_media_url":"https:\/\/rafaramirez.org\/blog\/wp-content\/uploads\/2025\/08\/Amedeo-Modigliani_bannerblog.jpg","_links":{"self":[{"href":"https:\/\/rafaramirez.org\/blog\/index.php\/wp-json\/wp\/v2\/posts\/10047","targetHints":{"allow":["GET"]}}],"collection":[{"href":"https:\/\/rafaramirez.org\/blog\/index.php\/wp-json\/wp\/v2\/posts"}],"about":[{"href":"https:\/\/rafaramirez.org\/blog\/index.php\/wp-json\/wp\/v2\/types\/post"}],"author":[{"embeddable":true,"href":"https:\/\/rafaramirez.org\/blog\/index.php\/wp-json\/wp\/v2\/users\/3"}],"replies":[{"embeddable":true,"href":"https:\/\/rafaramirez.org\/blog\/index.php\/wp-json\/wp\/v2\/comments?post=10047"}],"version-history":[{"count":7,"href":"https:\/\/rafaramirez.org\/blog\/index.php\/wp-json\/wp\/v2\/posts\/10047\/revisions"}],"predecessor-version":[{"id":11644,"href":"https:\/\/rafaramirez.org\/blog\/index.php\/wp-json\/wp\/v2\/posts\/10047\/revisions\/11644"}],"wp:featuredmedia":[{"embeddable":true,"href":"https:\/\/rafaramirez.org\/blog\/index.php\/wp-json\/wp\/v2\/media\/10052"}],"wp:attachment":[{"href":"https:\/\/rafaramirez.org\/blog\/index.php\/wp-json\/wp\/v2\/media?parent=10047"}],"wp:term":[{"taxonomy":"category","embeddable":true,"href":"https:\/\/rafaramirez.org\/blog\/index.php\/wp-json\/wp\/v2\/categories?post=10047"},{"taxonomy":"post_tag","embeddable":true,"href":"https:\/\/rafaramirez.org\/blog\/index.php\/wp-json\/wp\/v2\/tags?post=10047"}],"curies":[{"name":"wp","href":"https:\/\/api.w.org\/{rel}","templated":true}]}}