{"id":10040,"date":"2025-08-12T08:00:49","date_gmt":"2025-08-12T06:00:49","guid":{"rendered":"https:\/\/rafaramirez.org\/blog\/?p=10040"},"modified":"2025-07-22T10:53:55","modified_gmt":"2025-07-22T08:53:55","slug":"dia-internacional-de-la-juventud-2025","status":"publish","type":"post","link":"https:\/\/rafaramirez.org\/blog\/index.php\/2025\/08\/12\/dia-internacional-de-la-juventud-2025\/","title":{"rendered":"D\u00eda Internacional de la Juventud 2025, de sus ra\u00edces a las actividades globales."},"content":{"rendered":"<p>El <strong>D\u00eda Internacional de la Juventud<\/strong> se basa en varias resoluciones de la Asamblea General de la ONU. En 1965, la resoluci\u00f3n 2037 (XX) hizo hincapi\u00e9 en la necesidad de fomentar la paz y la cooperaci\u00f3n entre los j\u00f3venes. En 1985, la resoluci\u00f3n 34\/151 proclam\u00f3 el A\u00f1o Internacional de la Juventud, que se centr\u00f3 en la \u00abParticipaci\u00f3n, el Desarrollo y la Paz\u00bb.<\/p>\n<p>Finalmente, el 17 de diciembre de 1999, la Asamblea, mediante la resoluci\u00f3n 54\/120 y siguiendo las recomendaciones de la Conferencia Mundial de Ministros de la Juventud (Lisboa, agosto de 1998), declar\u00f3 el 12 de agosto D\u00eda Internacional de la Juventud.<\/p>\n<h3>Prop\u00f3sito del D\u00eda Internacional de la Juventud.<\/h3>\n<ul>\n<li>Concienciar a la comunidad internacional sobre los desaf\u00edos a los que se enfrentan los j\u00f3venes (educaci\u00f3n, empleo, salud, derechos).<\/li>\n<li>Promover la aplicaci\u00f3n del Programa de Acci\u00f3n Mundial para los J\u00f3venes (resoluci\u00f3n 50\/81, 1996).<\/li>\n<li>Fomentar la participaci\u00f3n activa de la juventud en la adopci\u00f3n de decisiones, el desarrollo sostenible y la promoci\u00f3n de la paz (resoluci\u00f3n 2250 del Consejo de Seguridad sobre Juventud, Paz y Seguridad).<\/li>\n<li>Visibilizar a los j\u00f3venes como socios clave para alcanzar los Objetivos de Desarrollo Sostenible.<\/li>\n<\/ul>\n<h3>Actividades previstas en 2025.<\/h3>\n<h4>En Espa\u00f1a.<\/h4>\n<ul>\n<li>Gran Canaria (Cabildo de Gran Canaria). El viernes 8 de agosto de 2025 se celebrar\u00e1 una jornada especial en Aqualand con juegos acu\u00e1ticos, m\u00fasica y animaci\u00f3n para j\u00f3venes. La actividad ha agotado sus plazas debido a la alta demanda.<\/li>\n<li>En La Aldea de San Nicol\u00e1s (Gran Canaria), el mismo d\u00eda 8 de agosto, la \u00abQuedada Joven\u00bb ofrece talleres de grafitis en lona, una gymkhana \u00abMisi\u00f3n Imposible\u00bb, juegos con agua y una fiesta de la espuma. La actividad, destinada a j\u00f3venes de 12 a 30 a\u00f1os, es gratuita y las inscripciones est\u00e1n abiertas hasta el 29 de julio.<\/li>\n<li>Otras localidades. Los ayuntamientos de toda Espa\u00f1a organizan conciertos al aire libre, debates intergeneracionales, ferias juveniles, exposiciones de arte y conferencias sobre empleo juvenil. Las oficinas municipales de juventud y los centros c\u00edvicos suelen convocar talleres de emprendimiento, charlas sobre salud mental y actos culturales alrededor del 12 de agosto.<\/li>\n<\/ul>\n<h4>En otros pa\u00edses.<\/h4>\n<ul>\n<li>Sede de la ONU (Nueva York). El Departamento de Asuntos Econ\u00f3micos y Sociales (DAES) y el PNUD organizan el acto oficial, que incluye paneles sobre innovaci\u00f3n en participaci\u00f3n juvenil y presentaciones de iniciativas globales de los j\u00f3venes.<\/li>\n<li>Foro de la Juventud de la UNESCO: cada dos a\u00f1os, en octubre, se celebra en Par\u00eds un foro en el que j\u00f3venes de todo el mundo debaten sobre problem\u00e1ticas globales y presentan soluciones innovadoras. Es una plataforma clave para intercambiar buenas pr\u00e1cticas y fortalecer redes internacionales.<\/li>\n<li>Colombia: durante la segunda semana de agosto se celebra la \u00abSemana de la Juventud\u00bb, con conferencias, talleres de liderazgo, ferias deportivas y elaboraci\u00f3n participativa de estatutos locales que ampl\u00edan la voz de los j\u00f3venes en las pol\u00edticas p\u00fablicas.<\/li>\n<li>Participaci\u00f3n digital global: la ONU invita a los j\u00f3venes a presentar propuestas digitales para abordar los ODS. Las iniciativas seleccionadas se difunden en infograf\u00edas oficiales y en los canales sociales de la ONU, lo que amplifica su impacto en redes mundiales.<\/li>\n<\/ul>\n<figure id=\"attachment_10043\" aria-describedby=\"caption-attachment-10043\" style=\"width: 300px\" class=\"wp-caption aligncenter\"><a href=\"https:\/\/rafaramirez.org\/blog\/wp-content\/uploads\/2025\/08\/Dia-Internacional-de-la-juventud_1.jpg\" target=\"_blank\" rel=\"noopener\"><img loading=\"lazy\" decoding=\"async\" class=\"wp-image-10043 size-medium\" src=\"https:\/\/rafaramirez.org\/blog\/wp-content\/uploads\/2025\/08\/Dia-Internacional-de-la-juventud_1-300x300.jpg\" alt=\"D\u00eda Internacional de la Juventud 2025. 12 de agosto. Blog de Rafael Ram\u00edrez. \" width=\"300\" height=\"300\" srcset=\"https:\/\/rafaramirez.org\/blog\/wp-content\/uploads\/2025\/08\/Dia-Internacional-de-la-juventud_1-300x300.jpg 300w, https:\/\/rafaramirez.org\/blog\/wp-content\/uploads\/2025\/08\/Dia-Internacional-de-la-juventud_1-150x150.jpg 150w, https:\/\/rafaramirez.org\/blog\/wp-content\/uploads\/2025\/08\/Dia-Internacional-de-la-juventud_1-768x768.jpg 768w, https:\/\/rafaramirez.org\/blog\/wp-content\/uploads\/2025\/08\/Dia-Internacional-de-la-juventud_1.jpg 850w\" sizes=\"auto, (max-width: 300px) 100vw, 300px\" \/><\/a><figcaption id=\"caption-attachment-10043\" class=\"wp-caption-text\">D\u00eda Internacional de la Juventud 2025. 12 de agosto. Blog de Rafael Ram\u00edrez.<\/figcaption><\/figure>\n<p>En resumen, el D\u00eda Internacional de la Juventud es una oportunidad para reconocer y apoyar el papel crucial de los j\u00f3venes en la construcci\u00f3n de un futuro m\u00e1s sostenible y equitativo para todos. \ud83c\udf0d<\/p>\n<p>M\u00e1s informaci\u00f3n:<\/p>\n<ul>\n<li><a href=\"https:\/\/www.un.org\/es\/observances\/youth-day\/background\" target=\"_blank\" rel=\"noopener\">D\u00eda Internacional de la Juventud &#8211; Antecedentes | Naciones Unidas<\/a>.<\/li>\n<li><a href=\"https:\/\/www.un.org\/es\/observances\/youth-day\" target=\"_blank\" rel=\"noopener\">D\u00eda Internacional de la Juventud | Naciones Unidas<\/a>.<\/li>\n<li><a href=\"https:\/\/rafaramirez.org\/blog\/index.php\/category\/arte\/efemerides\/\" target=\"_blank\" rel=\"noopener\">Otras efem\u00e9rides<\/a>.<\/li>\n<li><a href=\"https:\/\/rafaramirez.org\/blog\/index.php\/category\/noticias-sociales\/\" target=\"_blank\" rel=\"noopener\">Otros informes sociales<\/a>.<\/li>\n<\/ul>\n","protected":false},"excerpt":{"rendered":"<p>El D\u00eda Internacional de la Juventud se basa en varias resoluciones de la Asamblea General de la ONU. En 1965, la resoluci\u00f3n 2037 (XX) hizo hincapi\u00e9 en la necesidad de fomentar la paz y la cooperaci\u00f3n entre los j\u00f3venes. En 1985, la resoluci\u00f3n 34\/151 proclam\u00f3 el A\u00f1o Internacional de la Juventud, que se centr\u00f3 en [&hellip;]<\/p>\n","protected":false},"author":1,"featured_media":10044,"comment_status":"open","ping_status":"closed","sticky":false,"template":"","format":"standard","meta":{"site-container-style":"default","site-container-layout":"default","site-sidebar-layout":"default","disable-article-header":"default","disable-site-header":"default","disable-site-footer":"default","disable-content-area-spacing":"default","_jetpack_newsletter_access":"","_jetpack_dont_email_post_to_subs":false,"_jetpack_newsletter_tier_id":0,"_jetpack_memberships_contains_paywalled_content":false,"_jetpack_feature_clip_id":0,"_jetpack_memberships_contains_paid_content":false,"footnotes":"","jetpack_publicize_message":"","jetpack_publicize_feature_enabled":true,"jetpack_social_post_already_shared":true,"jetpack_social_options":{"image_generator_settings":{"template":"highway","default_image_id":0,"font":"","enabled":false},"version":2},"jetpack_post_was_ever_published":false},"categories":[1291,15],"tags":[3001,3002,3003,617,1713,68,2999,1323,3005,957,3006,3007,330,1702,416,3004,1023,3000],"class_list":["post-10040","post","type-post","status-publish","format-standard","has-post-thumbnail","hentry","category-efemerides","category-noticias-sociales","tag-12-de-agosto","tag-3002","tag-3003","tag-asamblea-de-las-naciones-unidas","tag-asamblea-general-de-las-naciones-unidas","tag-blog-de-rafael-ramirez","tag-dia-internacional-de-la-juventud","tag-efemerides","tag-ingenio","tag-labor-social","tag-liderazgo","tag-mundo-mas-sostenible-y-justo","tag-noticias-sociales","tag-onu","tag-redes-sociales","tag-resiliencia","tag-responsabilidad-social","tag-un"],"yoast_head":"<!-- This site is optimized with the Yoast SEO plugin v28.4 - https:\/\/yoast.com\/product\/yoast-seo-wordpress\/ -->\n<title>D\u00eda Internacional de la Juventud 2025, de sus ra\u00edces a las actividades globales. - Blog de Rafael Ram\u00edrez<\/title>\n<meta name=\"description\" content=\"El D\u00eda Internacional de la Juventud tiene sus ra\u00edces en varias resoluciones de la Asamblea General de la ONU. En 1965, la resoluci\u00f3n 2037...\" \/>\n<meta name=\"robots\" content=\"index, follow, max-snippet:-1, max-image-preview:large, max-video-preview:-1\" \/>\n<link rel=\"canonical\" href=\"https:\/\/rafaramirez.org\/blog\/index.php\/2025\/08\/12\/dia-internacional-de-la-juventud-2025\/\" \/>\n<meta property=\"og:locale\" content=\"es_ES\" \/>\n<meta property=\"og:type\" content=\"article\" \/>\n<meta property=\"og:title\" content=\"D\u00eda Internacional de la Juventud 2025, de sus ra\u00edces a las actividades globales. - Blog de Rafael Ram\u00edrez\" \/>\n<meta property=\"og:description\" content=\"El D\u00eda Internacional de la Juventud tiene sus ra\u00edces en varias resoluciones de la Asamblea General de la ONU. En 1965, la resoluci\u00f3n 2037...\" \/>\n<meta property=\"og:url\" content=\"https:\/\/rafaramirez.org\/blog\/index.php\/2025\/08\/12\/dia-internacional-de-la-juventud-2025\/\" \/>\n<meta property=\"og:site_name\" content=\"Blog de Rafael Ram\u00edrez\" \/>\n<meta property=\"article:published_time\" content=\"2025-08-12T06:00:49+00:00\" \/>\n<meta property=\"og:image\" content=\"https:\/\/rafaramirez.org\/blog\/wp-content\/uploads\/2025\/08\/Dia-Internacional-de-la-juventud_bannerblog.jpg\" \/>\n\t<meta property=\"og:image:width\" content=\"720\" \/>\n\t<meta property=\"og:image:height\" content=\"440\" \/>\n\t<meta property=\"og:image:type\" content=\"image\/jpeg\" \/>\n<meta name=\"author\" content=\"Rafael Ram\u00edrez\" \/>\n<meta name=\"twitter:card\" content=\"summary_large_image\" \/>\n<meta name=\"twitter:creator\" content=\"@rafaramirez_ok\" \/>\n<meta name=\"twitter:site\" content=\"@rafaramirez_ok\" \/>\n<meta name=\"twitter:label1\" content=\"Escrito por\" \/>\n\t<meta name=\"twitter:data1\" content=\"Rafael Ram\u00edrez\" \/>\n\t<meta name=\"twitter:label2\" content=\"Tiempo de lectura\" \/>\n\t<meta name=\"twitter:data2\" content=\"4 minutos\" \/>\n<script type=\"application\/ld+json\" class=\"yoast-schema-graph\">{\"@context\":\"https:\\\/\\\/schema.org\",\"@graph\":[{\"@type\":\"Article\",\"@id\":\"https:\\\/\\\/rafaramirez.org\\\/blog\\\/index.php\\\/2025\\\/08\\\/12\\\/dia-internacional-de-la-juventud-2025\\\/#article\",\"isPartOf\":{\"@id\":\"https:\\\/\\\/rafaramirez.org\\\/blog\\\/index.php\\\/2025\\\/08\\\/12\\\/dia-internacional-de-la-juventud-2025\\\/\"},\"author\":{\"name\":\"Rafael Ram\u00edrez\",\"@id\":\"https:\\\/\\\/rafaramirez.org\\\/blog\\\/#\\\/schema\\\/person\\\/50f43b6d60c578760d4c17bda54ab6a5\"},\"headline\":\"D\u00eda Internacional de la Juventud 2025, de sus ra\u00edces a las actividades globales.\",\"datePublished\":\"2025-08-12T06:00:49+00:00\",\"mainEntityOfPage\":{\"@id\":\"https:\\\/\\\/rafaramirez.org\\\/blog\\\/index.php\\\/2025\\\/08\\\/12\\\/dia-internacional-de-la-juventud-2025\\\/\"},\"wordCount\":639,\"commentCount\":0,\"publisher\":{\"@id\":\"https:\\\/\\\/rafaramirez.org\\\/blog\\\/#\\\/schema\\\/person\\\/50f43b6d60c578760d4c17bda54ab6a5\"},\"image\":{\"@id\":\"https:\\\/\\\/rafaramirez.org\\\/blog\\\/index.php\\\/2025\\\/08\\\/12\\\/dia-internacional-de-la-juventud-2025\\\/#primaryimage\"},\"thumbnailUrl\":\"https:\\\/\\\/rafaramirez.org\\\/blog\\\/wp-content\\\/uploads\\\/2025\\\/08\\\/Dia-Internacional-de-la-juventud_bannerblog.jpg\",\"keywords\":[\"12 de agosto\",\"1999\",\"2000\",\"Asamblea de las Naciones Unidas\",\"Asamblea General de las Naciones Unidas\",\"blog de Rafael Ram\u00edrez\",\"D\u00eda Internacional de la Juventud\",\"efem\u00e9rides\",\"ingenio\",\"labor social\",\"liderazgo\",\"mundo m\u00e1s sostenible y justo\",\"noticias sociales\",\"ONU\",\"redes sociales\",\"resiliencia\",\"responsabilidad social\",\"UN\"],\"articleSection\":[\"Efem\u00e9rides\",\"Informe social\"],\"inLanguage\":\"es\",\"potentialAction\":[{\"@type\":\"CommentAction\",\"name\":\"Comment\",\"target\":[\"https:\\\/\\\/rafaramirez.org\\\/blog\\\/index.php\\\/2025\\\/08\\\/12\\\/dia-internacional-de-la-juventud-2025\\\/#respond\"]}]},{\"@type\":\"WebPage\",\"@id\":\"https:\\\/\\\/rafaramirez.org\\\/blog\\\/index.php\\\/2025\\\/08\\\/12\\\/dia-internacional-de-la-juventud-2025\\\/\",\"url\":\"https:\\\/\\\/rafaramirez.org\\\/blog\\\/index.php\\\/2025\\\/08\\\/12\\\/dia-internacional-de-la-juventud-2025\\\/\",\"name\":\"D\u00eda Internacional de la Juventud 2025, de sus ra\u00edces a las actividades globales. - Blog de Rafael Ram\u00edrez\",\"isPartOf\":{\"@id\":\"https:\\\/\\\/rafaramirez.org\\\/blog\\\/#website\"},\"primaryImageOfPage\":{\"@id\":\"https:\\\/\\\/rafaramirez.org\\\/blog\\\/index.php\\\/2025\\\/08\\\/12\\\/dia-internacional-de-la-juventud-2025\\\/#primaryimage\"},\"image\":{\"@id\":\"https:\\\/\\\/rafaramirez.org\\\/blog\\\/index.php\\\/2025\\\/08\\\/12\\\/dia-internacional-de-la-juventud-2025\\\/#primaryimage\"},\"thumbnailUrl\":\"https:\\\/\\\/rafaramirez.org\\\/blog\\\/wp-content\\\/uploads\\\/2025\\\/08\\\/Dia-Internacional-de-la-juventud_bannerblog.jpg\",\"datePublished\":\"2025-08-12T06:00:49+00:00\",\"description\":\"El D\u00eda Internacional de la Juventud tiene sus ra\u00edces en varias resoluciones de la Asamblea General de la ONU. En 1965, la resoluci\u00f3n 2037...\",\"breadcrumb\":{\"@id\":\"https:\\\/\\\/rafaramirez.org\\\/blog\\\/index.php\\\/2025\\\/08\\\/12\\\/dia-internacional-de-la-juventud-2025\\\/#breadcrumb\"},\"inLanguage\":\"es\",\"potentialAction\":[{\"@type\":\"ReadAction\",\"target\":[\"https:\\\/\\\/rafaramirez.org\\\/blog\\\/index.php\\\/2025\\\/08\\\/12\\\/dia-internacional-de-la-juventud-2025\\\/\"]}]},{\"@type\":\"ImageObject\",\"inLanguage\":\"es\",\"@id\":\"https:\\\/\\\/rafaramirez.org\\\/blog\\\/index.php\\\/2025\\\/08\\\/12\\\/dia-internacional-de-la-juventud-2025\\\/#primaryimage\",\"url\":\"https:\\\/\\\/rafaramirez.org\\\/blog\\\/wp-content\\\/uploads\\\/2025\\\/08\\\/Dia-Internacional-de-la-juventud_bannerblog.jpg\",\"contentUrl\":\"https:\\\/\\\/rafaramirez.org\\\/blog\\\/wp-content\\\/uploads\\\/2025\\\/08\\\/Dia-Internacional-de-la-juventud_bannerblog.jpg\",\"width\":720,\"height\":440,\"caption\":\"D\u00eda Internacional de la Juventud 2025. 12 de agosto. Blog de Rafael Ram\u00edrez.\"},{\"@type\":\"BreadcrumbList\",\"@id\":\"https:\\\/\\\/rafaramirez.org\\\/blog\\\/index.php\\\/2025\\\/08\\\/12\\\/dia-internacional-de-la-juventud-2025\\\/#breadcrumb\",\"itemListElement\":[{\"@type\":\"ListItem\",\"position\":1,\"name\":\"Portada\",\"item\":\"https:\\\/\\\/rafaramirez.org\\\/blog\\\/\"},{\"@type\":\"ListItem\",\"position\":2,\"name\":\"D\u00eda Internacional de la Juventud 2025, de sus ra\u00edces a las actividades globales.\"}]},{\"@type\":\"WebSite\",\"@id\":\"https:\\\/\\\/rafaramirez.org\\\/blog\\\/#website\",\"url\":\"https:\\\/\\\/rafaramirez.org\\\/blog\\\/\",\"name\":\"Blog de Rafael Ram\u00edrez\",\"description\":\"Un sitio social, de arte y cultura\",\"publisher\":{\"@id\":\"https:\\\/\\\/rafaramirez.org\\\/blog\\\/#\\\/schema\\\/person\\\/50f43b6d60c578760d4c17bda54ab6a5\"},\"potentialAction\":[{\"@type\":\"SearchAction\",\"target\":{\"@type\":\"EntryPoint\",\"urlTemplate\":\"https:\\\/\\\/rafaramirez.org\\\/blog\\\/?s={search_term_string}\"},\"query-input\":{\"@type\":\"PropertyValueSpecification\",\"valueRequired\":true,\"valueName\":\"search_term_string\"}}],\"inLanguage\":\"es\"},{\"@type\":[\"Person\",\"Organization\"],\"@id\":\"https:\\\/\\\/rafaramirez.org\\\/blog\\\/#\\\/schema\\\/person\\\/50f43b6d60c578760d4c17bda54ab6a5\",\"name\":\"Rafael Ram\u00edrez\",\"image\":{\"@type\":\"ImageObject\",\"inLanguage\":\"es\",\"@id\":\"https:\\\/\\\/rafaramirez.org\\\/blog\\\/wp-content\\\/uploads\\\/2024\\\/09\\\/RR_socialnetwork.jpg\",\"url\":\"https:\\\/\\\/rafaramirez.org\\\/blog\\\/wp-content\\\/uploads\\\/2024\\\/09\\\/RR_socialnetwork.jpg\",\"contentUrl\":\"https:\\\/\\\/rafaramirez.org\\\/blog\\\/wp-content\\\/uploads\\\/2024\\\/09\\\/RR_socialnetwork.jpg\",\"width\":600,\"height\":606,\"caption\":\"Rafael Ram\u00edrez\"},\"logo\":{\"@id\":\"https:\\\/\\\/rafaramirez.org\\\/blog\\\/wp-content\\\/uploads\\\/2024\\\/09\\\/RR_socialnetwork.jpg\"},\"sameAs\":[\"https:\\\/\\\/www.rafaramirez.org\\\/blog\",\"https:\\\/\\\/www.instagram.com\\\/rafaramirez_ok\\\/\",\"https:\\\/\\\/es.pinterest.com\\\/Ramirez_Rafa\\\/\",\"https:\\\/\\\/x.com\\\/rafaramirez_ok\"],\"url\":\"https:\\\/\\\/rafaramirez.org\\\/blog\\\/index.php\\\/author\\\/rafaell_qm6j97da\\\/\"}]}<\/script>\n<!-- \/ Yoast SEO plugin. -->","yoast_head_json":{"title":"D\u00eda Internacional de la Juventud 2025, de sus ra\u00edces a las actividades globales. - Blog de Rafael Ram\u00edrez","description":"El D\u00eda Internacional de la Juventud tiene sus ra\u00edces en varias resoluciones de la Asamblea General de la ONU. En 1965, la resoluci\u00f3n 2037...","robots":{"index":"index","follow":"follow","max-snippet":"max-snippet:-1","max-image-preview":"max-image-preview:large","max-video-preview":"max-video-preview:-1"},"canonical":"https:\/\/rafaramirez.org\/blog\/index.php\/2025\/08\/12\/dia-internacional-de-la-juventud-2025\/","og_locale":"es_ES","og_type":"article","og_title":"D\u00eda Internacional de la Juventud 2025, de sus ra\u00edces a las actividades globales. - Blog de Rafael Ram\u00edrez","og_description":"El D\u00eda Internacional de la Juventud tiene sus ra\u00edces en varias resoluciones de la Asamblea General de la ONU. En 1965, la resoluci\u00f3n 2037...","og_url":"https:\/\/rafaramirez.org\/blog\/index.php\/2025\/08\/12\/dia-internacional-de-la-juventud-2025\/","og_site_name":"Blog de Rafael Ram\u00edrez","article_published_time":"2025-08-12T06:00:49+00:00","og_image":[{"width":720,"height":440,"url":"https:\/\/rafaramirez.org\/blog\/wp-content\/uploads\/2025\/08\/Dia-Internacional-de-la-juventud_bannerblog.jpg","type":"image\/jpeg"}],"author":"Rafael Ram\u00edrez","twitter_card":"summary_large_image","twitter_creator":"@rafaramirez_ok","twitter_site":"@rafaramirez_ok","twitter_misc":{"Escrito por":"Rafael Ram\u00edrez","Tiempo de lectura":"4 minutos"},"schema":{"@context":"https:\/\/schema.org","@graph":[{"@type":"Article","@id":"https:\/\/rafaramirez.org\/blog\/index.php\/2025\/08\/12\/dia-internacional-de-la-juventud-2025\/#article","isPartOf":{"@id":"https:\/\/rafaramirez.org\/blog\/index.php\/2025\/08\/12\/dia-internacional-de-la-juventud-2025\/"},"author":{"name":"Rafael Ram\u00edrez","@id":"https:\/\/rafaramirez.org\/blog\/#\/schema\/person\/50f43b6d60c578760d4c17bda54ab6a5"},"headline":"D\u00eda Internacional de la Juventud 2025, de sus ra\u00edces a las actividades globales.","datePublished":"2025-08-12T06:00:49+00:00","mainEntityOfPage":{"@id":"https:\/\/rafaramirez.org\/blog\/index.php\/2025\/08\/12\/dia-internacional-de-la-juventud-2025\/"},"wordCount":639,"commentCount":0,"publisher":{"@id":"https:\/\/rafaramirez.org\/blog\/#\/schema\/person\/50f43b6d60c578760d4c17bda54ab6a5"},"image":{"@id":"https:\/\/rafaramirez.org\/blog\/index.php\/2025\/08\/12\/dia-internacional-de-la-juventud-2025\/#primaryimage"},"thumbnailUrl":"https:\/\/rafaramirez.org\/blog\/wp-content\/uploads\/2025\/08\/Dia-Internacional-de-la-juventud_bannerblog.jpg","keywords":["12 de agosto","1999","2000","Asamblea de las Naciones Unidas","Asamblea General de las Naciones Unidas","blog de Rafael Ram\u00edrez","D\u00eda Internacional de la Juventud","efem\u00e9rides","ingenio","labor social","liderazgo","mundo m\u00e1s sostenible y justo","noticias sociales","ONU","redes sociales","resiliencia","responsabilidad social","UN"],"articleSection":["Efem\u00e9rides","Informe social"],"inLanguage":"es","potentialAction":[{"@type":"CommentAction","name":"Comment","target":["https:\/\/rafaramirez.org\/blog\/index.php\/2025\/08\/12\/dia-internacional-de-la-juventud-2025\/#respond"]}]},{"@type":"WebPage","@id":"https:\/\/rafaramirez.org\/blog\/index.php\/2025\/08\/12\/dia-internacional-de-la-juventud-2025\/","url":"https:\/\/rafaramirez.org\/blog\/index.php\/2025\/08\/12\/dia-internacional-de-la-juventud-2025\/","name":"D\u00eda Internacional de la Juventud 2025, de sus ra\u00edces a las actividades globales. - Blog de Rafael Ram\u00edrez","isPartOf":{"@id":"https:\/\/rafaramirez.org\/blog\/#website"},"primaryImageOfPage":{"@id":"https:\/\/rafaramirez.org\/blog\/index.php\/2025\/08\/12\/dia-internacional-de-la-juventud-2025\/#primaryimage"},"image":{"@id":"https:\/\/rafaramirez.org\/blog\/index.php\/2025\/08\/12\/dia-internacional-de-la-juventud-2025\/#primaryimage"},"thumbnailUrl":"https:\/\/rafaramirez.org\/blog\/wp-content\/uploads\/2025\/08\/Dia-Internacional-de-la-juventud_bannerblog.jpg","datePublished":"2025-08-12T06:00:49+00:00","description":"El D\u00eda Internacional de la Juventud tiene sus ra\u00edces en varias resoluciones de la Asamblea General de la ONU. En 1965, la resoluci\u00f3n 2037...","breadcrumb":{"@id":"https:\/\/rafaramirez.org\/blog\/index.php\/2025\/08\/12\/dia-internacional-de-la-juventud-2025\/#breadcrumb"},"inLanguage":"es","potentialAction":[{"@type":"ReadAction","target":["https:\/\/rafaramirez.org\/blog\/index.php\/2025\/08\/12\/dia-internacional-de-la-juventud-2025\/"]}]},{"@type":"ImageObject","inLanguage":"es","@id":"https:\/\/rafaramirez.org\/blog\/index.php\/2025\/08\/12\/dia-internacional-de-la-juventud-2025\/#primaryimage","url":"https:\/\/rafaramirez.org\/blog\/wp-content\/uploads\/2025\/08\/Dia-Internacional-de-la-juventud_bannerblog.jpg","contentUrl":"https:\/\/rafaramirez.org\/blog\/wp-content\/uploads\/2025\/08\/Dia-Internacional-de-la-juventud_bannerblog.jpg","width":720,"height":440,"caption":"D\u00eda Internacional de la Juventud 2025. 12 de agosto. Blog de Rafael Ram\u00edrez."},{"@type":"BreadcrumbList","@id":"https:\/\/rafaramirez.org\/blog\/index.php\/2025\/08\/12\/dia-internacional-de-la-juventud-2025\/#breadcrumb","itemListElement":[{"@type":"ListItem","position":1,"name":"Portada","item":"https:\/\/rafaramirez.org\/blog\/"},{"@type":"ListItem","position":2,"name":"D\u00eda Internacional de la Juventud 2025, de sus ra\u00edces a las actividades globales."}]},{"@type":"WebSite","@id":"https:\/\/rafaramirez.org\/blog\/#website","url":"https:\/\/rafaramirez.org\/blog\/","name":"Blog de Rafael Ram\u00edrez","description":"Un sitio social, de arte y cultura","publisher":{"@id":"https:\/\/rafaramirez.org\/blog\/#\/schema\/person\/50f43b6d60c578760d4c17bda54ab6a5"},"potentialAction":[{"@type":"SearchAction","target":{"@type":"EntryPoint","urlTemplate":"https:\/\/rafaramirez.org\/blog\/?s={search_term_string}"},"query-input":{"@type":"PropertyValueSpecification","valueRequired":true,"valueName":"search_term_string"}}],"inLanguage":"es"},{"@type":["Person","Organization"],"@id":"https:\/\/rafaramirez.org\/blog\/#\/schema\/person\/50f43b6d60c578760d4c17bda54ab6a5","name":"Rafael Ram\u00edrez","image":{"@type":"ImageObject","inLanguage":"es","@id":"https:\/\/rafaramirez.org\/blog\/wp-content\/uploads\/2024\/09\/RR_socialnetwork.jpg","url":"https:\/\/rafaramirez.org\/blog\/wp-content\/uploads\/2024\/09\/RR_socialnetwork.jpg","contentUrl":"https:\/\/rafaramirez.org\/blog\/wp-content\/uploads\/2024\/09\/RR_socialnetwork.jpg","width":600,"height":606,"caption":"Rafael Ram\u00edrez"},"logo":{"@id":"https:\/\/rafaramirez.org\/blog\/wp-content\/uploads\/2024\/09\/RR_socialnetwork.jpg"},"sameAs":["https:\/\/www.rafaramirez.org\/blog","https:\/\/www.instagram.com\/rafaramirez_ok\/","https:\/\/es.pinterest.com\/Ramirez_Rafa\/","https:\/\/x.com\/rafaramirez_ok"],"url":"https:\/\/rafaramirez.org\/blog\/index.php\/author\/rafaell_qm6j97da\/"}]}},"jetpack_publicize_connections":[],"jetpack_sharing_enabled":true,"jetpack_likes_enabled":true,"jetpack_featured_media_url":"https:\/\/rafaramirez.org\/blog\/wp-content\/uploads\/2025\/08\/Dia-Internacional-de-la-juventud_bannerblog.jpg","_links":{"self":[{"href":"https:\/\/rafaramirez.org\/blog\/index.php\/wp-json\/wp\/v2\/posts\/10040","targetHints":{"allow":["GET"]}}],"collection":[{"href":"https:\/\/rafaramirez.org\/blog\/index.php\/wp-json\/wp\/v2\/posts"}],"about":[{"href":"https:\/\/rafaramirez.org\/blog\/index.php\/wp-json\/wp\/v2\/types\/post"}],"author":[{"embeddable":true,"href":"https:\/\/rafaramirez.org\/blog\/index.php\/wp-json\/wp\/v2\/users\/1"}],"replies":[{"embeddable":true,"href":"https:\/\/rafaramirez.org\/blog\/index.php\/wp-json\/wp\/v2\/comments?post=10040"}],"version-history":[{"count":4,"href":"https:\/\/rafaramirez.org\/blog\/index.php\/wp-json\/wp\/v2\/posts\/10040\/revisions"}],"predecessor-version":[{"id":10046,"href":"https:\/\/rafaramirez.org\/blog\/index.php\/wp-json\/wp\/v2\/posts\/10040\/revisions\/10046"}],"wp:featuredmedia":[{"embeddable":true,"href":"https:\/\/rafaramirez.org\/blog\/index.php\/wp-json\/wp\/v2\/media\/10044"}],"wp:attachment":[{"href":"https:\/\/rafaramirez.org\/blog\/index.php\/wp-json\/wp\/v2\/media?parent=10040"}],"wp:term":[{"taxonomy":"category","embeddable":true,"href":"https:\/\/rafaramirez.org\/blog\/index.php\/wp-json\/wp\/v2\/categories?post=10040"},{"taxonomy":"post_tag","embeddable":true,"href":"https:\/\/rafaramirez.org\/blog\/index.php\/wp-json\/wp\/v2\/tags?post=10040"}],"curies":[{"name":"wp","href":"https:\/\/api.w.org\/{rel}","templated":true}]}}