{"id":10033,"date":"2025-08-11T08:00:22","date_gmt":"2025-08-11T06:00:22","guid":{"rendered":"https:\/\/rafaramirez.org\/blog\/?p=10033"},"modified":"2026-03-18T11:39:34","modified_gmt":"2026-03-18T10:39:34","slug":"reflexiones-la-soledad-como-aliada-un-viaje-al-corazon-propio","status":"publish","type":"post","link":"https:\/\/rafaramirez.org\/blog\/index.php\/2025\/08\/11\/reflexiones-la-soledad-como-aliada-un-viaje-al-corazon-propio\/","title":{"rendered":"Reflexiones: La soledad como aliada, un viaje al coraz\u00f3n propio."},"content":{"rendered":"<p>En la orilla del silencio, la soledad se extiende como un mar en calma que asusta a quienes solo han navegado en aguas ruidosas. Tememos ese vasto espacio interior porque en \u00e9l no suena el eco de los dem\u00e1s; solo retumba el latido de nuestro propio ser. El temor no proviene tanto del vac\u00edo como del espejo que nos devuelve una imagen desnuda, sin disfraces ni distracciones. Por eso, a menudo huimos de la cercan\u00eda de nuestra propia compa\u00f1\u00eda, convencidos de que el ruido exterior es m\u00e1s amable que el di\u00e1logo \u00edntimo que palpita en nuestro pecho.<\/p>\n<p>La cultura contempor\u00e1nea celebra la sociabilidad constante: likes, mensajes, encuentros fugaces. Nos han vendido la idea de que estar desconectado equivale a perder relevancia, como si el valor de un alma dependiera de su visibilidad. En ese teatro, la soledad se convierte en un antagonista al que se\u00f1alamos con el dedo acusador, temiendo que caer en sus brazos sea sin\u00f3nimo de fracaso personal. Y sin embargo, huir de ella es negar la posibilidad de escucharnos.<\/p>\n<p>Cuando por fin nos quedamos solos, algo cambia: el ruido interno, adormecido, despierta. Surgen preguntas que antes call\u00e1bamos, emociones que cre\u00edmos enterradas y deseos que olvidamos en la prisa. En esa intimidad abrupta descubrimos que nuestras certezas son nubes pasajeras y que bajo ellas late un territorio f\u00e9rtil de preguntas genuinas. La soledad se revela entonces como pedagog\u00eda: nos ense\u00f1a a nombrar cada rinc\u00f3n de nuestro paisaje emocional.<\/p>\n<p>Al aprender a habitar ese espacio, la soledad deja de ser adversaria para convertirse en aliada. Es el taller donde tallamos nuestro car\u00e1cter, el espejo donde pulimos la sinceridad con la que nos hablamos. Entre susurros interiores florece un di\u00e1logo profundo, una conversaci\u00f3n sin prisas ni interrupciones. All\u00ed aprendemos a escucharnos sin juzgarnos, a aceptar nuestros pensamientos sin querer escapar de ellos.<\/p>\n<p>En la quietud, la creatividad se aviva. Las ideas cobran vida cuando no hay prisa por compartirlas, cuando la \u00fanica expectativa es la que surge de nuestro propio asombro. Es en la calma donde nacen el poema, la nota musical que no busca audiencia inmediata o la pintura que explora matices invisibles a la mirada compartida. La soledad, en su generosidad, nos otorga el tiempo necesario para germinar.<\/p>\n<p>Convertir la soledad en oportunidad exige un acto de valent\u00eda: custodiarla como un tesoro. No se trata de encierro, sino de cultivar un jard\u00edn interior donde florezcan sin miedo las dudas y los sue\u00f1os. Basta con elegir un instante al d\u00eda para escucharse: un paseo sin auriculares, una tarde sin notificaciones, un caf\u00e9 compartido solo con los propios pensamientos. En ese acto sencillo, reencuentras la voz que el ruido ajeno se empe\u00f1aba en acallar.<\/p>\n<p>Descubrimos as\u00ed que la soledad no es un enemigo, sino el espacio originario donde germina la autenticidad. Aprendemos a caminar despacio por sus pasillos y a disfrutar de su silencio, reconociendo en \u00e9l la posibilidad de un encuentro sincero con nosotros mismos. Porque, al final, la compa\u00f1\u00eda m\u00e1s fiel y reveladora es la que reside en el fondo de nuestro propio ser.<\/p>\n<p>Rafael Ram\u00edrez\u00a92025.<\/p>\n<figure id=\"attachment_10037\" aria-describedby=\"caption-attachment-10037\" style=\"width: 200px\" class=\"wp-caption aligncenter\"><a href=\"https:\/\/rafaramirez.org\/blog\/wp-content\/uploads\/2025\/08\/Reflexiones_la-soledd-como-aliada_1.jpg\" target=\"_blank\" rel=\"noopener\"><img loading=\"lazy\" decoding=\"async\" class=\"wp-image-10037 size-medium\" src=\"https:\/\/rafaramirez.org\/blog\/wp-content\/uploads\/2025\/08\/Reflexiones_la-soledd-como-aliada_1-200x300.jpg\" alt=\"Reflexiones: La soledad como aliada, un viaje al coraz\u00f3n propio. Blog de Rafael Ram\u00edrez. \" width=\"200\" height=\"300\" srcset=\"https:\/\/rafaramirez.org\/blog\/wp-content\/uploads\/2025\/08\/Reflexiones_la-soledd-como-aliada_1-200x300.jpg 200w, https:\/\/rafaramirez.org\/blog\/wp-content\/uploads\/2025\/08\/Reflexiones_la-soledd-como-aliada_1.jpg 567w\" sizes=\"auto, (max-width: 200px) 100vw, 200px\" \/><\/a><figcaption id=\"caption-attachment-10037\" class=\"wp-caption-text\">Reflexiones: La soledad como aliada, un viaje al coraz\u00f3n propio. Blog de Rafael Ram\u00edrez.<\/figcaption><\/figure>\n<ul>\n<li><a href=\"https:\/\/rafaramirez.org\/blog\/index.php\/category\/arte\/literatura\/\" target=\"_blank\" rel=\"noopener\">Otras reflexiones y lectura recomendada<\/a>.<\/li>\n<li><a href=\"https:\/\/es.pinterest.com\/Ramirez_Rafa\/\" target=\"_blank\" rel=\"noopener\">En Pinterest.<\/a><\/li>\n<\/ul>\n","protected":false},"excerpt":{"rendered":"<p>En la orilla del silencio, la soledad se extiende como un mar en calma que asusta a quienes solo han navegado en aguas ruidosas. Tememos ese vasto espacio interior porque en \u00e9l no suena el eco de los dem\u00e1s; solo retumba el latido de nuestro propio ser. El temor no proviene tanto del vac\u00edo como [&hellip;]<\/p>\n","protected":false},"author":1,"featured_media":10038,"comment_status":"open","ping_status":"closed","sticky":false,"template":"","format":"standard","meta":{"site-container-style":"default","site-container-layout":"default","site-sidebar-layout":"default","disable-article-header":"default","disable-site-header":"default","disable-site-footer":"default","disable-content-area-spacing":"default","_jetpack_newsletter_access":"","_jetpack_dont_email_post_to_subs":false,"_jetpack_newsletter_tier_id":0,"_jetpack_memberships_contains_paywalled_content":false,"_jetpack_feature_clip_id":0,"_jetpack_memberships_contains_paid_content":false,"footnotes":"","jetpack_publicize_message":"","jetpack_publicize_feature_enabled":true,"jetpack_social_post_already_shared":true,"jetpack_social_options":{"image_generator_settings":{"template":"highway","default_image_id":0,"font":"","enabled":false},"version":2},"jetpack_post_was_ever_published":false},"categories":[710],"tags":[4147,4150,4419,350,1796,1256,4146,4420],"class_list":["post-10033","post","type-post","status-publish","format-standard","has-post-thumbnail","hentry","category-literatura","tag-articulo-de-opinion","tag-articulo-de-rafael-ramirez","tag-la-soledad-como-aliada","tag-para-reflexionar","tag-reflexion-personal","tag-reflexion-sobre-la-vida","tag-reflexiones-de-rafael-ramirez","tag-un-viaje-al-corazon-propio"],"yoast_head":"<!-- This site is optimized with the Yoast SEO plugin v28.4 - https:\/\/yoast.com\/product\/yoast-seo-wordpress\/ -->\n<title>Reflexiones: La soledad como aliada, un viaje al coraz\u00f3n propio. - Blog de Rafael Ram\u00edrez<\/title>\n<meta name=\"description\" content=\"En la orilla del silencio, la soledad se extiende como un mar en calma que asusta a quienes solo han navegado en aguas ruidosas.\" \/>\n<meta name=\"robots\" content=\"index, follow, max-snippet:-1, max-image-preview:large, max-video-preview:-1\" \/>\n<link rel=\"canonical\" href=\"https:\/\/rafaramirez.org\/blog\/index.php\/2025\/08\/11\/reflexiones-la-soledad-como-aliada-un-viaje-al-corazon-propio\/\" \/>\n<meta property=\"og:locale\" content=\"es_ES\" \/>\n<meta property=\"og:type\" content=\"article\" \/>\n<meta property=\"og:title\" content=\"Reflexiones: La soledad como aliada, un viaje al coraz\u00f3n propio. - Blog de Rafael Ram\u00edrez\" \/>\n<meta property=\"og:description\" content=\"En la orilla del silencio, la soledad se extiende como un mar en calma que asusta a quienes solo han navegado en aguas ruidosas.\" \/>\n<meta property=\"og:url\" content=\"https:\/\/rafaramirez.org\/blog\/index.php\/2025\/08\/11\/reflexiones-la-soledad-como-aliada-un-viaje-al-corazon-propio\/\" \/>\n<meta property=\"og:site_name\" content=\"Blog de Rafael Ram\u00edrez\" \/>\n<meta property=\"article:published_time\" content=\"2025-08-11T06:00:22+00:00\" \/>\n<meta property=\"article:modified_time\" content=\"2026-03-18T10:39:34+00:00\" \/>\n<meta property=\"og:image\" content=\"https:\/\/rafaramirez.org\/blog\/wp-content\/uploads\/2025\/08\/Reflexiones_la-soledd-como-aliada_bannereblog.jpg\" \/>\n\t<meta property=\"og:image:width\" content=\"720\" \/>\n\t<meta property=\"og:image:height\" content=\"440\" \/>\n\t<meta property=\"og:image:type\" content=\"image\/jpeg\" \/>\n<meta name=\"author\" content=\"Rafael Ram\u00edrez\" \/>\n<meta name=\"twitter:card\" content=\"summary_large_image\" \/>\n<meta name=\"twitter:creator\" content=\"@rafaramirez_ok\" \/>\n<meta name=\"twitter:site\" content=\"@rafaramirez_ok\" \/>\n<meta name=\"twitter:label1\" content=\"Escrito por\" \/>\n\t<meta name=\"twitter:data1\" content=\"Rafael Ram\u00edrez\" \/>\n\t<meta name=\"twitter:label2\" content=\"Tiempo de lectura\" \/>\n\t<meta name=\"twitter:data2\" content=\"3 minutos\" \/>\n<script type=\"application\/ld+json\" class=\"yoast-schema-graph\">{\"@context\":\"https:\\\/\\\/schema.org\",\"@graph\":[{\"@type\":\"Article\",\"@id\":\"https:\\\/\\\/rafaramirez.org\\\/blog\\\/index.php\\\/2025\\\/08\\\/11\\\/reflexiones-la-soledad-como-aliada-un-viaje-al-corazon-propio\\\/#article\",\"isPartOf\":{\"@id\":\"https:\\\/\\\/rafaramirez.org\\\/blog\\\/index.php\\\/2025\\\/08\\\/11\\\/reflexiones-la-soledad-como-aliada-un-viaje-al-corazon-propio\\\/\"},\"author\":{\"name\":\"Rafael Ram\u00edrez\",\"@id\":\"https:\\\/\\\/rafaramirez.org\\\/blog\\\/#\\\/schema\\\/person\\\/50f43b6d60c578760d4c17bda54ab6a5\"},\"headline\":\"Reflexiones: La soledad como aliada, un viaje al coraz\u00f3n propio.\",\"datePublished\":\"2025-08-11T06:00:22+00:00\",\"dateModified\":\"2026-03-18T10:39:34+00:00\",\"mainEntityOfPage\":{\"@id\":\"https:\\\/\\\/rafaramirez.org\\\/blog\\\/index.php\\\/2025\\\/08\\\/11\\\/reflexiones-la-soledad-como-aliada-un-viaje-al-corazon-propio\\\/\"},\"wordCount\":575,\"commentCount\":0,\"publisher\":{\"@id\":\"https:\\\/\\\/rafaramirez.org\\\/blog\\\/#\\\/schema\\\/person\\\/50f43b6d60c578760d4c17bda54ab6a5\"},\"image\":{\"@id\":\"https:\\\/\\\/rafaramirez.org\\\/blog\\\/index.php\\\/2025\\\/08\\\/11\\\/reflexiones-la-soledad-como-aliada-un-viaje-al-corazon-propio\\\/#primaryimage\"},\"thumbnailUrl\":\"https:\\\/\\\/rafaramirez.org\\\/blog\\\/wp-content\\\/uploads\\\/2025\\\/08\\\/Reflexiones_la-soledd-como-aliada_bannereblog.jpg\",\"keywords\":[\"art\u00edculo de opini\u00f3n\",\"art\u00edculo de Rafael Ram\u00edrez\",\"La soledad como aliada\",\"para reflexionar\",\"reflexi\u00f3n personal\",\"Reflexi\u00f3n sobre la vida\",\"reflexiones de Rafael Ram\u00edrez\",\"un viaje al coraz\u00f3n propio.\"],\"articleSection\":[\"Literatura\"],\"inLanguage\":\"es\",\"potentialAction\":[{\"@type\":\"CommentAction\",\"name\":\"Comment\",\"target\":[\"https:\\\/\\\/rafaramirez.org\\\/blog\\\/index.php\\\/2025\\\/08\\\/11\\\/reflexiones-la-soledad-como-aliada-un-viaje-al-corazon-propio\\\/#respond\"]}]},{\"@type\":\"WebPage\",\"@id\":\"https:\\\/\\\/rafaramirez.org\\\/blog\\\/index.php\\\/2025\\\/08\\\/11\\\/reflexiones-la-soledad-como-aliada-un-viaje-al-corazon-propio\\\/\",\"url\":\"https:\\\/\\\/rafaramirez.org\\\/blog\\\/index.php\\\/2025\\\/08\\\/11\\\/reflexiones-la-soledad-como-aliada-un-viaje-al-corazon-propio\\\/\",\"name\":\"Reflexiones: La soledad como aliada, un viaje al coraz\u00f3n propio. - Blog de Rafael Ram\u00edrez\",\"isPartOf\":{\"@id\":\"https:\\\/\\\/rafaramirez.org\\\/blog\\\/#website\"},\"primaryImageOfPage\":{\"@id\":\"https:\\\/\\\/rafaramirez.org\\\/blog\\\/index.php\\\/2025\\\/08\\\/11\\\/reflexiones-la-soledad-como-aliada-un-viaje-al-corazon-propio\\\/#primaryimage\"},\"image\":{\"@id\":\"https:\\\/\\\/rafaramirez.org\\\/blog\\\/index.php\\\/2025\\\/08\\\/11\\\/reflexiones-la-soledad-como-aliada-un-viaje-al-corazon-propio\\\/#primaryimage\"},\"thumbnailUrl\":\"https:\\\/\\\/rafaramirez.org\\\/blog\\\/wp-content\\\/uploads\\\/2025\\\/08\\\/Reflexiones_la-soledd-como-aliada_bannereblog.jpg\",\"datePublished\":\"2025-08-11T06:00:22+00:00\",\"dateModified\":\"2026-03-18T10:39:34+00:00\",\"description\":\"En la orilla del silencio, la soledad se extiende como un mar en calma que asusta a quienes solo han navegado en aguas ruidosas.\",\"breadcrumb\":{\"@id\":\"https:\\\/\\\/rafaramirez.org\\\/blog\\\/index.php\\\/2025\\\/08\\\/11\\\/reflexiones-la-soledad-como-aliada-un-viaje-al-corazon-propio\\\/#breadcrumb\"},\"inLanguage\":\"es\",\"potentialAction\":[{\"@type\":\"ReadAction\",\"target\":[\"https:\\\/\\\/rafaramirez.org\\\/blog\\\/index.php\\\/2025\\\/08\\\/11\\\/reflexiones-la-soledad-como-aliada-un-viaje-al-corazon-propio\\\/\"]}]},{\"@type\":\"ImageObject\",\"inLanguage\":\"es\",\"@id\":\"https:\\\/\\\/rafaramirez.org\\\/blog\\\/index.php\\\/2025\\\/08\\\/11\\\/reflexiones-la-soledad-como-aliada-un-viaje-al-corazon-propio\\\/#primaryimage\",\"url\":\"https:\\\/\\\/rafaramirez.org\\\/blog\\\/wp-content\\\/uploads\\\/2025\\\/08\\\/Reflexiones_la-soledd-como-aliada_bannereblog.jpg\",\"contentUrl\":\"https:\\\/\\\/rafaramirez.org\\\/blog\\\/wp-content\\\/uploads\\\/2025\\\/08\\\/Reflexiones_la-soledd-como-aliada_bannereblog.jpg\",\"width\":720,\"height\":440,\"caption\":\"Reflexiones: La soledad como aliada, un viaje al coraz\u00f3n propio. Blog de Rafael Ram\u00edrez.\"},{\"@type\":\"BreadcrumbList\",\"@id\":\"https:\\\/\\\/rafaramirez.org\\\/blog\\\/index.php\\\/2025\\\/08\\\/11\\\/reflexiones-la-soledad-como-aliada-un-viaje-al-corazon-propio\\\/#breadcrumb\",\"itemListElement\":[{\"@type\":\"ListItem\",\"position\":1,\"name\":\"Portada\",\"item\":\"https:\\\/\\\/rafaramirez.org\\\/blog\\\/\"},{\"@type\":\"ListItem\",\"position\":2,\"name\":\"Reflexiones: La soledad como aliada, un viaje al coraz\u00f3n propio.\"}]},{\"@type\":\"WebSite\",\"@id\":\"https:\\\/\\\/rafaramirez.org\\\/blog\\\/#website\",\"url\":\"https:\\\/\\\/rafaramirez.org\\\/blog\\\/\",\"name\":\"Blog de Rafael Ram\u00edrez\",\"description\":\"Un sitio social, de arte y cultura\",\"publisher\":{\"@id\":\"https:\\\/\\\/rafaramirez.org\\\/blog\\\/#\\\/schema\\\/person\\\/50f43b6d60c578760d4c17bda54ab6a5\"},\"potentialAction\":[{\"@type\":\"SearchAction\",\"target\":{\"@type\":\"EntryPoint\",\"urlTemplate\":\"https:\\\/\\\/rafaramirez.org\\\/blog\\\/?s={search_term_string}\"},\"query-input\":{\"@type\":\"PropertyValueSpecification\",\"valueRequired\":true,\"valueName\":\"search_term_string\"}}],\"inLanguage\":\"es\"},{\"@type\":[\"Person\",\"Organization\"],\"@id\":\"https:\\\/\\\/rafaramirez.org\\\/blog\\\/#\\\/schema\\\/person\\\/50f43b6d60c578760d4c17bda54ab6a5\",\"name\":\"Rafael Ram\u00edrez\",\"image\":{\"@type\":\"ImageObject\",\"inLanguage\":\"es\",\"@id\":\"https:\\\/\\\/rafaramirez.org\\\/blog\\\/wp-content\\\/uploads\\\/2024\\\/09\\\/RR_socialnetwork.jpg\",\"url\":\"https:\\\/\\\/rafaramirez.org\\\/blog\\\/wp-content\\\/uploads\\\/2024\\\/09\\\/RR_socialnetwork.jpg\",\"contentUrl\":\"https:\\\/\\\/rafaramirez.org\\\/blog\\\/wp-content\\\/uploads\\\/2024\\\/09\\\/RR_socialnetwork.jpg\",\"width\":600,\"height\":606,\"caption\":\"Rafael Ram\u00edrez\"},\"logo\":{\"@id\":\"https:\\\/\\\/rafaramirez.org\\\/blog\\\/wp-content\\\/uploads\\\/2024\\\/09\\\/RR_socialnetwork.jpg\"},\"sameAs\":[\"https:\\\/\\\/www.rafaramirez.org\\\/blog\",\"https:\\\/\\\/www.instagram.com\\\/rafaramirez_ok\\\/\",\"https:\\\/\\\/es.pinterest.com\\\/Ramirez_Rafa\\\/\",\"https:\\\/\\\/x.com\\\/rafaramirez_ok\"],\"url\":\"https:\\\/\\\/rafaramirez.org\\\/blog\\\/index.php\\\/author\\\/rafaell_qm6j97da\\\/\"}]}<\/script>\n<!-- \/ Yoast SEO plugin. -->","yoast_head_json":{"title":"Reflexiones: La soledad como aliada, un viaje al coraz\u00f3n propio. - Blog de Rafael Ram\u00edrez","description":"En la orilla del silencio, la soledad se extiende como un mar en calma que asusta a quienes solo han navegado en aguas ruidosas.","robots":{"index":"index","follow":"follow","max-snippet":"max-snippet:-1","max-image-preview":"max-image-preview:large","max-video-preview":"max-video-preview:-1"},"canonical":"https:\/\/rafaramirez.org\/blog\/index.php\/2025\/08\/11\/reflexiones-la-soledad-como-aliada-un-viaje-al-corazon-propio\/","og_locale":"es_ES","og_type":"article","og_title":"Reflexiones: La soledad como aliada, un viaje al coraz\u00f3n propio. - Blog de Rafael Ram\u00edrez","og_description":"En la orilla del silencio, la soledad se extiende como un mar en calma que asusta a quienes solo han navegado en aguas ruidosas.","og_url":"https:\/\/rafaramirez.org\/blog\/index.php\/2025\/08\/11\/reflexiones-la-soledad-como-aliada-un-viaje-al-corazon-propio\/","og_site_name":"Blog de Rafael Ram\u00edrez","article_published_time":"2025-08-11T06:00:22+00:00","article_modified_time":"2026-03-18T10:39:34+00:00","og_image":[{"width":720,"height":440,"url":"https:\/\/rafaramirez.org\/blog\/wp-content\/uploads\/2025\/08\/Reflexiones_la-soledd-como-aliada_bannereblog.jpg","type":"image\/jpeg"}],"author":"Rafael Ram\u00edrez","twitter_card":"summary_large_image","twitter_creator":"@rafaramirez_ok","twitter_site":"@rafaramirez_ok","twitter_misc":{"Escrito por":"Rafael Ram\u00edrez","Tiempo de lectura":"3 minutos"},"schema":{"@context":"https:\/\/schema.org","@graph":[{"@type":"Article","@id":"https:\/\/rafaramirez.org\/blog\/index.php\/2025\/08\/11\/reflexiones-la-soledad-como-aliada-un-viaje-al-corazon-propio\/#article","isPartOf":{"@id":"https:\/\/rafaramirez.org\/blog\/index.php\/2025\/08\/11\/reflexiones-la-soledad-como-aliada-un-viaje-al-corazon-propio\/"},"author":{"name":"Rafael Ram\u00edrez","@id":"https:\/\/rafaramirez.org\/blog\/#\/schema\/person\/50f43b6d60c578760d4c17bda54ab6a5"},"headline":"Reflexiones: La soledad como aliada, un viaje al coraz\u00f3n propio.","datePublished":"2025-08-11T06:00:22+00:00","dateModified":"2026-03-18T10:39:34+00:00","mainEntityOfPage":{"@id":"https:\/\/rafaramirez.org\/blog\/index.php\/2025\/08\/11\/reflexiones-la-soledad-como-aliada-un-viaje-al-corazon-propio\/"},"wordCount":575,"commentCount":0,"publisher":{"@id":"https:\/\/rafaramirez.org\/blog\/#\/schema\/person\/50f43b6d60c578760d4c17bda54ab6a5"},"image":{"@id":"https:\/\/rafaramirez.org\/blog\/index.php\/2025\/08\/11\/reflexiones-la-soledad-como-aliada-un-viaje-al-corazon-propio\/#primaryimage"},"thumbnailUrl":"https:\/\/rafaramirez.org\/blog\/wp-content\/uploads\/2025\/08\/Reflexiones_la-soledd-como-aliada_bannereblog.jpg","keywords":["art\u00edculo de opini\u00f3n","art\u00edculo de Rafael Ram\u00edrez","La soledad como aliada","para reflexionar","reflexi\u00f3n personal","Reflexi\u00f3n sobre la vida","reflexiones de Rafael Ram\u00edrez","un viaje al coraz\u00f3n propio."],"articleSection":["Literatura"],"inLanguage":"es","potentialAction":[{"@type":"CommentAction","name":"Comment","target":["https:\/\/rafaramirez.org\/blog\/index.php\/2025\/08\/11\/reflexiones-la-soledad-como-aliada-un-viaje-al-corazon-propio\/#respond"]}]},{"@type":"WebPage","@id":"https:\/\/rafaramirez.org\/blog\/index.php\/2025\/08\/11\/reflexiones-la-soledad-como-aliada-un-viaje-al-corazon-propio\/","url":"https:\/\/rafaramirez.org\/blog\/index.php\/2025\/08\/11\/reflexiones-la-soledad-como-aliada-un-viaje-al-corazon-propio\/","name":"Reflexiones: La soledad como aliada, un viaje al coraz\u00f3n propio. - Blog de Rafael Ram\u00edrez","isPartOf":{"@id":"https:\/\/rafaramirez.org\/blog\/#website"},"primaryImageOfPage":{"@id":"https:\/\/rafaramirez.org\/blog\/index.php\/2025\/08\/11\/reflexiones-la-soledad-como-aliada-un-viaje-al-corazon-propio\/#primaryimage"},"image":{"@id":"https:\/\/rafaramirez.org\/blog\/index.php\/2025\/08\/11\/reflexiones-la-soledad-como-aliada-un-viaje-al-corazon-propio\/#primaryimage"},"thumbnailUrl":"https:\/\/rafaramirez.org\/blog\/wp-content\/uploads\/2025\/08\/Reflexiones_la-soledd-como-aliada_bannereblog.jpg","datePublished":"2025-08-11T06:00:22+00:00","dateModified":"2026-03-18T10:39:34+00:00","description":"En la orilla del silencio, la soledad se extiende como un mar en calma que asusta a quienes solo han navegado en aguas ruidosas.","breadcrumb":{"@id":"https:\/\/rafaramirez.org\/blog\/index.php\/2025\/08\/11\/reflexiones-la-soledad-como-aliada-un-viaje-al-corazon-propio\/#breadcrumb"},"inLanguage":"es","potentialAction":[{"@type":"ReadAction","target":["https:\/\/rafaramirez.org\/blog\/index.php\/2025\/08\/11\/reflexiones-la-soledad-como-aliada-un-viaje-al-corazon-propio\/"]}]},{"@type":"ImageObject","inLanguage":"es","@id":"https:\/\/rafaramirez.org\/blog\/index.php\/2025\/08\/11\/reflexiones-la-soledad-como-aliada-un-viaje-al-corazon-propio\/#primaryimage","url":"https:\/\/rafaramirez.org\/blog\/wp-content\/uploads\/2025\/08\/Reflexiones_la-soledd-como-aliada_bannereblog.jpg","contentUrl":"https:\/\/rafaramirez.org\/blog\/wp-content\/uploads\/2025\/08\/Reflexiones_la-soledd-como-aliada_bannereblog.jpg","width":720,"height":440,"caption":"Reflexiones: La soledad como aliada, un viaje al coraz\u00f3n propio. Blog de Rafael Ram\u00edrez."},{"@type":"BreadcrumbList","@id":"https:\/\/rafaramirez.org\/blog\/index.php\/2025\/08\/11\/reflexiones-la-soledad-como-aliada-un-viaje-al-corazon-propio\/#breadcrumb","itemListElement":[{"@type":"ListItem","position":1,"name":"Portada","item":"https:\/\/rafaramirez.org\/blog\/"},{"@type":"ListItem","position":2,"name":"Reflexiones: La soledad como aliada, un viaje al coraz\u00f3n propio."}]},{"@type":"WebSite","@id":"https:\/\/rafaramirez.org\/blog\/#website","url":"https:\/\/rafaramirez.org\/blog\/","name":"Blog de Rafael Ram\u00edrez","description":"Un sitio social, de arte y cultura","publisher":{"@id":"https:\/\/rafaramirez.org\/blog\/#\/schema\/person\/50f43b6d60c578760d4c17bda54ab6a5"},"potentialAction":[{"@type":"SearchAction","target":{"@type":"EntryPoint","urlTemplate":"https:\/\/rafaramirez.org\/blog\/?s={search_term_string}"},"query-input":{"@type":"PropertyValueSpecification","valueRequired":true,"valueName":"search_term_string"}}],"inLanguage":"es"},{"@type":["Person","Organization"],"@id":"https:\/\/rafaramirez.org\/blog\/#\/schema\/person\/50f43b6d60c578760d4c17bda54ab6a5","name":"Rafael Ram\u00edrez","image":{"@type":"ImageObject","inLanguage":"es","@id":"https:\/\/rafaramirez.org\/blog\/wp-content\/uploads\/2024\/09\/RR_socialnetwork.jpg","url":"https:\/\/rafaramirez.org\/blog\/wp-content\/uploads\/2024\/09\/RR_socialnetwork.jpg","contentUrl":"https:\/\/rafaramirez.org\/blog\/wp-content\/uploads\/2024\/09\/RR_socialnetwork.jpg","width":600,"height":606,"caption":"Rafael Ram\u00edrez"},"logo":{"@id":"https:\/\/rafaramirez.org\/blog\/wp-content\/uploads\/2024\/09\/RR_socialnetwork.jpg"},"sameAs":["https:\/\/www.rafaramirez.org\/blog","https:\/\/www.instagram.com\/rafaramirez_ok\/","https:\/\/es.pinterest.com\/Ramirez_Rafa\/","https:\/\/x.com\/rafaramirez_ok"],"url":"https:\/\/rafaramirez.org\/blog\/index.php\/author\/rafaell_qm6j97da\/"}]}},"jetpack_publicize_connections":[],"jetpack_sharing_enabled":true,"jetpack_likes_enabled":true,"jetpack_featured_media_url":"https:\/\/rafaramirez.org\/blog\/wp-content\/uploads\/2025\/08\/Reflexiones_la-soledd-como-aliada_bannereblog.jpg","_links":{"self":[{"href":"https:\/\/rafaramirez.org\/blog\/index.php\/wp-json\/wp\/v2\/posts\/10033","targetHints":{"allow":["GET"]}}],"collection":[{"href":"https:\/\/rafaramirez.org\/blog\/index.php\/wp-json\/wp\/v2\/posts"}],"about":[{"href":"https:\/\/rafaramirez.org\/blog\/index.php\/wp-json\/wp\/v2\/types\/post"}],"author":[{"embeddable":true,"href":"https:\/\/rafaramirez.org\/blog\/index.php\/wp-json\/wp\/v2\/users\/1"}],"replies":[{"embeddable":true,"href":"https:\/\/rafaramirez.org\/blog\/index.php\/wp-json\/wp\/v2\/comments?post=10033"}],"version-history":[{"count":5,"href":"https:\/\/rafaramirez.org\/blog\/index.php\/wp-json\/wp\/v2\/posts\/10033\/revisions"}],"predecessor-version":[{"id":12448,"href":"https:\/\/rafaramirez.org\/blog\/index.php\/wp-json\/wp\/v2\/posts\/10033\/revisions\/12448"}],"wp:featuredmedia":[{"embeddable":true,"href":"https:\/\/rafaramirez.org\/blog\/index.php\/wp-json\/wp\/v2\/media\/10038"}],"wp:attachment":[{"href":"https:\/\/rafaramirez.org\/blog\/index.php\/wp-json\/wp\/v2\/media?parent=10033"}],"wp:term":[{"taxonomy":"category","embeddable":true,"href":"https:\/\/rafaramirez.org\/blog\/index.php\/wp-json\/wp\/v2\/categories?post=10033"},{"taxonomy":"post_tag","embeddable":true,"href":"https:\/\/rafaramirez.org\/blog\/index.php\/wp-json\/wp\/v2\/tags?post=10033"}],"curies":[{"name":"wp","href":"https:\/\/api.w.org\/{rel}","templated":true}]}}